{"id":3742,"date":"2021-04-24T12:35:49","date_gmt":"2021-04-24T12:35:49","guid":{"rendered":"http:\/\/cordobanewsnet.wordpress.com\/?p=5372"},"modified":"2021-04-24T12:35:49","modified_gmt":"2021-04-24T12:35:49","slug":"murio-mario-meoni-ministro-de-transporte-de-la-nacion","status":"publish","type":"post","link":"http:\/\/nuevacordoba.net\/index.php\/2021\/04\/24\/murio-mario-meoni-ministro-de-transporte-de-la-nacion\/","title":{"rendered":"Muri\u00f3 Mario Meoni, Ministro de transporte de la Naci\u00f3n"},"content":{"rendered":"<div><img src=\"http:\/\/nuevacordoba.net\/wp-content\/uploads\/2021\/04\/murio-mario-meoni-ministro-de-transporte-de-la-nacion.jpg\" class=\"ff-og-image-inserted\"><\/div>\n<p>Fuentes oficiales indicaron que el velorio ser\u00e1 de de 10.30 a 12 en la casa velatoria Dos Reis, ubicada en Rivadavia 765, de la ciudad bonaerense de Jun\u00edn. <br \/>Participar\u00e1n familiares y allegados, limitados por protocolo Covid.luego del encuentro se proceder\u00e1 a dar inicio al cortejo f\u00fanebre, el cual pasar\u00e1 por el frente de la cancha de Sarmiento de Jun\u00edn y despu\u00e9s por la intendencia de la ciudad, dos de los lugares m\u00e1s representativos del ministro fallecido.<\/p>\n<p>Mario Meoni, titular de la cartera de Transporte de la Naci\u00f3n, dej\u00f3 de existir este viernes a la noche en el marco de un accidente de tr\u00e1nsito.<\/p>\n<p>El siniestro se registr\u00f3 en la ruta 7, a la altura del kil\u00f3metro 112, cerca de la localidad bonaerense de San Andr\u00e9s de Giles.<\/p>\n<p>Seg\u00fan informaron fuentes policiales, el accidente se produjo poco despu\u00e9s de las 22 al volcar el Ford Mondeo que conduc\u00eda.<\/p>\n<p>El auto, un veh\u00edculo oficial de la cartera, ten\u00eda la patente AE75940 y el accidente se produjo en el sentido San Andr\u00e9s de Giles, San Antonio de Areco.<\/p>\n<p>El ministro fallecido hab\u00eda acompa\u00f1ado por la tarde al presidente Alberto Fern\u00e1ndez a la tercera reuni\u00f3n del Gabinete Federal, celebrada en Rosario.<\/p>\n<p>\u201cAll\u00ed, junto al gobernador&nbsp;<em>@omarperotti<\/em>&nbsp;firmamos convenios para realizar 6 obras necesarias en la provincia con una inversi\u00f3n nacional de $918.639\u2033, expres\u00f3 el propio ministro en su cuenta de la red&nbsp;<em>Twitter<\/em>.<\/p>\n<div id=\"jp-post-flair\" class=\"sharedaddy sd-like-enabled sd-sharing-enabled\">\n<div class=\"sharedaddy sd-sharing-enabled\">\n<div class=\"robots-nocontent sd-block sd-social sd-social-icon-text sd-sharing\">\n<h3 class=\"sd-title\">Share this:<\/h3>\n<\/div>\n<\/div>\n<div class=\"sharedaddy sd-block sd-like jetpack-likes-widget-wrapper jetpack-likes-widget-unloaded\" id=\"like-post-wrapper-143108178-5372-6086c5f18d5f3\" data-src=\"\/\/widgets.wp.com\/likes\/index.html?ver=20210413#blog_id=143108178&amp;post_id=5372&amp;origin=cordobanewsnet.wordpress.com&amp;obj_id=143108178-5372-6086c5f18d5f3\" data-name=\"like-post-frame-143108178-5372-6086c5f18d5f3\">\n<h3 class=\"sd-title\">Me gusta esto:<\/h3>\n<p><span class=\"button\"><span>Me gusta<\/span><\/span> <span class=\"loading\">Cargando&#8230;<\/span><\/p>\n<p><span class=\"sd-text-color\"><\/span><\/div>\n<p><h3 class=\"jp-relatedposts-headline\"><em>Relacionado<\/em><\/h3>\n<\/p>\n<\/div>\n","protected":false},"excerpt":{"rendered":"<p>Fuentes oficiales indicaron que el velorio ser\u00e1 de de 10.30 a 12 en la casa velatoria Dos Reis, ubicada en Rivadavia 765, de la ciudad bonaerense de Jun\u00edn. Participar\u00e1n familiares y allegados, limitados por protocolo Covid.luego del encuentro se proceder\u00e1 a dar inicio al cortejo f\u00fanebre, el cual pasar\u00e1 por el frente de la cancha [&hellip;]<\/p>\n","protected":false},"author":1,"featured_media":3743,"comment_status":"closed","ping_status":"closed","sticky":false,"template":"","format":"standard","meta":[],"categories":[14],"tags":[],"_links":{"self":[{"href":"http:\/\/nuevacordoba.net\/index.php\/wp-json\/wp\/v2\/posts\/3742"}],"collection":[{"href":"http:\/\/nuevacordoba.net\/index.php\/wp-json\/wp\/v2\/posts"}],"about":[{"href":"http:\/\/nuevacordoba.net\/index.php\/wp-json\/wp\/v2\/types\/post"}],"author":[{"embeddable":true,"href":"http:\/\/nuevacordoba.net\/index.php\/wp-json\/wp\/v2\/users\/1"}],"replies":[{"embeddable":true,"href":"http:\/\/nuevacordoba.net\/index.php\/wp-json\/wp\/v2\/comments?post=3742"}],"version-history":[{"count":0,"href":"http:\/\/nuevacordoba.net\/index.php\/wp-json\/wp\/v2\/posts\/3742\/revisions"}],"wp:featuredmedia":[{"embeddable":true,"href":"http:\/\/nuevacordoba.net\/index.php\/wp-json\/wp\/v2\/media\/3743"}],"wp:attachment":[{"href":"http:\/\/nuevacordoba.net\/index.php\/wp-json\/wp\/v2\/media?parent=3742"}],"wp:term":[{"taxonomy":"category","embeddable":true,"href":"http:\/\/nuevacordoba.net\/index.php\/wp-json\/wp\/v2\/categories?post=3742"},{"taxonomy":"post_tag","embeddable":true,"href":"http:\/\/nuevacordoba.net\/index.php\/wp-json\/wp\/v2\/tags?post=3742"}],"curies":[{"name":"wp","href":"https:\/\/api.w.org\/{rel}","templated":true}]}}