{"id":3752,"date":"2021-04-26T22:26:51","date_gmt":"2021-04-26T22:26:51","guid":{"rendered":"http:\/\/estaciontrip.com.ar\/?p=5599"},"modified":"2021-04-26T22:26:51","modified_gmt":"2021-04-26T22:26:51","slug":"teatro-del-libertador-130-anos-de-cultura-y-distincion","status":"publish","type":"post","link":"http:\/\/nuevacordoba.net\/index.php\/2021\/04\/26\/teatro-del-libertador-130-anos-de-cultura-y-distincion\/","title":{"rendered":"Teatro del Libertador: 130 a\u00f1os de cultura y distinci\u00f3n"},"content":{"rendered":"<p><em>Naci\u00f3 sin nombre y se convirti\u00f3 en la identidad de la belle \u00e9poque. Es el coliseo en funcionamiento m\u00e1s antiguo del pa\u00eds. <\/em><\/p>\n<p><strong>(Por Patricia Veltri).-<\/strong><\/p>\n<p>El Teatro del Libertador San Mart\u00edn naci\u00f3 hace 130 a\u00f1os, concebido como majestuoso, se\u00f1orial, imponente, lujoso, sobrio pero sin nombre. Se lo construy\u00f3 copiando lo mejor de Europa. Es el coliseo en funcionamiento m\u00e1s antiguo de C\u00f3rdoba y del pa\u00eds, que a\u00fan se conserva tal como fue concebido.<\/p>\n<p>Se inaugur\u00f3 el 26 de abril de 1891 sin bautizar. Se lo llam\u00f3 con un nombre de hecho, haciendo referencia a su ubicaci\u00f3n: el <em>Teatro de la Calle Ancha<\/em>. Y se convirti\u00f3 en una se\u00f1a de identidad cultural de una \u00e9poca.<\/p>\n<div id=\"envira-gallery-wrap-5602\" class=\"envira-gallery-wrap envira-gallery-theme-base envira-lightbox-theme-base\" itemscope itemtype=\"https:\/\/schema.org\/ImageGallery\">\n<div data-row-height data-gallery-theme id=\"envira-gallery-5602\" class=\"envira-gallery-public envira-gallery-1-columns envira-clear enviratope envira-gallery-css-animations\" data-envira-columns=\"1\">\n<div id=\"envira-gallery-item-5603\" class=\"envira-gallery-item enviratope-item envira-gallery-item-1 envira-lazy-load\" itemscope itemtype=\"https:\/\/schema.org\/ImageObject\">\n<div class=\"envira-gallery-item-inner\"><a href=\"http:\/\/nuevacordoba.net\/wp-content\/uploads\/2021\/04\/teatro-del-libertador-130-anos-de-cultura-y-distincion-1.jpg\" class=\"envira-gallery-5602 envira-gallery-link\" rel=\"enviragallery5602\" title=\"Butacas de pana con pintura dorada\" data-envira-caption=\"Butacas de pana con pintura dorada\" data-envira-retina data-thumbnail itemprop=\"contentUrl\"><\/p>\n<div class=\"envira-lazy\" data-test-width=\"640\" data-test-height=\"480\"><img id=\"envira-gallery-image-5603\" class=\"envira-gallery-image envira-gallery-image-1\" data-envira-index=\"1\" src=\"http:\/\/nuevacordoba.net\/wp-content\/uploads\/2021\/04\/teatro-del-libertador-130-anos-de-cultura-y-distincion.jpg\" data-envira-src=\"http:\/\/nuevacordoba.net\/wp-content\/uploads\/2021\/04\/teatro-del-libertador-130-anos-de-cultura-y-distincion.jpg\" data-envira-gallery-id=\"5602\" data-envira-item-id=\"5603\" data-envira-caption=\"Butacas de pana con pintura dorada\" alt title=\"Butacas de pana con pintura dorada\" itemprop=\"thumbnailUrl\" data-envira-srcset=\"http:\/\/nuevacordoba.net\/wp-content\/uploads\/2021\/04\/teatro-del-libertador-130-anos-de-cultura-y-distincion.jpg 400w,http:\/\/nuevacordoba.net\/wp-content\/uploads\/2021\/04\/teatro-del-libertador-130-anos-de-cultura-y-distincion.jpg 2x\" srcset=\"data:image\/gif;base64,R0lGODlhAQABAIAAAP\/\/\/\/\/\/\/yH5BAEKAAEALAAAAAABAAEAAAICTAEAOw==\"><\/div>\n<p><\/a><\/div>\n<\/div>\n<\/div>\n<\/div>\n<p><noscript><img src=\"http:\/\/nuevacordoba.net\/wp-content\/uploads\/2021\/04\/teatro-del-libertador-130-anos-de-cultura-y-distincion-1.jpg\" alt><\/noscript> <\/p>\n<p>Quien se siente hoy frente al escenario, lo har\u00e1 en las mismas butacas de pana colorada con terminaciones doradas en madera tallada que lo hicieron personalidades encumbradas en el \u00e1mbito pol\u00edtico y cultural, y por supuesto, la aristocracia de la belle epoque.<\/p>\n<p>La iniciativa de levantar un teatro similar al de las grandes capitales europeas surgi\u00f3 del entonces ministro de Gobierno cordob\u00e9s, Ram\u00f3n Jos\u00e9 C\u00e1rcano, cuando s\u00f3lo ten\u00eda 27 a\u00f1os. Fue aprobado por el gobernador Ambrosio Olmos y el inicio de construcci\u00f3n no se hizo esperar.<\/p>\n<p>El arquitecto italiano Francesco Tamburini (el mismo que termin\u00f3 el dise\u00f1o de la Casa Rosada y traz\u00f3 los planos del Teatro Col\u00f3n) dise\u00f1\u00f3 el edificio, que ocupa una superficie de 3.640 metros cuadrados, inspirado en los teatros La Scala de Mil\u00e1n y la \u00d3pera de Par\u00eds.<\/p>\n<div id=\"envira-gallery-wrap-5604\" class=\"envira-gallery-wrap envira-gallery-theme-base envira-lightbox-theme-base\" itemscope itemtype=\"https:\/\/schema.org\/ImageGallery\">\n<div data-row-height data-gallery-theme id=\"envira-gallery-5604\" class=\"envira-gallery-public envira-gallery-1-columns envira-clear enviratope envira-gallery-css-animations\" data-envira-columns=\"1\">\n<div id=\"envira-gallery-item-5605\" class=\"envira-gallery-item enviratope-item envira-gallery-item-1 envira-lazy-load\" itemscope itemtype=\"https:\/\/schema.org\/ImageObject\">\n<div class=\"envira-gallery-item-inner\"><a href=\"http:\/\/nuevacordoba.net\/wp-content\/uploads\/2021\/04\/teatro-del-libertador-130-anos-de-cultura-y-distincion-3.jpg\" class=\"envira-gallery-5604 envira-gallery-link\" rel=\"enviragallery5604\" title=\"Majestuoso escenario de Teatro del Libertador\" data-envira-caption=\"Majestuoso escenario de Teatro del Libertador\" data-envira-retina data-thumbnail itemprop=\"contentUrl\"><\/p>\n<div class=\"envira-lazy\" data-test-width=\"640\" data-test-height=\"480\"><img id=\"envira-gallery-image-5605\" class=\"envira-gallery-image envira-gallery-image-1\" data-envira-index=\"1\" src=\"http:\/\/nuevacordoba.net\/wp-content\/uploads\/2021\/04\/teatro-del-libertador-130-anos-de-cultura-y-distincion-2.jpg\" data-envira-src=\"http:\/\/nuevacordoba.net\/wp-content\/uploads\/2021\/04\/teatro-del-libertador-130-anos-de-cultura-y-distincion-2.jpg\" data-envira-gallery-id=\"5604\" data-envira-item-id=\"5605\" data-envira-caption=\"Majestuoso escenario de Teatro del Libertador\" alt title=\"Majestuoso escenario de Teatro del Libertador\" itemprop=\"thumbnailUrl\" data-envira-srcset=\"http:\/\/nuevacordoba.net\/wp-content\/uploads\/2021\/04\/teatro-del-libertador-130-anos-de-cultura-y-distincion-2.jpg 400w,http:\/\/nuevacordoba.net\/wp-content\/uploads\/2021\/04\/teatro-del-libertador-130-anos-de-cultura-y-distincion-2.jpg 2x\" srcset=\"data:image\/gif;base64,R0lGODlhAQABAIAAAP\/\/\/\/\/\/\/yH5BAEKAAEALAAAAAABAAEAAAICTAEAOw==\"><\/div>\n<p><\/a><\/div>\n<\/div>\n<\/div>\n<\/div>\n<p><noscript><img src=\"http:\/\/nuevacordoba.net\/wp-content\/uploads\/2021\/04\/teatro-del-libertador-130-anos-de-cultura-y-distincion-3.jpg\" alt><\/noscript> <\/p>\n<p>La boca del escenario del coliseo cordob\u00e9s tiene un ancho de 13 metros y un tel\u00f3n tan pesado, que m\u00e1s de cien a\u00f1os despu\u00e9s nadie sab\u00eda c\u00f3mo se podr\u00eda desprender para lavarlo ni d\u00f3nde se har\u00eda tama\u00f1o menester. As\u00ed que s\u00f3lo se aspiraba el polvo. El alto es regulable, de 7 a 12 metros, y la profundidad del escenario es de 20 metros. La sala mayor tiene un aforo de 1.100 espectadores.<\/p>\n<div id=\"envira-gallery-wrap-5606\" class=\"envira-gallery-wrap envira-gallery-theme-base envira-lightbox-theme-base\" itemscope itemtype=\"https:\/\/schema.org\/ImageGallery\">\n<div data-row-height data-gallery-theme id=\"envira-gallery-5606\" class=\"envira-gallery-public envira-gallery-1-columns envira-clear enviratope envira-gallery-css-animations\" data-envira-columns=\"1\">\n<div id=\"envira-gallery-item-5607\" class=\"envira-gallery-item enviratope-item envira-gallery-item-1 envira-lazy-load\" itemscope itemtype=\"https:\/\/schema.org\/ImageObject\">\n<div class=\"envira-gallery-item-inner\"><a href=\"http:\/\/nuevacordoba.net\/wp-content\/uploads\/2021\/04\/teatro-del-libertador-130-anos-de-cultura-y-distincion-5.jpg\" class=\"envira-gallery-5606 envira-gallery-link\" rel=\"enviragallery5606\" title=\"Congreso de la Lengua CILE 2019\" data-envira-caption=\"Congreso de la Lengua CILE 2019\" data-envira-retina data-thumbnail itemprop=\"contentUrl\"><\/p>\n<div class=\"envira-lazy\" data-test-width=\"640\" data-test-height=\"480\"><img id=\"envira-gallery-image-5607\" class=\"envira-gallery-image envira-gallery-image-1\" data-envira-index=\"1\" src=\"http:\/\/nuevacordoba.net\/wp-content\/uploads\/2021\/04\/teatro-del-libertador-130-anos-de-cultura-y-distincion-4.jpg\" data-envira-src=\"http:\/\/nuevacordoba.net\/wp-content\/uploads\/2021\/04\/teatro-del-libertador-130-anos-de-cultura-y-distincion-4.jpg\" data-envira-gallery-id=\"5606\" data-envira-item-id=\"5607\" data-envira-caption=\"Congreso de la Lengua CILE 2019\" alt title=\"Congreso de la Lengua CILE 2019\" itemprop=\"thumbnailUrl\" data-envira-srcset=\"http:\/\/nuevacordoba.net\/wp-content\/uploads\/2021\/04\/teatro-del-libertador-130-anos-de-cultura-y-distincion-4.jpg 400w,http:\/\/nuevacordoba.net\/wp-content\/uploads\/2021\/04\/teatro-del-libertador-130-anos-de-cultura-y-distincion-4.jpg 2x\" srcset=\"data:image\/gif;base64,R0lGODlhAQABAIAAAP\/\/\/\/\/\/\/yH5BAEKAAEALAAAAAABAAEAAAICTAEAOw==\"><\/div>\n<p><\/a><\/div>\n<\/div>\n<\/div>\n<\/div>\n<p><noscript><img src=\"http:\/\/nuevacordoba.net\/wp-content\/uploads\/2021\/04\/teatro-del-libertador-130-anos-de-cultura-y-distincion-5.jpg\" alt><\/noscript> <\/p>\n<p>El Gobierno de C\u00f3rdoba llev\u00f3 adelante una puesta en valor, restauraci\u00f3n y actualizaci\u00f3n tecnol\u00f3gica del Teatro del Libertador General San Mart\u00edn, para recibir en marzo de 2019 al VIII Congreso Internacional de la Lengua Espa\u00f1ola. Se hizo una completa refacci\u00f3n edilicia, desde su fachada y hacia el interior, mejoras en el escenario, creaci\u00f3n de nuevos espacios destinados a actividades de extensi\u00f3n cultural, la instalaci\u00f3n de nueva luminaria y la renovaci\u00f3n del equipo de sonido. La obra requiri\u00f3 una inversi\u00f3n de 500 millones de pesos.<\/p>\n<p>El entonces gobernador de C\u00f3rdoba, Ambrosio Olmos, justific\u00f3 ante los legisladores el proyecto de construcci\u00f3n diciendo que \u201csatisface una exigencia p\u00fablica reclamada por el alto grado de cultura que nuestra ciudad alcanza, por su creciente progreso intelectual, por la poblaci\u00f3n que para operar su desarrollo integral necesita\u201d.<\/p>\n<p>Fue declarado Monumento Hist\u00f3rico Nacional en 1991.<\/p>\n<p>El edificio cuenta con dos espacios m\u00e1s, que sirven de escenario para la m\u00fasica de c\u00e1mara y el teatro: la Sala Luis de Tejeda y la Sala Rafael Grisol\u00eda. Tambi\u00e9n, alberga el Museo del Teatro y de la M\u00fasica Crist\u00f3bal de Aguilar (fundado en 1970).<\/p>\n<p>Pasando a trav\u00e9s de la terraza, est\u00e1 el taller de costura donde se cosen los vestuarios. El sector de utiler\u00eda guarda tesoros \u2013porque nada se tira, s\u00f3lo se recicla- y responde al pedido al listado del director de obra.<\/p>\n<p><strong>Culto versus popular<\/strong><\/p>\n<p>El teatro abriga un plantel de artistas que integran los cuerpos art\u00edsticos oficiales, conjuntos que dependen del Estado provincial. Ellos son el Ballet Oficial de la Provincia (creado en 1958), la Banda Sinf\u00f3nica de la Provincia (de mediados del Siglo XIX), la Orquesta Sinf\u00f3nica de C\u00f3rdoba (1932), y la Orquesta Provincial de M\u00fasica Ciudadana (1994). Adem\u00e1s de los coros de Coro de C\u00e1mara de la Provincia (1950), Polif\u00f3nico de C\u00f3rdoba (1956) y Polif\u00f3nico Delfino Quirici (1967).<\/p>\n<p>Cada temporada, los cuerpos art\u00edsticos nutren con sus actuaciones la cartelera anual, muchas veces con la participaci\u00f3n de solistas y directores de la escena nacional e internacional.<\/p>\n<p>Pero no todo es de elite cultural, tambi\u00e9n se le ha dado espacio a las expresiones art\u00edsticas populares. Cuesti\u00f3n que ha generado reticencias y posiciones encontradas.<\/p>\n<p>Por ejemplo, a principios de 1900, la intenci\u00f3n del empresario teatral Pedro Caraccio de producir una actuaci\u00f3n de la Compa\u00f1\u00eda de dramas criollos, provoc\u00f3 tal disgusto en la opini\u00f3n p\u00fablica, que el diario Los Principios public\u00f3: \u00abPodest\u00e1 en el Rivera Indarte es algo que repugna al gusto menos delicado. Llevar una compa\u00f1\u00eda de circo, m\u00e1s o menos perfeccionada, a profanar las tablas en las que se han interpretado las mejores obras de los genios teatrales, ser\u00eda un colmo\u00bb.<br \/>Era com\u00fan que algunas familias ocuparan el mismo palco, que se pod\u00edan comprar con los ciclos de abono.&nbsp;<\/p>\n<div id=\"envira-gallery-wrap-5608\" class=\"envira-gallery-wrap envira-gallery-theme-base envira-lightbox-theme-base\" itemscope itemtype=\"https:\/\/schema.org\/ImageGallery\">\n<div data-row-height data-gallery-theme id=\"envira-gallery-5608\" class=\"envira-gallery-public envira-gallery-1-columns envira-clear enviratope envira-gallery-css-animations\" data-envira-columns=\"1\">\n<div id=\"envira-gallery-item-5609\" class=\"envira-gallery-item enviratope-item envira-gallery-item-1 envira-lazy-load\" itemscope itemtype=\"https:\/\/schema.org\/ImageObject\">\n<div class=\"envira-gallery-item-inner\"><a href=\"http:\/\/nuevacordoba.net\/wp-content\/uploads\/2021\/04\/teatro-del-libertador-130-anos-de-cultura-y-distincion-7.jpg\" class=\"envira-gallery-5608 envira-gallery-link\" rel=\"enviragallery5608\" title=\"04a3832b-c315-4716-9233-fa7a24b8bc39\" data-envira-caption=\"04a3832b-c315-4716-9233-fa7a24b8bc39\" data-envira-retina data-thumbnail itemprop=\"contentUrl\"><\/p>\n<div class=\"envira-lazy\" data-test-width=\"640\" data-test-height=\"480\"><img id=\"envira-gallery-image-5609\" class=\"envira-gallery-image envira-gallery-image-1\" data-envira-index=\"1\" src=\"http:\/\/nuevacordoba.net\/wp-content\/uploads\/2021\/04\/teatro-del-libertador-130-anos-de-cultura-y-distincion-6.jpg\" data-envira-src=\"http:\/\/nuevacordoba.net\/wp-content\/uploads\/2021\/04\/teatro-del-libertador-130-anos-de-cultura-y-distincion-6.jpg\" data-envira-gallery-id=\"5608\" data-envira-item-id=\"5609\" data-envira-caption=\"04a3832b-c315-4716-9233-fa7a24b8bc39\" alt title=\"04a3832b-c315-4716-9233-fa7a24b8bc39\" itemprop=\"thumbnailUrl\" data-envira-srcset=\"http:\/\/nuevacordoba.net\/wp-content\/uploads\/2021\/04\/teatro-del-libertador-130-anos-de-cultura-y-distincion-6.jpg 400w,http:\/\/nuevacordoba.net\/wp-content\/uploads\/2021\/04\/teatro-del-libertador-130-anos-de-cultura-y-distincion-6.jpg 2x\" srcset=\"data:image\/gif;base64,R0lGODlhAQABAIAAAP\/\/\/\/\/\/\/yH5BAEKAAEALAAAAAABAAEAAAICTAEAOw==\"><\/div>\n<p><\/a><\/div>\n<\/div>\n<\/div>\n<\/div>\n<p><noscript><img src=\"http:\/\/nuevacordoba.net\/wp-content\/uploads\/2021\/04\/teatro-del-libertador-130-anos-de-cultura-y-distincion-7.jpg\" alt><\/noscript> <\/p>\n<p>El valor arquitect\u00f3nico se sumo al paisaje se\u00f1orial urbano de la C\u00f3rdoba doctoral de entonces, junto el Observatorio Nacional, la Academia Nacional de Ciencias, la nueva sede del Banco de C\u00f3rdoba, estaciones de ferrocarril y las Escuelas Normales.<\/p>\n<p>La fachada es monumental, de caracter\u00edsticas escenogr\u00e1ficas, y culmina con un grupo escult\u00f3rico.<\/p>\n<p>Originalmente ten\u00eda una instalaci\u00f3n de iluminaci\u00f3n a gas, el mobiliario fue tra\u00eddo de Europa, lo mismo que la exquisita decoraci\u00f3n que adorna la sala y los ambientes interiores.<\/p>\n<p>El artistas pl\u00e1stico Arturo Nembrini Gonzaga, nacido en Roma, adorn\u00f3 los ambientes interiores.<\/p>\n<p><strong>Historias de \u00e1nimas y fantasmas<\/strong><\/p>\n<p>Como teatro hist\u00f3rico que se precie, tiene sus historias de fantasmas y \u00e1nimas que lo habitan. La mayor\u00eda refieren a una dama engalanada.<\/p>\n<p>Un guardia sol\u00eda contar que una vez hab\u00eda entrado al ba\u00f1o de damas que est\u00e1 en el nivel del vest\u00edbulo, para ahorrarse unos pasos m\u00e1s hasta el ba\u00f1o de caballeros. Era una tarde de&nbsp;diciembre y la temporada ya hab\u00eda terminado. Mientras estaba all\u00ed percibi\u00f3 una presencia y crey\u00f3 que se trataba de una mujer. Cuando gir\u00f3 la cabeza avergonzado, vio la figura femenina, que llevaba puesto un vestido ancho oscuro&nbsp;y un sombrero adornado con flores que se esfum\u00f3 rumbo a la salida.<\/p>\n<p>La magia existe en la atm\u00f3sfera de la platea, los palcos y la tertulia. Para eso es el primer colosal monumento teatral, dedicado a las expresiones m\u00e1s sublimes.<\/p>\n","protected":false},"excerpt":{"rendered":"<p>Naci\u00f3 sin nombre y se convirti\u00f3 en la identidad de la belle \u00e9poque. Es el coliseo en funcionamiento m\u00e1s antiguo del pa\u00eds. (Por Patricia Veltri).- El Teatro del Libertador San Mart\u00edn naci\u00f3 hace 130 a\u00f1os, concebido como majestuoso, se\u00f1orial, imponente, lujoso, sobrio pero sin nombre. Se lo construy\u00f3 copiando lo mejor de Europa. Es el [&hellip;]<\/p>\n","protected":false},"author":1,"featured_media":3753,"comment_status":"closed","ping_status":"closed","sticky":false,"template":"","format":"standard","meta":[],"categories":[11],"tags":[],"_links":{"self":[{"href":"http:\/\/nuevacordoba.net\/index.php\/wp-json\/wp\/v2\/posts\/3752"}],"collection":[{"href":"http:\/\/nuevacordoba.net\/index.php\/wp-json\/wp\/v2\/posts"}],"about":[{"href":"http:\/\/nuevacordoba.net\/index.php\/wp-json\/wp\/v2\/types\/post"}],"author":[{"embeddable":true,"href":"http:\/\/nuevacordoba.net\/index.php\/wp-json\/wp\/v2\/users\/1"}],"replies":[{"embeddable":true,"href":"http:\/\/nuevacordoba.net\/index.php\/wp-json\/wp\/v2\/comments?post=3752"}],"version-history":[{"count":0,"href":"http:\/\/nuevacordoba.net\/index.php\/wp-json\/wp\/v2\/posts\/3752\/revisions"}],"wp:featuredmedia":[{"embeddable":true,"href":"http:\/\/nuevacordoba.net\/index.php\/wp-json\/wp\/v2\/media\/3753"}],"wp:attachment":[{"href":"http:\/\/nuevacordoba.net\/index.php\/wp-json\/wp\/v2\/media?parent=3752"}],"wp:term":[{"taxonomy":"category","embeddable":true,"href":"http:\/\/nuevacordoba.net\/index.php\/wp-json\/wp\/v2\/categories?post=3752"},{"taxonomy":"post_tag","embeddable":true,"href":"http:\/\/nuevacordoba.net\/index.php\/wp-json\/wp\/v2\/tags?post=3752"}],"curies":[{"name":"wp","href":"https:\/\/api.w.org\/{rel}","templated":true}]}}