{"id":3754,"date":"2021-04-27T02:22:05","date_gmt":"2021-04-27T02:22:05","guid":{"rendered":"http:\/\/nuevacordoba.net\/index.php\/2021\/04\/27\/la-scala-de-milan-reabrira-el-11-de-mayo-pero-con-publico-solamente-en-los-palcos\/"},"modified":"2021-04-27T02:22:05","modified_gmt":"2021-04-27T02:22:05","slug":"la-scala-de-milan-reabrira-el-11-de-mayo-pero-con-publico-solamente-en-los-palcos","status":"publish","type":"post","link":"http:\/\/nuevacordoba.net\/index.php\/2021\/04\/27\/la-scala-de-milan-reabrira-el-11-de-mayo-pero-con-publico-solamente-en-los-palcos\/","title":{"rendered":"La Scala de Mil\u00e1n reabrir\u00e1 el 11 de mayo pero con p\u00fablico solamente en los palcos"},"content":{"rendered":"<div class=\"image\" id=\"image\"> <img src=\"http:\/\/nuevacordoba.net\/wp-content\/uploads\/2021\/04\/la-scala-de-milan-reabrira-el-11-de-mayo-pero-con-publico-solamente-en-los-palcos.jpg\" alt=\"Scala: s\u00f3lo los palcos \" title=\"Scala: s\u00f3lo los palcos \"><\/p>\n<p>Scala: s\u00f3lo los palcos <\/p>\n<\/div>\n<p><strong>La \u00f3pera de La Scala de Mil\u00e1n volver\u00e1 a recibir p\u00fablico el 11 de mayo<\/strong>, tras meses de cierre por la pandemia de coronavirus, con un concierto dirigido por Riccardo Muti en el que <strong>los asistentes solo ocupar\u00e1n los palcos.<\/strong><\/p>\n<p>El director se pondr\u00e1 al frente de la Wiener Philarmoniker el 11 de mayo, aunque desde la prestigiosa sala, considerada un templo de la l\u00edrica mundial, <strong>se baraja la posibilidad de ofrecer otro espect\u00e1culo d\u00edas antes de la funci\u00f3n<\/strong> anunciada este lunes.<\/p>\n<p><strong>La del 11 de mayo es una fecha cargada de simbolismo<\/strong> y de deseo de recuperaci\u00f3n, <strong>pues fue aquel d\u00eda, pero de 1946, cuando una reconstruida Scala reabri\u00f3 sus puertas tras los bombardeos de la II Guerra Mundial<\/strong> con un concierto dirigido por Arturo Toscanini.<\/p>\n<p>Pero, adem\u00e1s, <strong>la instituci\u00f3n milanesa planifica un nuevo edificio con el que se ampliar\u00e1 su sede hist\u00f3rica en V\u00eda Verdi<\/strong> y del que hoy se coloc\u00f3 la primera piedra, en presencia de las autoridades locales y regionales. <\/p>\n","protected":false},"excerpt":{"rendered":"<p>Scala: s\u00f3lo los palcos La \u00f3pera de La Scala de Mil\u00e1n volver\u00e1 a recibir p\u00fablico el 11 de mayo, tras meses de cierre por la pandemia de coronavirus, con un concierto dirigido por Riccardo Muti en el que los asistentes solo ocupar\u00e1n los palcos. El director se pondr\u00e1 al frente de la Wiener Philarmoniker el [&hellip;]<\/p>\n","protected":false},"author":1,"featured_media":3755,"comment_status":"closed","ping_status":"closed","sticky":false,"template":"","format":"standard","meta":[],"categories":[9],"tags":[],"_links":{"self":[{"href":"http:\/\/nuevacordoba.net\/index.php\/wp-json\/wp\/v2\/posts\/3754"}],"collection":[{"href":"http:\/\/nuevacordoba.net\/index.php\/wp-json\/wp\/v2\/posts"}],"about":[{"href":"http:\/\/nuevacordoba.net\/index.php\/wp-json\/wp\/v2\/types\/post"}],"author":[{"embeddable":true,"href":"http:\/\/nuevacordoba.net\/index.php\/wp-json\/wp\/v2\/users\/1"}],"replies":[{"embeddable":true,"href":"http:\/\/nuevacordoba.net\/index.php\/wp-json\/wp\/v2\/comments?post=3754"}],"version-history":[{"count":0,"href":"http:\/\/nuevacordoba.net\/index.php\/wp-json\/wp\/v2\/posts\/3754\/revisions"}],"wp:featuredmedia":[{"embeddable":true,"href":"http:\/\/nuevacordoba.net\/index.php\/wp-json\/wp\/v2\/media\/3755"}],"wp:attachment":[{"href":"http:\/\/nuevacordoba.net\/index.php\/wp-json\/wp\/v2\/media?parent=3754"}],"wp:term":[{"taxonomy":"category","embeddable":true,"href":"http:\/\/nuevacordoba.net\/index.php\/wp-json\/wp\/v2\/categories?post=3754"},{"taxonomy":"post_tag","embeddable":true,"href":"http:\/\/nuevacordoba.net\/index.php\/wp-json\/wp\/v2\/tags?post=3754"}],"curies":[{"name":"wp","href":"https:\/\/api.w.org\/{rel}","templated":true}]}}