{"id":3764,"date":"2021-04-26T18:14:45","date_gmt":"2021-04-26T18:14:45","guid":{"rendered":"http:\/\/cordobanewsnet.wordpress.com\/?p=5395"},"modified":"2021-04-26T18:14:45","modified_gmt":"2021-04-26T18:14:45","slug":"juntos-por-el-cambio-consolida-la-unidad-del-espacio","status":"publish","type":"post","link":"http:\/\/nuevacordoba.net\/index.php\/2021\/04\/26\/juntos-por-el-cambio-consolida-la-unidad-del-espacio\/","title":{"rendered":"Juntos por el Cambio consolida la unidad del espacio"},"content":{"rendered":"<p><!-- \/featured-media --> <\/p>\n<div class=\"post-content clear\" readability=\"48.501356852103\">\n<p><em>Con el objetivo de consolidar el frente y prepararse para gobernar C\u00f3rdoba, se reunieron los presidentes de los cuatro partidos que integran la alianza en C\u00f3rdoba.<\/em><\/p>\n<p>Las fuerzas que integran la alianza Juntos para el Cambio en C\u00f3rdoba parecen decididas a llegar lo mejor armados que sea posible a las elecciones legislativas de este a\u00f1o, que tiene una primera parada en las Paso, previstas ahora para septiembre.<br \/>Con ese fin pol\u00edtico propuesto, se reunieron este lunes en Villa Belgrano los cuatro presidentes de los partidos que integran la alianza en C\u00f3rdoba, oportunidad en la que constituyeron la Mesa de Conducci\u00f3n del espacio, luego de analizar la situaci\u00f3n sanitaria, social y pol\u00edtica de la provincia y el contexto en el escenario nacional.<br \/>Marcos Carasso (UCR), Javier Pretto (PRO), Luis Juez (Frente C\u00edvico) y Gregorio Hern\u00e1ndez Maqueda (Coalici\u00f3n C\u00edvica ARI) coincidieron en que la unidad de Juntos por el Cambio es innegociable y ratificaron sus compromisos en trabajar para consolidar el frente de cara a las pr\u00f3ximas elecciones nacionales para diputados y senadores.<br \/>Al respecto, establecieron reunirse con regularidad, avanzar en el diagn\u00f3stico de la situaci\u00f3n sociopolitica de la provincia de C\u00f3rdoba y coordinar el trabajo de los equipos t\u00e9cnicos que propondr\u00e1n las pautas y herramientas pol\u00edticas a formular como propuesta a ofrecer a los cordobeses.<\/p>\n<p>Distrito C\u00f3rdoba<\/p>\n<figure class=\"wp-block-image size-large\"><img data-attachment-id=\"5397\" data-permalink=\"https:\/\/cordobanewsnet.wordpress.com\/2021\/04\/26\/juntos-por-el-cambio-consolida-la-unidad-del-espacio\/4b47669a-de0c-42ad-b709-c44ed28b3f8e\/\" data-orig-file=\"http:\/\/nuevacordoba.net\/wp-content\/uploads\/2021\/04\/juntos-por-el-cambio-consolida-la-unidad-del-espacio-4.jpg\" data-orig-size=\"1280,731\" data-comments-opened=\"1\" data-image-meta=\"{&quot;aperture&quot;:&quot;0&quot;,&quot;credit&quot;:&quot;&quot;,&quot;camera&quot;:&quot;&quot;,&quot;caption&quot;:&quot;&quot;,&quot;created_timestamp&quot;:&quot;0&quot;,&quot;copyright&quot;:&quot;&quot;,&quot;focal_length&quot;:&quot;0&quot;,&quot;iso&quot;:&quot;0&quot;,&quot;shutter_speed&quot;:&quot;0&quot;,&quot;title&quot;:&quot;&quot;,&quot;orientation&quot;:&quot;0&quot;}\" data-image-title=\"4B47669A-DE0C-42AD-B709-C44ED28B3F8E\" data-image-description data-medium-file=\"http:\/\/nuevacordoba.net\/wp-content\/uploads\/2021\/04\/juntos-por-el-cambio-consolida-la-unidad-del-espacio-2.jpg\" data-large-file=\"http:\/\/nuevacordoba.net\/wp-content\/uploads\/2021\/04\/juntos-por-el-cambio-consolida-la-unidad-del-espacio-4.jpg?w=736\" src=\"http:\/\/nuevacordoba.net\/wp-content\/uploads\/2021\/04\/juntos-por-el-cambio-consolida-la-unidad-del-espacio.jpg\" alt class=\"wp-image-5397\" srcset=\"http:\/\/nuevacordoba.net\/wp-content\/uploads\/2021\/04\/juntos-por-el-cambio-consolida-la-unidad-del-espacio.jpg 1024w, http:\/\/nuevacordoba.net\/wp-content\/uploads\/2021\/04\/juntos-por-el-cambio-consolida-la-unidad-del-espacio-1.jpg 150w, http:\/\/nuevacordoba.net\/wp-content\/uploads\/2021\/04\/juntos-por-el-cambio-consolida-la-unidad-del-espacio-2.jpg 300w, http:\/\/nuevacordoba.net\/wp-content\/uploads\/2021\/04\/juntos-por-el-cambio-consolida-la-unidad-del-espacio-3.jpg 768w, http:\/\/nuevacordoba.net\/wp-content\/uploads\/2021\/04\/juntos-por-el-cambio-consolida-la-unidad-del-espacio-4.jpg 1280w\" sizes=\"(max-width: 1024px) 100vw, 1024px\"><\/figure>\n<div id=\"jp-post-flair\" class=\"sharedaddy sd-like-enabled sd-sharing-enabled\">\n<div class=\"sharedaddy sd-sharing-enabled\">\n<div class=\"robots-nocontent sd-block sd-social sd-social-icon-text sd-sharing\">\n<h3 class=\"sd-title\">Share this:<\/h3>\n<\/div>\n<\/div>\n<div class=\"sharedaddy sd-block sd-like jetpack-likes-widget-wrapper jetpack-likes-widget-unloaded\" id=\"like-post-wrapper-143108178-5395-6087b0d0f157f\" data-src=\"\/\/widgets.wp.com\/likes\/index.html?ver=20210413#blog_id=143108178&amp;post_id=5395&amp;origin=cordobanewsnet.wordpress.com&amp;obj_id=143108178-5395-6087b0d0f157f\" data-name=\"like-post-frame-143108178-5395-6087b0d0f157f\">\n<h3 class=\"sd-title\">Me gusta esto:<\/h3>\n<p><span class=\"button\"><span>Me gusta<\/span><\/span> <span class=\"loading\">Cargando&#8230;<\/span><\/p>\n<p><span class=\"sd-text-color\"><\/span><\/div>\n<p><h3 class=\"jp-relatedposts-headline\"><em>Relacionado<\/em><\/h3>\n<\/p>\n<\/div><\/div>\n<p><!--\/.post-content--> <\/p>\n<footer class=\"post-meta-container clear\" readability=\"0.41509433962264\">\n<div class=\"entry-author author-avatar-show\" readability=\"13.114754098361\">\n<div class=\"author-avatar\"> <img loading=\"lazy\" alt src=\"http:\/\/nuevacordoba.net\/wp-content\/uploads\/2021\/04\/juntos-por-el-cambio-consolida-la-unidad-del-espacio.png\" class=\"avatar avatar-90\" height=\"90\" width=\"90\"> <\/div>\n<p><!-- .author-avatar --> <\/p>\n<p><h2 class=\"author-title\">Publicado por <span class=\"author-name\">Redacci\u00f3n<\/span><\/h2>\n<\/p>\n<p><!-- .author-heading --> <\/p>\n<p class=\"author-bio\"> <a class=\"author-link\" href=\"https:\/\/cordobanewsnet.wordpress.com\/author\/prettomatias\/\" rel=\"author\"> Ver todas las entradas de Redacci\u00f3n <\/a> <\/p>\n<p><!-- .author-bio --> <\/div>\n<p><!-- .entry-auhtor --> <\/footer>\n<p> <!-- \/post-meta-container --> <!-- #respond --> <\/p>\n","protected":false},"excerpt":{"rendered":"<p>Con el objetivo de consolidar el frente y prepararse para gobernar C\u00f3rdoba, se reunieron los presidentes de los cuatro partidos que integran la alianza en C\u00f3rdoba. Las fuerzas que integran la alianza Juntos para el Cambio en C\u00f3rdoba parecen decididas a llegar lo mejor armados que sea posible a las elecciones legislativas de este a\u00f1o, [&hellip;]<\/p>\n","protected":false},"author":1,"featured_media":3765,"comment_status":"closed","ping_status":"closed","sticky":false,"template":"","format":"standard","meta":[],"categories":[14],"tags":[],"_links":{"self":[{"href":"http:\/\/nuevacordoba.net\/index.php\/wp-json\/wp\/v2\/posts\/3764"}],"collection":[{"href":"http:\/\/nuevacordoba.net\/index.php\/wp-json\/wp\/v2\/posts"}],"about":[{"href":"http:\/\/nuevacordoba.net\/index.php\/wp-json\/wp\/v2\/types\/post"}],"author":[{"embeddable":true,"href":"http:\/\/nuevacordoba.net\/index.php\/wp-json\/wp\/v2\/users\/1"}],"replies":[{"embeddable":true,"href":"http:\/\/nuevacordoba.net\/index.php\/wp-json\/wp\/v2\/comments?post=3764"}],"version-history":[{"count":0,"href":"http:\/\/nuevacordoba.net\/index.php\/wp-json\/wp\/v2\/posts\/3764\/revisions"}],"wp:featuredmedia":[{"embeddable":true,"href":"http:\/\/nuevacordoba.net\/index.php\/wp-json\/wp\/v2\/media\/3765"}],"wp:attachment":[{"href":"http:\/\/nuevacordoba.net\/index.php\/wp-json\/wp\/v2\/media?parent=3764"}],"wp:term":[{"taxonomy":"category","embeddable":true,"href":"http:\/\/nuevacordoba.net\/index.php\/wp-json\/wp\/v2\/categories?post=3764"},{"taxonomy":"post_tag","embeddable":true,"href":"http:\/\/nuevacordoba.net\/index.php\/wp-json\/wp\/v2\/tags?post=3764"}],"curies":[{"name":"wp","href":"https:\/\/api.w.org\/{rel}","templated":true}]}}