{"id":3768,"date":"2021-04-27T11:30:53","date_gmt":"2021-04-27T11:30:53","guid":{"rendered":"http:\/\/nuevacordoba.net\/index.php\/2021\/04\/27\/arsenal-buscara-su-primera-victoria-en-la-copa-sudamericana-ante-ceara\/"},"modified":"2021-04-27T11:30:53","modified_gmt":"2021-04-27T11:30:53","slug":"arsenal-buscara-su-primera-victoria-en-la-copa-sudamericana-ante-ceara","status":"publish","type":"post","link":"http:\/\/nuevacordoba.net\/index.php\/2021\/04\/27\/arsenal-buscara-su-primera-victoria-en-la-copa-sudamericana-ante-ceara\/","title":{"rendered":"Arsenal buscar\u00e1 su primera victoria en la Copa Sudamericana ante Cear\u00e1"},"content":{"rendered":"<div class=\"image\" id=\"image\" readability=\"7\"> <img src=\"http:\/\/nuevacordoba.net\/wp-content\/uploads\/2021\/04\/arsenal-buscara-su-primera-victoria-en-la-copa-sudamericana-ante-ceara.jpg\" alt=\"El equipo de Rondina va por el triunfo\" title=\"El equipo de Rondina va por el triunfo\"><\/p>\n<p>El equipo de Rondina va por el triunfo<\/p>\n<\/div>\n<p>Arsenal recibir\u00e1 este martes a Cear\u00e1, de Brasil, por la segunda fecha de la Copa Sudamericana, en busca de su primera victoria luego del debut con derrota en la altura de La Paz ante Bol\u00edvar.<\/p>\n<p>El partido v\u00e1lido por el Grupo C se jugar\u00e1 a partir de las 21.30 en el estadio Julio Humberto Grondona, con el paraguayo Jos\u00e9 M\u00e9ndez como \u00e1rbitro, y ser\u00e1 televisado por DirecTV Sports y ESPN 3.<\/p>\n<p>El conjunto del Viaducto tendr\u00e1 su estreno como local en la edici\u00f3n 2021 de la Copa Sudamericana luego del traspi\u00e9 en la altura de La Paz contra Bol\u00edvar por 2-1 de la semana pasada.<\/p>\n<p>El equipo de Sergio Rondina viene de sumar su tercera victoria seguida en la Copa de la Liga Profesional tras derrotar a Defensa y Justicia (1-0) en Florencio Varela con una formaci\u00f3n alternativa.<\/p>\n<p>Cear\u00e1 vive un presente hist\u00f3rico ya que debut\u00f3 en un torneo internacional con una victoria 3-1 sobre Jorge Wilstermann, de Bolivia, que lo dej\u00f3 primero en el grupo y ahora disputar\u00e1 su primer partido oficial fuera de Brasil.<\/p>\n<p>El club de Fortaleza tambi\u00e9n clasific\u00f3 a la final de la Copa del Nordeste donde enfrentar\u00e1 a Bah\u00eda, rival de Independiente en el grupo B de la Copa Sudamericana.<\/p>\n","protected":false},"excerpt":{"rendered":"<p>El equipo de Rondina va por el triunfo Arsenal recibir\u00e1 este martes a Cear\u00e1, de Brasil, por la segunda fecha de la Copa Sudamericana, en busca de su primera victoria luego del debut con derrota en la altura de La Paz ante Bol\u00edvar. El partido v\u00e1lido por el Grupo C se jugar\u00e1 a partir de [&hellip;]<\/p>\n","protected":false},"author":1,"featured_media":3769,"comment_status":"closed","ping_status":"closed","sticky":false,"template":"","format":"standard","meta":[],"categories":[10],"tags":[],"_links":{"self":[{"href":"http:\/\/nuevacordoba.net\/index.php\/wp-json\/wp\/v2\/posts\/3768"}],"collection":[{"href":"http:\/\/nuevacordoba.net\/index.php\/wp-json\/wp\/v2\/posts"}],"about":[{"href":"http:\/\/nuevacordoba.net\/index.php\/wp-json\/wp\/v2\/types\/post"}],"author":[{"embeddable":true,"href":"http:\/\/nuevacordoba.net\/index.php\/wp-json\/wp\/v2\/users\/1"}],"replies":[{"embeddable":true,"href":"http:\/\/nuevacordoba.net\/index.php\/wp-json\/wp\/v2\/comments?post=3768"}],"version-history":[{"count":0,"href":"http:\/\/nuevacordoba.net\/index.php\/wp-json\/wp\/v2\/posts\/3768\/revisions"}],"wp:featuredmedia":[{"embeddable":true,"href":"http:\/\/nuevacordoba.net\/index.php\/wp-json\/wp\/v2\/media\/3769"}],"wp:attachment":[{"href":"http:\/\/nuevacordoba.net\/index.php\/wp-json\/wp\/v2\/media?parent=3768"}],"wp:term":[{"taxonomy":"category","embeddable":true,"href":"http:\/\/nuevacordoba.net\/index.php\/wp-json\/wp\/v2\/categories?post=3768"},{"taxonomy":"post_tag","embeddable":true,"href":"http:\/\/nuevacordoba.net\/index.php\/wp-json\/wp\/v2\/tags?post=3768"}],"curies":[{"name":"wp","href":"https:\/\/api.w.org\/{rel}","templated":true}]}}