{"id":37940,"date":"2023-10-23T01:45:07","date_gmt":"2023-10-23T01:45:07","guid":{"rendered":"https:\/\/puntoapunto.com.ar\/?p=352152"},"modified":"2023-10-23T01:45:07","modified_gmt":"2023-10-23T01:45:07","slug":"elecciones-milei-le-gano-a-schiaretti-en-cordoba-y-cada-uno-tendra-3-diputados","status":"publish","type":"post","link":"http:\/\/nuevacordoba.net\/index.php\/2023\/10\/23\/elecciones-milei-le-gano-a-schiaretti-en-cordoba-y-cada-uno-tendra-3-diputados\/","title":{"rendered":"Elecciones: Milei le gan\u00f3 a Schiaretti en C\u00f3rdoba y cada uno tendr\u00e1 3 diputados"},"content":{"rendered":"<div class=\"g g-36\">\n<div class=\"g-dyn a-29 c-1\"><a class=\"gofollow\" data-track=\"MjksMzYsMSw2MA==\" href=\"https:\/\/www.harmoniechateau.com.ar\/\" target=\"_blank\" rel=\"noopener\"><img class=\"lazyload\" src=\"http:\/\/nuevacordoba.net\/wp-content\/uploads\/2023\/10\/elecciones-milei-le-gano-a-schiaretti-en-cordoba-y-cada-uno-tendra-3-diputados.jpg\"><\/a><\/div>\n<\/div>\n<p>&nbsp;\n<\/p>\n<p><strong>Por Redacci\u00f3n Perfil C\u00f3rdoba<\/strong>. Javier Milei, el candidato de La Libertad Avanza, repiti\u00f3 el resultado de las primarias en estas elecciones generales consiguiendo el 33.57% de los votos, frente al gobernador Juan Schiarretti que sum\u00f3 dos puntos y alcanz\u00f3 el 29,06%\n<\/p>\n<p><strong>Los dirigentes provinciales se sent\u00edan optimistas con respecto a la performance del mandatario y reconocieron que alcanzaron la intenci\u00f3n de m\u00ednima: conseguir tres diputados en el congreso.&nbsp;<\/strong>\n<\/p>\n<p>La tercera fuerza en C\u00f3rdoba es Juntos por el Cambio, que cay\u00f3&nbsp;en cantidad de votos. Ahora super\u00f3 el 22%, contra el 25% en las primarias.\n<\/p>\n<p>El dato es el crecimiento del ministro de Econom\u00eda Sergio Massa, que obtuvo 13,34%, cinco puntos m\u00e1s que en agosto. Quiz\u00e1s una leve diferencia que ayud\u00f3 al resultado de las generales. El candidato no recorri\u00f3 la provincia durante el \u00faltimo mes, pero la falta de campa\u00f1a presencial no evit\u00f3 que mejorar su performance.<\/p>\n<p><img loading=\"lazy\" decoding=\"async\" alt=\".\" width=\"728\" height=\"500\" class=\"lazyload\" src=\"http:\/\/nuevacordoba.net\/wp-content\/uploads\/2023\/10\/elecciones-milei-le-gano-a-schiaretti-en-cordoba-y-cada-uno-tendra-3-diputados-1.jpg\">\n<\/p>\n<h2>El discurso del gobernador y candidato a presidente<\/h2>\n<p>Sin marcar la preferencia entre Javier Milei y Sergio Massa, casi al finalizar de su discurso decidi\u00f3 mandar un mensaje a los contendientes que debatir\u00e1n el balotaje. \u00abQuiero&nbsp;felicitar a los dos contendientes\u00bb.\n<\/p>\n<p>El mandatario cordob\u00e9s comenz\u00f2 su discurso cerca de las 22 reconociendo a Sonia Torres, la \u00faltima abuela de Plaza de Mayo fallecida el viernes pasado y por quien el gobernador sent\u00eda un gran afecto.\n<\/p>\n<p>\u00ab<strong>Quiero agradecer a los cordobeses que nos permiten pasar de un diputado a tres diputados.<\/strong>&nbsp;Gracias a todos y todas los cordobeses por el apoyo hacia nuestra coalici\u00f3n. Fuimos la fuerza del interior productivo\u00bb, expres\u00f3 Juan Schiaretti.\n<\/p>\n<p>A los seguidores, que se nuclearon en el sal\u00f3n Quorum, el gobernador les dijo que su fuerza logr\u00f3 poner al \u00abfederalismo en la discusi\u00f3n nacional\u00bb. Enumer\u00f3 las obras que est\u00e1n faltando en el pa\u00eds que prometi\u00f3 acompa\u00f1ar con sus representantes. Tambi\u00e9n adelant\u00f3 que luchar\u00e1 para el precio del boleto de transporte sea m\u00e1s equitativo, al igual que las empresas de servicios de energ\u00eda \u00abque las bancamos entre todos los argentinos\u00bb.\n<\/p>\n<p>\u00abContinuaremos luchando para tener un pa\u00eds normal\u00bb, indic\u00f3 el gobernador. \u00abEsa pelea de David contra Goliat, que nos permiti\u00f3 aumentar el n\u00famero de apoyo en la Patria. Nadie tendr\u00e1 una fuerza mayoritaria y ah\u00ed estaremos nosotros para plantear la equidad en la Argentina\u00bb, concluy\u00f3.\n<\/p>\n<h2>Los Diputados Cordobeses que entrar\u00edan al Congreso<\/h2>\n<p><strong>La Libertad Avanza<\/strong>\n<\/p>\n<p>\u2013 Celeste Ponce\n<\/p>\n<p>\u2013 Gabriel Bornoroni\n<\/p>\n<p>\u2013 Mar\u00eda Cecilia Iba\u00f1ez\n<\/p>\n<p><strong>Hacemos Unidos por Nuestro Pa\u00eds<\/strong>\n<\/p>\n<p>\u2013 Carlos Guti\u00e9rrez\n<\/p>\n<p>\u2013 Alejandra Torres\n<\/p>\n<p>\u2013 Juan Br\u00fcgge\n<\/p>\n<p><strong>Juntos por el Cambio<\/strong>\n<\/p>\n<p>\u2013 Luis Picat\n<\/p>\n<p>\u2013 Bel\u00e9n Avico\n<\/p>\n<p><strong>Uni\u00f3n por la Patria<\/strong>\n<\/p>\n<p>\u2013 Gabriela Est\u00e9vez\n<\/p>\n<div class=\"g g-38\">\n<div class=\"g-dyn a-12 c-1\"><a class=\"gofollow\" data-track=\"MTIsMzgsMSw2MA==\" href=\"https:\/\/hospitalprivado.com.ar\/landing-trasplante.html\" target=\"_blank\" rel=\"noopener\"><img class=\"lazyload\" src=\"http:\/\/nuevacordoba.net\/wp-content\/uploads\/2023\/10\/elecciones-milei-le-gano-a-schiaretti-en-cordoba-y-cada-uno-tendra-3-diputados.gif\"><\/a><\/div>\n<\/div>\n","protected":false},"excerpt":{"rendered":"<p>&nbsp; Por Redacci\u00f3n Perfil C\u00f3rdoba. Javier Milei, el candidato de La Libertad Avanza, repiti\u00f3 el resultado de las primarias en estas elecciones generales consiguiendo el 33.57% de los votos, frente al gobernador Juan Schiarretti que sum\u00f3 dos puntos y alcanz\u00f3 el 29,06% Los dirigentes provinciales se sent\u00edan optimistas con respecto a la performance del mandatario [&hellip;]<\/p>\n","protected":false},"author":1,"featured_media":37941,"comment_status":"open","ping_status":"closed","sticky":false,"template":"","format":"standard","meta":[],"categories":[12,14],"tags":[],"_links":{"self":[{"href":"http:\/\/nuevacordoba.net\/index.php\/wp-json\/wp\/v2\/posts\/37940"}],"collection":[{"href":"http:\/\/nuevacordoba.net\/index.php\/wp-json\/wp\/v2\/posts"}],"about":[{"href":"http:\/\/nuevacordoba.net\/index.php\/wp-json\/wp\/v2\/types\/post"}],"author":[{"embeddable":true,"href":"http:\/\/nuevacordoba.net\/index.php\/wp-json\/wp\/v2\/users\/1"}],"replies":[{"embeddable":true,"href":"http:\/\/nuevacordoba.net\/index.php\/wp-json\/wp\/v2\/comments?post=37940"}],"version-history":[{"count":0,"href":"http:\/\/nuevacordoba.net\/index.php\/wp-json\/wp\/v2\/posts\/37940\/revisions"}],"wp:featuredmedia":[{"embeddable":true,"href":"http:\/\/nuevacordoba.net\/index.php\/wp-json\/wp\/v2\/media\/37941"}],"wp:attachment":[{"href":"http:\/\/nuevacordoba.net\/index.php\/wp-json\/wp\/v2\/media?parent=37940"}],"wp:term":[{"taxonomy":"category","embeddable":true,"href":"http:\/\/nuevacordoba.net\/index.php\/wp-json\/wp\/v2\/categories?post=37940"},{"taxonomy":"post_tag","embeddable":true,"href":"http:\/\/nuevacordoba.net\/index.php\/wp-json\/wp\/v2\/tags?post=37940"}],"curies":[{"name":"wp","href":"https:\/\/api.w.org\/{rel}","templated":true}]}}