{"id":38047,"date":"2023-10-25T20:48:37","date_gmt":"2023-10-25T20:48:37","guid":{"rendered":"http:\/\/nuevacordoba.net\/index.php\/2023\/10\/25\/macron-cree-que-la-ofensiva-israeli-en-gaza-seria-un-error\/"},"modified":"2023-10-25T20:48:37","modified_gmt":"2023-10-25T20:48:37","slug":"macron-cree-que-la-ofensiva-israeli-en-gaza-seria-un-error","status":"publish","type":"post","link":"http:\/\/nuevacordoba.net\/index.php\/2023\/10\/25\/macron-cree-que-la-ofensiva-israeli-en-gaza-seria-un-error\/","title":{"rendered":"Macron cree que la ofensiva israel\u00ed en Gaza \u00abser\u00eda un error\u00bb"},"content":{"rendered":"<figure class=\"mb-3\"><img loading=\"lazy\" data-src=\"http:\/\/nuevacordoba.net\/wp-content\/uploads\/2023\/10\/macron-cree-que-la-ofensiva-israeli-en-gaza-seria-un-error.jpg\" src=\"https:\/\/www.telam.com.ar\/assets\/img\/not_image.png\" class=\" lazy \" width=\"100%\" height=\"100%\" alt=\"Foto X EmmanuelMacron\"><figcaption> Foto X: @EmmanuelMacron <\/figcaption><\/figure>\n<p>El presidente de Francia, Emmanuel Macron, consider\u00f3 este mi\u00e9rcoles que una operaci\u00f3n terrestre \u00abmasiva\u00bb de Israel en Gaza ser\u00eda un \u00aberror\u00bb porque <strong>pondr\u00eda \u00aben peligro la vida\u00bb de civiles \u00absin proteger a Israel a largo plazo\u00bb<\/strong>, en declaraciones desde Egipto, donde anunci\u00f3 adem\u00e1s que su pa\u00eds enviar\u00e1 ayuda a la Franja de Gaza.<\/p>\n<p>\u00abSi es una intervenci\u00f3n masiva que pone en peligro la vida de la poblaci\u00f3n civil, pienso que es un error (&#8230;) y tambi\u00e9n porque no proteger\u00eda a Israel a largo plazo y ser\u00eda incompatible (&#8230;) con el derecho internacional e incluso con las leyes de la guerra\u00bb, declar\u00f3 Macron tras reunirse con el presidente egipcio, Abdel Fatah al Sisi.<\/p>\n<p>Durante una comparecencia junto a su hom\u00f3logo egipcio, el mandatario franc\u00e9s dijo que <strong>un buque de la Armada francesa zarpar\u00e1 esta semana con suministros para los hospitales de la Franja de Gaza<\/strong>, donde cree que la ayuda deber\u00eda poder entrar \u00absin restricciones\u00bb ante la delicada situaci\u00f3n humanitaria que afronta la poblaci\u00f3n civil, en medio de los bombardeos y el bloqueo del enclave palestino por parte de Israel, en respuesta al ataque de Hamas del 7 de octubre.<\/p>\n<blockquote class=\"twitter-tweet\" readability=\"8.5789473684211\">\n<p lang=\"fr\" dir=\"ltr\">La situation des h\u00f4pitaux de Gaza est critique. L\u2019acc\u00e8s \u00e0 l&#8217;\u00e9lectricit\u00e9 doit \u00eatre r\u00e9tabli en urgence.<\/p>\n<p>J&#8217;ai d\u00e9cid\u00e9 de nouveaux financements pour l&#8217;h\u00f4pital jordanien de Gaza et le d\u00e9ploiement d&#8217;un navire de notre Marine nationale et d&#8217;avions pour acheminer l\u2019aide humanitaire.<\/p>\n<p>\u2014 Emmanuel Macron (@EmmanuelMacron) <a href=\"https:\/\/twitter.com\/EmmanuelMacron\/status\/1717246720747143367?ref_src=twsrc%5Etfw\">October 25, 2023<\/a><\/p><\/blockquote>\n<p>Par\u00eds \u00abest\u00e1 movilizado para responder a las necesidades urgentes de los palestinos. Acceso a la electricidad, en particular para hospitales, acceso a agua y ayuda alimentaria\u00bb, tuite\u00f3 sobre el tema.<\/p>\n<p><a href=\"https:\/\/www.telam.com.ar\/notas\/202310\/644242-macron-israel-hamas.html\" target=\"_blank\" rel=\"noopener\">Macron, que en los \u00faltimos d\u00edas se reuni\u00f3 con otros l\u00edderes regionales, entre ellos el primer ministro de Israel, Benjamin Netanyahu, y el presidente de la Autoridad Palestina, Mahmud Abbas<\/a>, celebr\u00f3 el papel de Egipto en la reapertura del paso de Rafah, el \u00fanico cruce fronterizo de la Franja que no est\u00e1 controlado por Israel, pero se\u00f1al\u00f3 que \u00abla situaci\u00f3n es cr\u00edtica\u00bb.<\/p>\n<p>Macron llam\u00f3 a respetar en cualquier contexto a los civiles, alegando que \u00abFrancia no practica un doble rasero\u00bb y que \u00abel derecho internacional se aplica a todo el mundo\u00bb, en un mensaje velado tanto a las fuerzas israel\u00edes como a los milicianos palestinos.<\/p>\n<p><strong>\u00abTodas las vidas importan, no hay jerarqu\u00eda\u00bb, subray\u00f3.<\/strong><\/p>\n<p>Tambi\u00e9n Al Sisi conden\u00f3 cualquier acci\u00f3n que afecte a civiles, enfatizando acto seguido que se estaba refiriendo a \u00abtodos los civiles\u00bb.<\/p>\n<p>El presidente egipcio, que teme que el actual conflicto pueda contagiarse a otras zonas de la regi\u00f3n o incluso escalar a nivel mundial, reclam\u00f3 la liberaci\u00f3n de todos los rehenes.<\/p>\n<p>En cuanto a la ofensiva terrestre planteada por las autoridades de Israel, <strong>Al Sisi advirti\u00f3 que puede desencadenar \u00abun gran n\u00famero de v\u00edctimas\u00bb entre la poblaci\u00f3n civil.<\/strong><\/p>\n<p>En el marco de su gira regional, <strong>el mandatario franc\u00e9s fue recibido previamente por el rey Abdullah II de Jordania<\/strong> en el Palacio Real de Am\u00e1n.<\/p>\n<p>All\u00ed, el monarca jordano le traslad\u00f3 la \u00ababsoluta necesidad\u00bb de detener la guerra en la Franja de Gaza para evitar \u00abuna explosi\u00f3n\u00bb en la regi\u00f3n.<\/p>\n<blockquote class=\"twitter-tweet\" readability=\"7.9558011049724\">\n<p lang=\"fr\" dir=\"ltr\">Une paix juste et durable est possible au Proche-Orient. La France agit contre le terrorisme, pour la protection des civils et pour que les aspirations l\u00e9gitimes des Isra\u00e9liens comme des Palestiniens soient prises en compte. La Jordanie est un partenaire essentiel sur ce chemin. <a href=\"https:\/\/t.co\/vFVZEJEHRd\">pic.twitter.com\/vFVZEJEHRd<\/a><\/p>\n<p>\u2014 Emmanuel Macron (@EmmanuelMacron) <a href=\"https:\/\/twitter.com\/EmmanuelMacron\/status\/1717174073770340621?ref_src=twsrc%5Etfw\">October 25, 2023<\/a><\/p><\/blockquote>\n<p><strong>Abdullah II indic\u00f3 que el mundo debe actuar \u00abinmediatamente\u00bb para detener la guerra<\/strong> y \u00abponer fin al ciclo de violencia a trav\u00e9s de un horizonte pol\u00edtico que ponga fin al conflicto palestino-israel\u00ed\u00bb, y expres\u00f3 que la soluci\u00f3n debe \u00abgarantizar la seguridad\u00bb y \u00ablograr una paz justa y exhaustiva a trav\u00e9s de la soluci\u00f3n de los dos Estados\u00bb, seg\u00fan un comunicado publicado por la Casa Real jordana en su p\u00e1gina web tras el encuentro, recogido por la agencia de noticias Europa Press.<\/p>\n<p>Por ello, <strong>el monarca pidi\u00f3 a la comunidad internacional que \u00abpresione urgentemente\u00bb a Israel <\/strong>para \u00abdetener la guerra, proteger a los civiles y poner fin al cerco contra la Franja de Gaza\u00bb, al tiempo que alert\u00f3 una vez m\u00e1s sobre el ahondamiento de la crisis humanitaria en el enclave palestino.<\/p>\n<p>El rey jordano insisti\u00f3 en la importancia de lograr la entrega de ayuda humanitaria a la Franja y reiter\u00f3 su rechazo a \u00abcualquier intento\u00bb de desplazar a los palestinos de Gaza, ya sea dentro del enclave o hacia los pa\u00edses vecinos, algo que en el pasado describi\u00f3 como \u00abuna &#8216;l\u00ednea roja'\u00bb.<\/p>\n<p>Las autoridades de la Franja, controlada por Hamas, confirmaron hasta ahora la<strong> muerte de m\u00e1s de 6.500 palestinos a causa de los bombardeos israel\u00edes contra Gaza<\/strong> tras los ataques del 7 de octubre del movimiento islamista palestino, que dejaron cerca de 1.400 muertos en Israel.<\/p>\n<p>Adem\u00e1s, la Autoridad Palestina denunci\u00f3 m\u00e1s de un centenar de muertos en Cisjordania. <\/p>\n","protected":false},"excerpt":{"rendered":"<p>Foto X: @EmmanuelMacron El presidente de Francia, Emmanuel Macron, consider\u00f3 este mi\u00e9rcoles que una operaci\u00f3n terrestre \u00abmasiva\u00bb de Israel en Gaza ser\u00eda un \u00aberror\u00bb porque pondr\u00eda \u00aben peligro la vida\u00bb de civiles \u00absin proteger a Israel a largo plazo\u00bb, en declaraciones desde Egipto, donde anunci\u00f3 adem\u00e1s que su pa\u00eds enviar\u00e1 ayuda a la Franja de [&hellip;]<\/p>\n","protected":false},"author":1,"featured_media":38048,"comment_status":"closed","ping_status":"closed","sticky":false,"template":"","format":"standard","meta":[],"categories":[13],"tags":[],"_links":{"self":[{"href":"http:\/\/nuevacordoba.net\/index.php\/wp-json\/wp\/v2\/posts\/38047"}],"collection":[{"href":"http:\/\/nuevacordoba.net\/index.php\/wp-json\/wp\/v2\/posts"}],"about":[{"href":"http:\/\/nuevacordoba.net\/index.php\/wp-json\/wp\/v2\/types\/post"}],"author":[{"embeddable":true,"href":"http:\/\/nuevacordoba.net\/index.php\/wp-json\/wp\/v2\/users\/1"}],"replies":[{"embeddable":true,"href":"http:\/\/nuevacordoba.net\/index.php\/wp-json\/wp\/v2\/comments?post=38047"}],"version-history":[{"count":0,"href":"http:\/\/nuevacordoba.net\/index.php\/wp-json\/wp\/v2\/posts\/38047\/revisions"}],"wp:featuredmedia":[{"embeddable":true,"href":"http:\/\/nuevacordoba.net\/index.php\/wp-json\/wp\/v2\/media\/38048"}],"wp:attachment":[{"href":"http:\/\/nuevacordoba.net\/index.php\/wp-json\/wp\/v2\/media?parent=38047"}],"wp:term":[{"taxonomy":"category","embeddable":true,"href":"http:\/\/nuevacordoba.net\/index.php\/wp-json\/wp\/v2\/categories?post=38047"},{"taxonomy":"post_tag","embeddable":true,"href":"http:\/\/nuevacordoba.net\/index.php\/wp-json\/wp\/v2\/tags?post=38047"}],"curies":[{"name":"wp","href":"https:\/\/api.w.org\/{rel}","templated":true}]}}