{"id":3832,"date":"2021-04-27T12:05:21","date_gmt":"2021-04-27T12:05:21","guid":{"rendered":"http:\/\/cordobanewsnet.wordpress.com\/?p=5399"},"modified":"2021-04-27T12:05:21","modified_gmt":"2021-04-27T12:05:21","slug":"el-gobierno-y-especialistas-analizan-nuevas-restricciones-en-amba","status":"publish","type":"post","link":"http:\/\/nuevacordoba.net\/index.php\/2021\/04\/27\/el-gobierno-y-especialistas-analizan-nuevas-restricciones-en-amba\/","title":{"rendered":"El Gobierno y especialistas analizan nuevas restricciones en AMBA"},"content":{"rendered":"<p>El encuentro se dio en momentos en que tanto el Gobierno nacional como el de la provincia de Buenos Aires y el de la Ciudad no descartan la aplicaci\u00f3n de nuevas restricciones ante el avance de la segunda ola.<\/p>\n<p>Los expertos mostraron \u201cmucha preocupaci\u00f3n\u201d y pidieron \u201cm\u00e1s fiscalizaci\u00f3n\u201d. En ese sentido, fueron elocuentes en precisar que consideran que no es momento de relajar ninguna medida.&nbsp;<\/p>\n<p>Coincidieron que el sistema de salud \u201cest\u00e1 saturado y su personal estresado\u201d. Tambi\u00e9n manifestaron una tensi\u00f3n en el sistema de UTI, problemas para conseguir ox\u00edgeno y hasta en algunos casos plantearon la preocupaci\u00f3n por estar cerca el momento de tener que elegir a qu\u00e9 pacientes poder ingresa<\/p>\n<p>En cuanto a las clases, algunos especialistas consideraron que se debe volver a la virtualidad total, mientras que otros defendieron la presencialidad en las aulas.<\/p>\n<figure class=\"wp-block-image\"><img src=\"http:\/\/nuevacordoba.net\/wp-content\/uploads\/2021\/04\/el-gobierno-y-especialistas-analizan-nuevas-restricciones-en-amba-1.jpg\" alt><\/figure>\n<p>Por el lado del Gobierno, informaron que Mendoza pidi\u00f3 respiradores, que Entre R\u00edos est\u00e1 trasladando a los internados en terapia intensiva a Rosario y que la situaci\u00f3n epidemiol\u00f3gica de Santa Fe capital \u201ces complicada\u201d.<\/p>\n<p>El pr\u00f3ximo viernes se vence el decreto de necesidad y urgencia (DNU) que limit\u00f3 actividades sociales, culturales y deportivas, adem\u00e1s de las clases presenciales en el \u00c1rea Metropolitana de Buenos Aires (AMBA) por la marcada suba de contagios.<\/p>\n<p>Por estas horas el Gobierno nacional eval\u00faa la posibilidad de aplicar nuevas restricciones debido a la preocupaci\u00f3n que genera el crecimiento de la ocupaci\u00f3n de camas de terapia intensiva, que ronda el 80% en el AMBA.<\/p>\n<div id=\"jp-post-flair\" class=\"sharedaddy sd-like-enabled sd-sharing-enabled\">\n<div class=\"sharedaddy sd-sharing-enabled\">\n<div class=\"robots-nocontent sd-block sd-social sd-social-icon-text sd-sharing\">\n<h3 class=\"sd-title\">Share this:<\/h3>\n<\/div>\n<\/div>\n<div class=\"sharedaddy sd-block sd-like jetpack-likes-widget-wrapper jetpack-likes-widget-unloaded\" id=\"like-post-wrapper-143108178-5399-60898296ae4fe\" data-src=\"\/\/widgets.wp.com\/likes\/index.html?ver=20210413#blog_id=143108178&amp;post_id=5399&amp;origin=cordobanewsnet.wordpress.com&amp;obj_id=143108178-5399-60898296ae4fe\" data-name=\"like-post-frame-143108178-5399-60898296ae4fe\">\n<h3 class=\"sd-title\">Me gusta esto:<\/h3>\n<p><span class=\"button\"><span>Me gusta<\/span><\/span> <span class=\"loading\">Cargando&#8230;<\/span><\/p>\n<p><span class=\"sd-text-color\"><\/span><\/div>\n<p><h3 class=\"jp-relatedposts-headline\"><em>Relacionado<\/em><\/h3>\n<\/p>\n<\/div>\n","protected":false},"excerpt":{"rendered":"<p>El encuentro se dio en momentos en que tanto el Gobierno nacional como el de la provincia de Buenos Aires y el de la Ciudad no descartan la aplicaci\u00f3n de nuevas restricciones ante el avance de la segunda ola. Los expertos mostraron \u201cmucha preocupaci\u00f3n\u201d y pidieron \u201cm\u00e1s fiscalizaci\u00f3n\u201d. En ese sentido, fueron elocuentes en precisar [&hellip;]<\/p>\n","protected":false},"author":1,"featured_media":3833,"comment_status":"closed","ping_status":"closed","sticky":false,"template":"","format":"standard","meta":[],"categories":[14],"tags":[],"_links":{"self":[{"href":"http:\/\/nuevacordoba.net\/index.php\/wp-json\/wp\/v2\/posts\/3832"}],"collection":[{"href":"http:\/\/nuevacordoba.net\/index.php\/wp-json\/wp\/v2\/posts"}],"about":[{"href":"http:\/\/nuevacordoba.net\/index.php\/wp-json\/wp\/v2\/types\/post"}],"author":[{"embeddable":true,"href":"http:\/\/nuevacordoba.net\/index.php\/wp-json\/wp\/v2\/users\/1"}],"replies":[{"embeddable":true,"href":"http:\/\/nuevacordoba.net\/index.php\/wp-json\/wp\/v2\/comments?post=3832"}],"version-history":[{"count":0,"href":"http:\/\/nuevacordoba.net\/index.php\/wp-json\/wp\/v2\/posts\/3832\/revisions"}],"wp:featuredmedia":[{"embeddable":true,"href":"http:\/\/nuevacordoba.net\/index.php\/wp-json\/wp\/v2\/media\/3833"}],"wp:attachment":[{"href":"http:\/\/nuevacordoba.net\/index.php\/wp-json\/wp\/v2\/media?parent=3832"}],"wp:term":[{"taxonomy":"category","embeddable":true,"href":"http:\/\/nuevacordoba.net\/index.php\/wp-json\/wp\/v2\/categories?post=3832"},{"taxonomy":"post_tag","embeddable":true,"href":"http:\/\/nuevacordoba.net\/index.php\/wp-json\/wp\/v2\/tags?post=3832"}],"curies":[{"name":"wp","href":"https:\/\/api.w.org\/{rel}","templated":true}]}}