{"id":38372,"date":"2023-11-04T03:35:06","date_gmt":"2023-11-04T03:35:06","guid":{"rendered":"http:\/\/nuevacordoba.net\/index.php\/2023\/11\/04\/buenas-propuestas-en-el-inicio-de-las-competencias-del-festival-de-cine-de-mar-del-plata\/"},"modified":"2023-11-04T03:35:06","modified_gmt":"2023-11-04T03:35:06","slug":"buenas-propuestas-en-el-inicio-de-las-competencias-del-festival-de-cine-de-mar-del-plata","status":"publish","type":"post","link":"http:\/\/nuevacordoba.net\/index.php\/2023\/11\/04\/buenas-propuestas-en-el-inicio-de-las-competencias-del-festival-de-cine-de-mar-del-plata\/","title":{"rendered":"Buenas propuestas en el inicio de las competencias del Festival de Cine de Mar del Plata"},"content":{"rendered":"<figure class=\"mb-3\"><img loading=\"lazy\" data-src=\"http:\/\/nuevacordoba.net\/wp-content\/uploads\/2023\/11\/buenas-propuestas-en-el-inicio-de-las-competencias-del-festival-de-cine-de-mar-del-plata.jpg\" src=\"https:\/\/www.telam.com.ar\/assets\/img\/not_image.png\" class=\" lazy \" width=\"100%\" height=\"100%\" alt=\"Foto Diego Izquierdo\"><figcaption> Foto: Diego Izquierdo <\/figcaption><\/figure>\n<p>La 38va. edici\u00f3n del Festival Internacional de Cine de Mar del Plata tuvo este viernes el inicio de su Competencia Internacional con la proyecci\u00f3n de la pel\u00edcula nacional \u00abElena sabe\u00bb, de Anah\u00ed Berneri, seguida por la estadounidense \u00abLaRoy\u00bb de Shane Atkinson.<\/p>\n<p>Por su parte, \u00abLagunas\u00bb, de Federico Cardone, y \u00abAdentro m\u00edo estoy bailando\u00bb, de Leandro Koch y Paloma Schachmann, dieron el puntapi\u00e9 inicial de la Competencia Argentina; en tanto que \u00abEl viento que arrasa\u00bb, de Paula Hern\u00e1ndez, fue la encargada de abrir el certamen de la secci\u00f3n latinoamericana.<\/p>\n<figure class=\"mb-3\"><img loading=\"lazy\" data-src=\"http:\/\/nuevacordoba.net\/wp-content\/uploads\/2023\/11\/buenas-propuestas-en-el-inicio-de-las-competencias-del-festival-de-cine-de-mar-del-plata-1.jpg\" src=\"https:\/\/www.telam.com.ar\/assets\/img\/not_image.png\" class=\" lazy \" width=\"100%\" height=\"100%\" alt=\"Lagunas\"><figcaption> Lagunas. <\/figcaption><\/figure>\n<p>Luego de la gala de apertura de este jueves por la noche en el teatro Auditorium, que cont\u00f3 con la presencia del ministro de Econom\u00eda y candidato presidencial de Uni\u00f3n por la Patria (UxP), Sergio Massa, que hizo una fuerte defensa del cine nacional ante las amenazas de la coalici\u00f3n La Libertad Avanza (LLA) de cerrar el Instituto Nacional de Cine y Artes Audiovisuales (Incaa) en caso de ganar las pr\u00f3ximas elecciones, el certamen se puso en marcha este viernes con cinco buenas propuestas.<\/p>\n<blockquote class><p>Luego de una fuerte defensa del cine nacional por parte de Sergio Massa ante las amenazas de la coalici\u00f3n La Libertad Avanza (LLA) de cerrar el Instituto Nacional de Cine y Artes Audiovisuales (Incaa) en caso de ganar las pr\u00f3ximas elecciones, el certamen se puso en marcha este viernes con cinco buenas propuestas<\/p><\/blockquote>\n<p>Puntual, con la inmensa sala del Auditorium casi llena a las 9 de la ma\u00f1ana mientras afuera el fr\u00edo y la lluvia reforzaban las ganas de estar en una sala de cine, la esperada \u00abElena sabe\u00bb, de Berneri con el protag\u00f3nico de Mercedes Mor\u00e1n y \u00c9rica Rivas, mostr\u00f3 un relato denso sobre la relaci\u00f3n de una madre y su hija, la vejez y la cuentas sin saldar de una dif\u00edcil convivencia de a\u00f1os.<\/p>\n<p>Basada en la novela hom\u00f3nima de Claudia Pi\u00f1eiro, el filme de Berneri (\u00abAlanis\u00bb, \u00abUn a\u00f1o sin amor\u00bb, \u00abAire libre\u00bb, \u00abPor tu culpa\u00bb), que se estrena comercialmente en salas el 16 de noviembre y el 24 en la plataforma Netflix, tiene como protagonista a Elena (Mor\u00e1n), que a pesar de padecer Parkinson, con un cuerpo que apenas le responde y sus facultades mentales en deterioro, inicia un amargo recorrido en busca de pistas para encontrar al responsable de la muerte de su hija Rita (Rivas), que falleci\u00f3 inesperadamente.<\/p>\n<p>Con breves flashbacks que dan cuenta de la tortuosa relaci\u00f3n que mantuvieron durante toda la vida y que alcanz\u00f3 el pico m\u00e1ximo de dolor desde que Elena se enferm\u00f3 y Rita empez\u00f3 a cuidarla, la pel\u00edcula abre interrogantes sobre la maternidad y la culpa que se muestra a trav\u00e9s de los dif\u00edciles desplazamientos de la madre con una voluntad f\u00e9rrea, encorvada por la enfermedad, con la mirada hacia abajo, que no le permite ver normalmente y, sobre todo, ver hacia su propio interior.<\/p>\n<figure class=\"mb-3\"><img loading=\"lazy\" data-src=\"http:\/\/nuevacordoba.net\/wp-content\/uploads\/2023\/11\/buenas-propuestas-en-el-inicio-de-las-competencias-del-festival-de-cine-de-mar-del-plata-2.jpg\" src=\"https:\/\/www.telam.com.ar\/assets\/img\/not_image.png\" class=\" lazy \" width=\"100%\" height=\"100%\" alt=\"LaRoy\"><figcaption> LaRoy. <\/figcaption><\/figure>\n<p>El otro t\u00edtulo de la Competencia Internacional que se vio este viernes fue \u00abLaRoy\u00bb del estadounidense Shane Atkinson, que como bien defini\u00f3 en la presentaci\u00f3n que hizo el director art\u00edstico del Festival, Pablo Conde, se trata de un film que puede encuadrarse en el Neo-noir.<\/p>\n<p>Ray (John Magaro) es manso, se deja maltratar por todo el mundo, un peque\u00f1o universo que incluye a su esposa Stacy-Lynn (Megan Stevenson), que alguna vez gan\u00f3 el concurso de belleza del pueblo, y su hermano Junior (Matthew Del Negro), que lo explota en la ferreter\u00eda que ambos heredaron.<\/p>\n<p>Hundido en la desesperaci\u00f3n por las humillaciones que soporta estoico, en una situaci\u00f3n ins\u00f3lita lo confunden con un asesino a sueldo, al que le encargan un trabajo que Ray no acepta aunque s\u00ed se queda con el dinero, abriendo un abanico de posibilidades hacia el futuro, todas de p\u00e9simo y cantado final.<\/p>\n<p>Con una buena pila de cad\u00e1veres, personajes incre\u00edbles como Ray, que mata pero por amor; Harry (formidable como siempre Dylan Baker), un sicario con un f\u00e9rreo apego a su trabajo y a la tarea bien hecha; el torpe Skip (Steve Zahn), el \u00fanico que toma en serio al protagonista y lo ayuda desde su oficio de investigador privado (indispensable para el g\u00e9nero); verdaderamente, la \u00f3pera prima de Atkinson es una efectiva relectura desde la comedia triste e incluso de enredos del Noir, del cine negro, negr\u00edsimo.<\/p>\n<p>Por su parte, tambi\u00e9n pudo verse en esta jornada \u00abLagunas\u00bb, el documental hipn\u00f3tico de Federico Cardone (incluido en la Competencia Argentina), que acompa\u00f1a a la escritora Liliana Bodoc al desierto y a la infancia.<\/p>\n<figure class=\"mb-3\"><img loading=\"lazy\" data-src=\"http:\/\/nuevacordoba.net\/wp-content\/uploads\/2023\/11\/buenas-propuestas-en-el-inicio-de-las-competencias-del-festival-de-cine-de-mar-del-plata-3.jpg\" src=\"https:\/\/www.telam.com.ar\/assets\/img\/not_image.png\" class=\" lazy \" width=\"100%\" height=\"100%\" alt=\"Adentro mo estoy bailando\"><figcaption> Adentro m\u00edo estoy bailando. <\/figcaption><\/figure>\n<p>Cardone -coordinador del Cine Universidad en la Universidad Nacional de Cuyo y director art\u00edstico del Festival Audiovisual Graba- se deja llevar por Bodoc hacia el coraz\u00f3n de la comunidad huarpe en una escuela en medio del desierto.<\/p>\n<p>A trav\u00e9s de los pliegues de la memoria y con un hilo narrativo por momentos de profunda intimidad del propio director, el filme es un viaje entre el viento y el polvo hacia el desierto y sus silencios, guiado por sus apariciones y su sincretismo, y por seres que \u00absanan sus penas contando cuentos\u00bb, como los describi\u00f3 la escritora, que falleci\u00f3 antes de que se terminara el montaje.<\/p>\n<figure class=\"mb-3\"><img loading=\"lazy\" data-src=\"http:\/\/nuevacordoba.net\/wp-content\/uploads\/2023\/11\/buenas-propuestas-en-el-inicio-de-las-competencias-del-festival-de-cine-de-mar-del-plata-4.jpg\" src=\"https:\/\/www.telam.com.ar\/assets\/img\/not_image.png\" class=\" lazy \" width=\"100%\" height=\"100%\" alt=\"Elena Sabe\"><figcaption> Elena Sabe. <\/figcaption><\/figure>\n<p>La otra pel\u00edcula de la competencia nacional que se proyect\u00f3 este viernes fue \u00abAdentro m\u00edo estoy bailando\u00bb, una historia que tiene como protagonista a \u00abun camar\u00f3grafo mediocre\u00bb que filma casamientos jud\u00edos y se embarca en una experiencia de arqueolog\u00eda cultural de casi dos horas junto a una clarinetista de m\u00fasica klezmer, el g\u00e9nero nacido en la tradici\u00f3n askenaz\u00ed.<\/p>\n<p>A mitad de camino entre la ficci\u00f3n y lo documental, Koch y Schachmann conducen la historia -su \u00f3pera prima- hacia Europa del Este, detr\u00e1s de un proyecto f\u00edlmico y de las huellas de los roman\u00edes que convivieron con los jud\u00edos de esa regi\u00f3n antes de la Segunda Guerra, pero, sobre todo, detr\u00e1s de un romance latente y de un experimento narrativo.<\/p>\n<p>Por \u00faltimo, la encargada de inaugurar el certamen de la secci\u00f3n Latinoam\u00e9rica fue la argentina \u00abEl viento que arrasa\u00bb de Paula Hern\u00e1ndez, que tuvo su premiere en el Festival de Toronto y compiti\u00f3 en Horizontes Latinos de la \u00faltima edici\u00f3n del Festival de San Sebasti\u00e1n en Espa\u00f1a.<\/p>\n<p>Como buena parte de su filmograf\u00eda (\u00abLas siamesas\u00bb, \u00abLos son\u00e1mbulos\u00bb, \u00abUn amor\u00bb, \u00abLa lluvia\u00bb, \u00abHerencia\u00bb), en su \u00faltima pel\u00edcula Hern\u00e1ndez se concentra en las relaciones familiares, sean cual fueren, incluso cuando la familia se limite a dos integrantes, un pastor evangelista que recorre pueblos predicando y su hija, que lo asiste.<\/p>\n<p>El reverendo Pearson (el siempre efectivo Alfredo Castro) es un convencido del valor sanador de su serm\u00f3n, su hija Leni (Almudena Gonz\u00e1lez) lo acompa\u00f1a y es diligente, pero en plenas dudas sobre la lealtad a su padre que le impone su mismo estilo de vida el descacharrado auto con el que llegan a los lugares m\u00e1s remotos se aver\u00eda, con lo que que se ven obligados a convivir con el mec\u00e1nico que les arreglar\u00e1 el auto (el espa\u00f1ol Sergi L\u00f3pez) y su hijo (Joaqu\u00edn Acebo), otro par en camino a redefinirse.<\/p>\n<p>Al adaptar la novela de Selva Almada, Hern\u00e1ndez hace una lectura que se encauza con sus obsesiones, para conformar una historia tensa y fascinante, en donde la violencia va creciendo al ritmo de una tormenta, que da cuenta de la necesidad y la rebeld\u00eda de los j\u00f3venes que necesariamente buscan su propia identidad, m\u00e1s all\u00e1 de los mandatos paternales y religiosos.<\/p>\n<div class=\"card col-md-10 offset-md-1 mb-4\">\n<h3 class=\"pt-2\">Relacionadas<\/h3>\n<\/p><\/div>\n","protected":false},"excerpt":{"rendered":"<p>Foto: Diego Izquierdo La 38va. edici\u00f3n del Festival Internacional de Cine de Mar del Plata tuvo este viernes el inicio de su Competencia Internacional con la proyecci\u00f3n de la pel\u00edcula nacional \u00abElena sabe\u00bb, de Anah\u00ed Berneri, seguida por la estadounidense \u00abLaRoy\u00bb de Shane Atkinson. Por su parte, \u00abLagunas\u00bb, de Federico Cardone, y \u00abAdentro m\u00edo estoy [&hellip;]<\/p>\n","protected":false},"author":1,"featured_media":38373,"comment_status":"closed","ping_status":"closed","sticky":false,"template":"","format":"standard","meta":[],"categories":[9],"tags":[],"_links":{"self":[{"href":"http:\/\/nuevacordoba.net\/index.php\/wp-json\/wp\/v2\/posts\/38372"}],"collection":[{"href":"http:\/\/nuevacordoba.net\/index.php\/wp-json\/wp\/v2\/posts"}],"about":[{"href":"http:\/\/nuevacordoba.net\/index.php\/wp-json\/wp\/v2\/types\/post"}],"author":[{"embeddable":true,"href":"http:\/\/nuevacordoba.net\/index.php\/wp-json\/wp\/v2\/users\/1"}],"replies":[{"embeddable":true,"href":"http:\/\/nuevacordoba.net\/index.php\/wp-json\/wp\/v2\/comments?post=38372"}],"version-history":[{"count":0,"href":"http:\/\/nuevacordoba.net\/index.php\/wp-json\/wp\/v2\/posts\/38372\/revisions"}],"wp:featuredmedia":[{"embeddable":true,"href":"http:\/\/nuevacordoba.net\/index.php\/wp-json\/wp\/v2\/media\/38373"}],"wp:attachment":[{"href":"http:\/\/nuevacordoba.net\/index.php\/wp-json\/wp\/v2\/media?parent=38372"}],"wp:term":[{"taxonomy":"category","embeddable":true,"href":"http:\/\/nuevacordoba.net\/index.php\/wp-json\/wp\/v2\/categories?post=38372"},{"taxonomy":"post_tag","embeddable":true,"href":"http:\/\/nuevacordoba.net\/index.php\/wp-json\/wp\/v2\/tags?post=38372"}],"curies":[{"name":"wp","href":"https:\/\/api.w.org\/{rel}","templated":true}]}}