{"id":38408,"date":"2023-11-04T14:36:37","date_gmt":"2023-11-04T14:36:37","guid":{"rendered":"http:\/\/nuevacordoba.net\/index.php\/2023\/11\/04\/pepe-cibrian-protagonizara-la-autobiografica-pepe-con-pepe\/"},"modified":"2023-11-04T14:36:37","modified_gmt":"2023-11-04T14:36:37","slug":"pepe-cibrian-protagonizara-la-autobiografica-pepe-con-pepe","status":"publish","type":"post","link":"http:\/\/nuevacordoba.net\/index.php\/2023\/11\/04\/pepe-cibrian-protagonizara-la-autobiografica-pepe-con-pepe\/","title":{"rendered":"Pepe Cibri\u00e1n protagonizar\u00e1 la autobiogr\u00e1fica \u00abPepe con Pepe\u00bb"},"content":{"rendered":"<figure class=\"mb-3\"><img loading=\"lazy\" data-src=\"http:\/\/nuevacordoba.net\/wp-content\/uploads\/2023\/11\/pepe-cibrian-protagonizara-la-autobiografica-pepe-con-pepe.jpg\" src=\"https:\/\/www.telam.com.ar\/assets\/img\/not_image.png\" class=\" lazy \" width=\"100%\" height=\"100%\" alt=\"Telam SE\"><figcaption><\/figcaption><\/figure>\n<p><strong>Pepe Cibri\u00e1n Campoy<\/strong> volver\u00e1 a subirse a un escenario el pr\u00f3ximo 11 de noviembre para protagonizar <strong>\u00abPepe con Pepe\u00bb<\/strong>, un espect\u00e1culo intimista que propone un repaso por su vida personal y art\u00edstica, que se realizar\u00e1 de forma gratuita en el <strong>Centro Cultural Kirchner.<\/strong><\/p>\n<p>El espect\u00e1culo comenzar\u00e1 a las 20 y, con la impronta que lo caracteriza, <strong>Cibri\u00e1n<\/strong> se encontrar\u00e1 con su yo del pasado, con sus recuerdos y los momentos imborrables de una vida que ha dejado huella en la cultura argentina.<\/p>\n<p><strong>\u00abPepe con Pepe\u00bb<\/strong> propone mostrar el detr\u00e1s de escena, aquello que el espectador generalmente no ve. Acompa\u00f1ado por un pianista, que interpretar\u00e1 emblem\u00e1ticas canciones que marcaron su vida, <strong>Cibri\u00e1n<\/strong> har\u00e1 un recorrido por el camino de la profesi\u00f3n: sus inicios, an\u00e9cdotas de sus padres, c\u00f3mo naci\u00f3 su vocaci\u00f3n, la vida en el teatro, sus \u00e9xitos y fracasos.<\/p>\n<p>\u00abEs un espect\u00e1culo en homenaje a mis padres, a mis abuelos, un poco a m\u00ed y a mi historia, mi lucha. Es reflejar mi historia y la de ellos para que inspiren a otros, j\u00f3venes y no tan j\u00f3venes, a vivir la suya, a que se animen a tomar riesgos y a hacer lo que les da la gana. Una obra intimista y la m\u00e1s personal sin dudas de los que hice hasta ahora. Tendr\u00e1 mucha emoci\u00f3n, risas y por supuesto, mucha m\u00fasica\u201d, cont\u00f3 el autor, actor y director teatral.<\/p>\n<h2 class>Atenci\u00f3n: se requiere reserva<\/h2>\n<p>Seg\u00fan se inform\u00f3 desde el <strong>CCK<\/strong>, la actividad, que es gratuita, requiere de la reserva de entradas. Para ello,&nbsp;se ofrece una modalidad mixta: por un lado, se puede gestionar reserva previa en la web a partir del pr\u00f3ximo jueves al mediod\u00eda, y, por el otro, habr\u00e1 un cupo de localidades que se entregar\u00e1n de modo presencial el mismo d\u00eda de la obra, 11 de noviembre, a partir de las 14 en la boleter\u00eda del <strong>Centro Cultural Kirchner<\/strong>.<\/p>\n","protected":false},"excerpt":{"rendered":"<p>Pepe Cibri\u00e1n Campoy volver\u00e1 a subirse a un escenario el pr\u00f3ximo 11 de noviembre para protagonizar \u00abPepe con Pepe\u00bb, un espect\u00e1culo intimista que propone un repaso por su vida personal y art\u00edstica, que se realizar\u00e1 de forma gratuita en el Centro Cultural Kirchner. El espect\u00e1culo comenzar\u00e1 a las 20 y, con la impronta que lo [&hellip;]<\/p>\n","protected":false},"author":1,"featured_media":38409,"comment_status":"closed","ping_status":"closed","sticky":false,"template":"","format":"standard","meta":[],"categories":[9],"tags":[],"_links":{"self":[{"href":"http:\/\/nuevacordoba.net\/index.php\/wp-json\/wp\/v2\/posts\/38408"}],"collection":[{"href":"http:\/\/nuevacordoba.net\/index.php\/wp-json\/wp\/v2\/posts"}],"about":[{"href":"http:\/\/nuevacordoba.net\/index.php\/wp-json\/wp\/v2\/types\/post"}],"author":[{"embeddable":true,"href":"http:\/\/nuevacordoba.net\/index.php\/wp-json\/wp\/v2\/users\/1"}],"replies":[{"embeddable":true,"href":"http:\/\/nuevacordoba.net\/index.php\/wp-json\/wp\/v2\/comments?post=38408"}],"version-history":[{"count":0,"href":"http:\/\/nuevacordoba.net\/index.php\/wp-json\/wp\/v2\/posts\/38408\/revisions"}],"wp:featuredmedia":[{"embeddable":true,"href":"http:\/\/nuevacordoba.net\/index.php\/wp-json\/wp\/v2\/media\/38409"}],"wp:attachment":[{"href":"http:\/\/nuevacordoba.net\/index.php\/wp-json\/wp\/v2\/media?parent=38408"}],"wp:term":[{"taxonomy":"category","embeddable":true,"href":"http:\/\/nuevacordoba.net\/index.php\/wp-json\/wp\/v2\/categories?post=38408"},{"taxonomy":"post_tag","embeddable":true,"href":"http:\/\/nuevacordoba.net\/index.php\/wp-json\/wp\/v2\/tags?post=38408"}],"curies":[{"name":"wp","href":"https:\/\/api.w.org\/{rel}","templated":true}]}}