{"id":38422,"date":"2023-11-04T19:38:25","date_gmt":"2023-11-04T19:38:25","guid":{"rendered":"https:\/\/prensa.cba.gov.ar\/?p=575145"},"modified":"2023-11-04T19:38:25","modified_gmt":"2023-11-04T19:38:25","slug":"el-kempes-volvio-a-brillar-en-la-noche-de-los-museos","status":"publish","type":"post","link":"http:\/\/nuevacordoba.net\/index.php\/2023\/11\/04\/el-kempes-volvio-a-brillar-en-la-noche-de-los-museos\/","title":{"rendered":"El Kempes volvi\u00f3 a brillar en la noche de los museos"},"content":{"rendered":"<ul>\n<li><strong>Bajo el lema \u201cEstrellas en la Noche\u201d se desarroll\u00f3 una nueva edici\u00f3n de la noche de los museos. <\/strong><\/li>\n<li><strong>M\u00e1s de 6 mil personas disfrutaron de un emotivo evento lleno de propuestas para los amantes del deporte.<\/strong><\/li>\n<\/ul>\n<p>Desde las 20 y hasta la 1, miles de cordobeses dijeron presente en el <strong>Museo Provincial del Deporte<\/strong> para disfrutar de una noche diferente, con sorpresas, muestras especiales, visitas a los vestuarios y a la cancha principal.<\/p>\n<p>Del tradicional evento participaron<strong> m\u00e1s de 6 mil visitantes<\/strong>, que no dejaban de sorprenderse con los espacios y propuestas especialmente armadas para la ocasi\u00f3n:<strong> obras de arte en alusi\u00f3n al deporte, colecciones de camisetas, m\u00fasica en vivo y m\u00e1s de una docena de autos cl\u00e1sicos fueron algunos de los condimentos que hicieron a esta noche, \u00fanica.<\/strong><\/p>\n<figure class=\"wp-block-gallery has-nested-images columns-default is-cropped wp-block-gallery-1 is-layout-flex wp-block-gallery-is-layout-flex\">\n<figure class=\"wp-block-image size-large\"><img loading=\"lazy\" decoding=\"async\" width=\"993\" height=\"660\" data-id=\"575147\" src=\"http:\/\/nuevacordoba.net\/wp-content\/uploads\/2023\/11\/el-kempes-volvio-a-brillar-en-la-noche-de-los-museos.jpg\" alt class=\"wp-image-575147\" srcset=\"http:\/\/nuevacordoba.net\/wp-content\/uploads\/2023\/11\/el-kempes-volvio-a-brillar-en-la-noche-de-los-museos.jpg 993w, http:\/\/nuevacordoba.net\/wp-content\/uploads\/2023\/11\/el-kempes-volvio-a-brillar-en-la-noche-de-los-museos-6.jpg 300w, http:\/\/nuevacordoba.net\/wp-content\/uploads\/2023\/11\/el-kempes-volvio-a-brillar-en-la-noche-de-los-museos-7.jpg 768w\" sizes=\"(max-width: 993px) 100vw, 993px\"><\/figure>\n<figure class=\"wp-block-image size-large\"><img decoding=\"async\" loading=\"lazy\" width=\"993\" height=\"660\" data-id=\"575149\" src=\"http:\/\/nuevacordoba.net\/wp-content\/uploads\/2023\/11\/el-kempes-volvio-a-brillar-en-la-noche-de-los-museos-1.jpg\" alt class=\"wp-image-575149\" srcset=\"http:\/\/nuevacordoba.net\/wp-content\/uploads\/2023\/11\/el-kempes-volvio-a-brillar-en-la-noche-de-los-museos-1.jpg 993w, http:\/\/nuevacordoba.net\/wp-content\/uploads\/2023\/11\/el-kempes-volvio-a-brillar-en-la-noche-de-los-museos-8.jpg 300w, http:\/\/nuevacordoba.net\/wp-content\/uploads\/2023\/11\/el-kempes-volvio-a-brillar-en-la-noche-de-los-museos-9.jpg 768w\" sizes=\"(max-width: 993px) 100vw, 993px\"><\/figure>\n<figure class=\"wp-block-image size-large\"><img decoding=\"async\" loading=\"lazy\" width=\"993\" height=\"660\" data-id=\"575150\" src=\"http:\/\/nuevacordoba.net\/wp-content\/uploads\/2023\/11\/el-kempes-volvio-a-brillar-en-la-noche-de-los-museos-2.jpg\" alt class=\"wp-image-575150\" srcset=\"http:\/\/nuevacordoba.net\/wp-content\/uploads\/2023\/11\/el-kempes-volvio-a-brillar-en-la-noche-de-los-museos-2.jpg 993w, http:\/\/nuevacordoba.net\/wp-content\/uploads\/2023\/11\/el-kempes-volvio-a-brillar-en-la-noche-de-los-museos-10.jpg 300w, http:\/\/nuevacordoba.net\/wp-content\/uploads\/2023\/11\/el-kempes-volvio-a-brillar-en-la-noche-de-los-museos-11.jpg 768w\" sizes=\"(max-width: 993px) 100vw, 993px\"><\/figure>\n<figure class=\"wp-block-image size-large\"><img decoding=\"async\" loading=\"lazy\" width=\"993\" height=\"660\" data-id=\"575148\" src=\"http:\/\/nuevacordoba.net\/wp-content\/uploads\/2023\/11\/el-kempes-volvio-a-brillar-en-la-noche-de-los-museos-3.jpg\" alt class=\"wp-image-575148\" srcset=\"http:\/\/nuevacordoba.net\/wp-content\/uploads\/2023\/11\/el-kempes-volvio-a-brillar-en-la-noche-de-los-museos-3.jpg 993w, http:\/\/nuevacordoba.net\/wp-content\/uploads\/2023\/11\/el-kempes-volvio-a-brillar-en-la-noche-de-los-museos-12.jpg 300w, http:\/\/nuevacordoba.net\/wp-content\/uploads\/2023\/11\/el-kempes-volvio-a-brillar-en-la-noche-de-los-museos-13.jpg 768w\" sizes=\"(max-width: 993px) 100vw, 993px\"><\/figure>\n<\/figure>\n<p><strong>\u201cEstrellas en la Noche\u201d<\/strong> pretend\u00eda mostrar una cita con campeones que brillaron en el firmamento de deporte. Por tal motivo, y en el mes previo al aniversario del \u00faltimo mundial en Qatar, hubo una <strong>exposici\u00f3n de obras de arte sobre quienes obtuvieron aquella copa<\/strong>, a cargo del artista pl\u00e1stico <strong>Aldo Juan Van Meegroot.<\/strong> El riocuartense present\u00f3 <strong>27 piezas<\/strong> en t\u00e9cnica de pintura acr\u00edlica sobre bastidores, que en los pr\u00f3ximos d\u00edas ser\u00e1n entregadas al museo de AFA.<\/p>\n<p>Adem\u00e1s, se expusieron piezas de <strong>arte croata<\/strong> pertenecientes a los artistas cordobeses <strong>V\u00edctor Manuel y V\u00edctor Hugo Favaro<\/strong>. Los hermanos mostraron sus obras abstractas que representan figuras de los campeones del mundo, y los visitantes las descubrieron al iluminarlas con sus celulares.<\/p>\n<figure class=\"wp-block-image size-full\"><img decoding=\"async\" loading=\"lazy\" width=\"993\" height=\"660\" src=\"http:\/\/nuevacordoba.net\/wp-content\/uploads\/2023\/11\/el-kempes-volvio-a-brillar-en-la-noche-de-los-museos-4.jpg\" alt class=\"wp-image-575151\" srcset=\"http:\/\/nuevacordoba.net\/wp-content\/uploads\/2023\/11\/el-kempes-volvio-a-brillar-en-la-noche-de-los-museos-4.jpg 993w, http:\/\/nuevacordoba.net\/wp-content\/uploads\/2023\/11\/el-kempes-volvio-a-brillar-en-la-noche-de-los-museos-14.jpg 300w, http:\/\/nuevacordoba.net\/wp-content\/uploads\/2023\/11\/el-kempes-volvio-a-brillar-en-la-noche-de-los-museos-15.jpg 768w\" sizes=\"(max-width: 993px) 100vw, 993px\"><\/figure>\n<p>El <strong>escultor Denis Castellanos y la artista Pauli Trist\u00e1n<\/strong> presentaron una obra inspirada en Lionel Messi y otra en \u201cla mano de Dios\u201d respectivamente. Ambos trabajan y crean esculturas de metal.<\/p>\n<p>Por otro lado, los visitantes tuvieron la posibilidad de ver una <strong>colecci\u00f3n de camisetas antiguas<\/strong> sobre los cuatro equipos m\u00e1s grandes de la ciudad de C\u00f3rdoba: <strong>Talleres, Belgrano, Racing e Instituto<\/strong>. La muestra fue en el vestuario y dej\u00f3 deslumbrados a grandes y chicos.<\/p>\n<figure class=\"wp-block-image size-full\"><img decoding=\"async\" loading=\"lazy\" width=\"993\" height=\"660\" src=\"http:\/\/nuevacordoba.net\/wp-content\/uploads\/2023\/11\/el-kempes-volvio-a-brillar-en-la-noche-de-los-museos-5.jpg\" alt class=\"wp-image-575152\" srcset=\"http:\/\/nuevacordoba.net\/wp-content\/uploads\/2023\/11\/el-kempes-volvio-a-brillar-en-la-noche-de-los-museos-5.jpg 993w, http:\/\/nuevacordoba.net\/wp-content\/uploads\/2023\/11\/el-kempes-volvio-a-brillar-en-la-noche-de-los-museos-16.jpg 300w, http:\/\/nuevacordoba.net\/wp-content\/uploads\/2023\/11\/el-kempes-volvio-a-brillar-en-la-noche-de-los-museos-17.jpg 768w\" sizes=\"(max-width: 993px) 100vw, 993px\"><\/figure>\n<p>Destacadas personalidades del deporte como <em>Juan Carlos Olave, Cecilia Biagioli, Carolina \u201cChapita\u201d Guti\u00e9rrez o Santos \u201cFalucho\u201d Laciar <\/em>pasaron por el Kempes para compartir un momento con los visitantes, contar sensaciones y experiencias. Tambi\u00e9n estuvieron <em>Marcelo Milanesio, Walter Garrone, Rub\u00e9n Magnano, David Nalbandi\u00e1n, Georgina Bardach, Mariano Reutemann, Mart\u00edn Tocalli y Rolando Cholaki\u00e1n<\/em>, quienes aprovecharon para sumarse a las vueltas que dieron los autos cl\u00e1sicos alrededor del campo principal.<\/p>\n<p>El recinto del Kempes se transform\u00f3 en un gigantesco patio a cielo abierto, donde se disfrut\u00f3 de m\u00fasica en vivo a cargo del <strong>d\u00fao Sonbye<\/strong>, quienes desplegaron un repertorio que incluy\u00f3 canciones de tem\u00e1tica mundialista y deportiva.<\/p>\n<p>Tambi\u00e9n hubo un espacio para los amantes de los autos, con la <strong>exposici\u00f3n de modelos cl\u00e1sicos<\/strong>, que en cuatro ocasiones realizaron una \u201cvuelta ol\u00edmpica para el deleite de los presentes. Una noche m\u00e1s, que se suma al haber de los recuerdos de las miles de personas que pasaron por el Kempes.<\/p>\n","protected":false},"excerpt":{"rendered":"<p>Bajo el lema \u201cEstrellas en la Noche\u201d se desarroll\u00f3 una nueva edici\u00f3n de la noche de los museos. M\u00e1s de 6 mil personas disfrutaron de un emotivo evento lleno de propuestas para los amantes del deporte. Desde las 20 y hasta la 1, miles de cordobeses dijeron presente en el Museo Provincial del Deporte para [&hellip;]<\/p>\n","protected":false},"author":1,"featured_media":38423,"comment_status":"closed","ping_status":"closed","sticky":false,"template":"","format":"standard","meta":[],"categories":[14],"tags":[],"_links":{"self":[{"href":"http:\/\/nuevacordoba.net\/index.php\/wp-json\/wp\/v2\/posts\/38422"}],"collection":[{"href":"http:\/\/nuevacordoba.net\/index.php\/wp-json\/wp\/v2\/posts"}],"about":[{"href":"http:\/\/nuevacordoba.net\/index.php\/wp-json\/wp\/v2\/types\/post"}],"author":[{"embeddable":true,"href":"http:\/\/nuevacordoba.net\/index.php\/wp-json\/wp\/v2\/users\/1"}],"replies":[{"embeddable":true,"href":"http:\/\/nuevacordoba.net\/index.php\/wp-json\/wp\/v2\/comments?post=38422"}],"version-history":[{"count":0,"href":"http:\/\/nuevacordoba.net\/index.php\/wp-json\/wp\/v2\/posts\/38422\/revisions"}],"wp:featuredmedia":[{"embeddable":true,"href":"http:\/\/nuevacordoba.net\/index.php\/wp-json\/wp\/v2\/media\/38423"}],"wp:attachment":[{"href":"http:\/\/nuevacordoba.net\/index.php\/wp-json\/wp\/v2\/media?parent=38422"}],"wp:term":[{"taxonomy":"category","embeddable":true,"href":"http:\/\/nuevacordoba.net\/index.php\/wp-json\/wp\/v2\/categories?post=38422"},{"taxonomy":"post_tag","embeddable":true,"href":"http:\/\/nuevacordoba.net\/index.php\/wp-json\/wp\/v2\/tags?post=38422"}],"curies":[{"name":"wp","href":"https:\/\/api.w.org\/{rel}","templated":true}]}}