{"id":38440,"date":"2023-11-05T23:59:36","date_gmt":"2023-11-05T23:59:36","guid":{"rendered":"http:\/\/nuevacordoba.net\/index.php\/2023\/11\/05\/horacio-lavandera-es-un-desafio-hacer-lo-mismo-que-en-europa\/"},"modified":"2023-11-05T23:59:36","modified_gmt":"2023-11-05T23:59:36","slug":"horacio-lavandera-es-un-desafio-hacer-lo-mismo-que-en-europa","status":"publish","type":"post","link":"http:\/\/nuevacordoba.net\/index.php\/2023\/11\/05\/horacio-lavandera-es-un-desafio-hacer-lo-mismo-que-en-europa\/","title":{"rendered":"Horacio Lavandera: \u00abEs un desaf\u00edo hacer lo mismo que en Europa\u00bb"},"content":{"rendered":"<figure class=\"mb-3\"><img loading=\"lazy\" data-src=\"http:\/\/nuevacordoba.net\/wp-content\/uploads\/2023\/11\/horacio-lavandera-es-un-desafio-hacer-lo-mismo-que-en-europa.jpg\" src=\"https:\/\/www.telam.com.ar\/assets\/img\/not_image.png\" class=\" lazy \" width=\"100%\" height=\"100%\" alt=\"A los 38 aos Lavandera es un artista aplaudido en el mundo la msica Foto Lara Sartor\"><figcaption> A los 38 a\u00f1os, Lavandera es un artista aplaudido en el mundo la m\u00fasica. \/ Foto: Lara Sartor <\/figcaption><\/figure>\n<p>El reconocido y aplaudido pianista <strong>Horacio Lavandera<\/strong> se propuso el \u00abdesaf\u00edo\u00bb de reproducir el mismo concierto en Argentina que en Alemania con obras de Beethoven, Piazzolla, Bach, Vivaldi y Mendelsohn, en el Teatro Coliseo el 11 de noviembre, que lo remontan a sentimientos espirituales inspirados por las composiciones que interpretar\u00e1.<\/p>\n<p><strong>\u00abSer\u00e1 el mismo concierto que di en Alemania, es lo que quer\u00edan los productores, lo cual me puso s\u00faper contento; es todo un desaf\u00edo hacer ac\u00e1 lo mismo que en Europa y va a estar buen\u00edsimo\u00bb<\/strong>, dijo Lavandera a T\u00e9lam sobre un espect\u00e1culo al que defini\u00f3 como <strong>\u00abmuy org\u00e1nico\u00bb<\/strong>.<\/p>\n<p><strong>\u00abLas obras de Bach que voy a tocar <\/strong>-agreg\u00f3-<strong> tienen que ver con Vivaldi, as\u00ed que ah\u00ed habr\u00e1 un homenaje al Barroco y es muy f\u00e1cil ubicar a Piazzolla dentro de ese contexto. <\/strong>Voy a estar haciendo las mismas tres sonatas de Beethoven que en el CCK en agosto (28, 29 y 30), adem\u00e1s voy a tocar otras de sus obras, que son muy poco conocidas, y esta uni\u00f3n de Vivaldi, Bach, Piazzolla y F\u00e9lix Mendelssohn\u00bb.<\/p>\n<figure class=\"mb-3\"><img loading=\"lazy\" data-src=\"http:\/\/nuevacordoba.net\/wp-content\/uploads\/2023\/11\/horacio-lavandera-es-un-desafio-hacer-lo-mismo-que-en-europa-1.jpg\" src=\"https:\/\/www.telam.com.ar\/assets\/img\/not_image.png\" class=\" lazy \" width=\"100%\" height=\"100%\" alt=\"El artista que recibi el diploma al mrito de la Fundacin Konex tocar en el Coliseo Foto Lara Sartor\"><figcaption> El artista, que recibi\u00f3 el diploma al m\u00e9rito de la Fundaci\u00f3n Konex, tocar\u00e1 en el Coliseo. \/ Foto: Lara Sartor <\/figcaption><\/figure>\n<p><br open> A Lavandera, este repertorio le produce caros sentimientos. Oriundo de una familia de tradici\u00f3n musical, <strong>es hijo del reconocido percusionista Jos\u00e9 Mar\u00eda Lavandera<\/strong>, y hered\u00f3 de sus antepasados un gran n\u00famero de libros y referencias a la m\u00fasica cl\u00e1sica alemana. De <strong>su tatarabuelo y bisabuelo recibi\u00f3 libros de Beethoven y de otros cl\u00e1sicos de Alemania,<\/strong> mientras que su padre, fallecido en 2020, era un devoto de estos compositores.<\/p>\n<p>\u00abEntonces -sostuvo- siento que lo homenajeo a \u00e9l de alguna manera. Con mi trabajo hay ciertos lazos muy profundos para m\u00ed que me conectan con esta m\u00fasica. Es muy espiritual. Entiendo que la m\u00fasica que voy a interpretar no es m\u00fasica f\u00e1cil ni la estamos habitando todos los d\u00edas; ni ac\u00e1, ni en Alemania, ni en ninguna parte del mundo; por eso dar algunas peque\u00f1as referencias puede ser interesante para algunos\u00bb.<\/p>\n<p>Lavandera hace referencia a una caracter\u00edstica muy poco habitual dentro de la m\u00fasica cl\u00e1sica y que pondera la actitud abierta y descontracturada con la que aborda los conciertos (aunque encarecidamente suele pedirle al p\u00fablico que mantenga silencio durante las interpretaciones). <strong>El eximio pianista acostumbra dar explicaciones sobre las obras para darle contexto al p\u00fablico sobre el momento y la intenci\u00f3n con las que fueron concebidas.<\/strong><\/p>\n<figure class=\"mb-3\"><img loading=\"lazy\" data-src=\"http:\/\/nuevacordoba.net\/wp-content\/uploads\/2023\/11\/horacio-lavandera-es-un-desafio-hacer-lo-mismo-que-en-europa-2.jpg\" src=\"https:\/\/www.telam.com.ar\/assets\/img\/not_image.png\" class=\" lazy \" width=\"100%\" height=\"100%\" alt=\"Lavandera comenz su carrera en 1997 Foto Lara Sartor\"><figcaption> Lavandera comenz\u00f3 su carrera en 1997. \/ Foto: Lara Sartor <\/figcaption><\/figure>\n<p><br open> As\u00ed, uno puede entender las influencias del romanticismo de Goethe y Schiller en las partituras de Haydn, el esp\u00edritu de la Revoluci\u00f3n Francesa en Schubert, la figura del Arc\u00e1ngel Miguel en Beethoven o la apertura a lo popular en la organolog\u00eda cristiana en Bach.<\/p>\n<p><strong>\u00abEntonces no se puede pretender que todo un p\u00fablico de 1800 personas que vayan al Coliseo hayan le\u00eddo todo eso, pero se les puede despertar un cierto inter\u00e9s para que despu\u00e9s del concierto vayan a leer algunas de estas obras o simplemente entender algunas de las referencias, que son muy sencillas. <\/strong>Finalmente, lo complejo es todo el armado po\u00e9tico, pero las historias son muy sencillas, son todas de origen muy popular tambi\u00e9n\u00bb, coment\u00f3.<\/p>\n<p>Esta actitud pedag\u00f3gica se la despert\u00f3 un grupo de amigos, quienes lo impulsaron a dar charlas virtuales todos los mi\u00e9rcoles. As\u00ed, desde 2020 comparte sus conocimientos, algo que tambi\u00e9n lo ha llevado a dar clases magistrales.<\/p>\n<blockquote class><p>\u00abHay tanto mito a trav\u00e9s de Piazzolla&#8230; un diablo, un \u00e1ngel. \u00abLa divisi\u00f3n total\u00bb tiene una serie del \u00e1ngel y toda una serie del diablo. As\u00ed que est\u00e1 en contacto con el cielo y con el infierno, era un personaje de extremos espirituales.\u00bb<cite class=\"author\">Horacio Lavandera<\/cite><\/p><\/blockquote>\n<p><br open><strong>\u00abUna persona que va por primera vez tiene que entender que hay lazos con la m\u00fasica popular, con la m\u00fasica religiosa, con los sentimientos. Hay muchas l\u00edneas que se pueden explicar a los oyentes y de esa manera todos juntos vamos en un mismo camino. Luego est\u00e1 bien que cada uno se imagine lo que quiera\u00bb<\/strong>, se\u00f1al\u00f3.<\/p>\n<p><strong>-Hay una ligaz\u00f3n ineludible entre la m\u00fasica cl\u00e1sica, la religi\u00f3n y lo popular. Lutero, por ejemplo, unific\u00f3 el idioma alem\u00e1n a trav\u00e9s de su traducci\u00f3n de la Biblia.<\/strong><\/p>\n<p>-Claro, el hecho de hacer propaganda a partir de la m\u00fasica empieza con Lutero, como una decisi\u00f3n para conquistar fieles. \u00c9l toma las melod\u00edas de la m\u00fasica popular que hab\u00eda en las aldeas, les cambia las letras para hacerlas b\u00edblicas y empezar a ganar fieles. Son fen\u00f3menos s\u00faper complejos y se dio que la m\u00fasica era algo s\u00faper trascendental para Alemania desde el presupuesto, de parte de todas las cortes que van tomando a los m\u00fasicos principales en cada lugar, como el caso de Beethoven. En el de Mendelssohn, de origen jud\u00edo, trabaj\u00f3 entrelazando todo esto con su tradici\u00f3n. Es muy interesante ver todo eso, desde un punto de vista hist\u00f3rico. \u00bfCu\u00e1l es la lecci\u00f3n para m\u00ed? Yo tambi\u00e9n soy compositor y cualquier persona creadora que se pueda acercar a estos conciertos puede sentir alg\u00fan tipo de impacto, ver c\u00f3mo se iba desarrollando y evolucionando en determinadas tem\u00e1ticas.<\/p>\n<p><strong>-\u00bfY c\u00f3mo se inserta Piazzolla en esto?<\/strong><\/p>\n<p>-Hay tanto mito a trav\u00e9s de Piazzolla&#8230; un diablo, un \u00e1ngel. \u00abLa divisi\u00f3n total\u00bb tiene una serie del \u00e1ngel y toda una serie del diablo. As\u00ed que est\u00e1 en contacto con el cielo y con el infierno, era un personaje de extremos espirituales. Inclusive, en su \u00e9poca de los 70, se pon\u00eda collares y todo lo dem\u00e1s. Es una persona que est\u00e1 ligada a todo y su m\u00fasica de \u00abLas Cuatro Estaciones\u00bb tiene mucho que ver con el Barroco, cita directamente a Vivaldi. Trabajaba directamente para el colegio religioso de las ni\u00f1as que hab\u00eda en Venecia, que ten\u00edan problemas f\u00edsicos. Es toda una m\u00fasica que viene de un poder espiritual impresionante y a Piazzolla le interesaba toda esta combinaci\u00f3n y en su m\u00fasica est\u00e1 presente desde la primera nota.<\/p>\n<figure class=\"mb-3\"><img loading=\"lazy\" data-src=\"http:\/\/nuevacordoba.net\/wp-content\/uploads\/2023\/11\/horacio-lavandera-es-un-desafio-hacer-lo-mismo-que-en-europa-3.jpg\" src=\"https:\/\/www.telam.com.ar\/assets\/img\/not_image.png\" class=\" lazy \" width=\"100%\" height=\"100%\" alt=\"Sera una noche solo con el piano de Lavandera en el escenario Foto Lara Sartor\"><figcaption> Sera una noche solo con el piano de Lavandera en el escenario. \/ Foto: Lara Sartor <\/figcaption><\/figure>\n<p><br open><strong>-\u00bfHay tambi\u00e9n hay una conexi\u00f3n de armon\u00edas en el concierto?<\/strong><\/p>\n<p>-No lo pienso desde ese lugar, ya est\u00e1 autom\u00e1ticamente con las tres sonatas de Beethoven. Pero antes de estas piezas voy a tocar dos danzas de \u00e9l, que son muy desconocidas. Estuve trabajando con un amigo que es profesor en la Universidad de Viena, tratando de encontrar lo que ser\u00eda el swing, el gusto. El lenguaje de Bach, Vivaldi, Piazzolla y Lavandera (porque los arreglos son m\u00edos). Por m\u00e1s que Piazzolla est\u00e9 atravesado por el Barroco, hay un contraste total en el estilo de tocar el piano, los efectos tangueros que \u00e9l agrega, la mugre -como se le llama a todos los elementos que hay pian\u00edsticos tangueros- as\u00ed que va a ser un contraste total y me gusta mucho trabajar as\u00ed. Y luego, Mendelssohn viene a ser muy equilibrado, con los factores de contrapunto de Bach y esta fantas\u00eda es muy muy bella. Es interesante que, por su origen jud\u00edo, Mendelssohn utiliza los mismos recursos que Bach o Beethoven, pero las melod\u00edas y el tipo de escalas suenan muy distinto.<\/p>\n<p><strong>-En 2021 se estren\u00f3 la incompleta Sinfon\u00eda n.10 de Beethoven, finalizada por inteligencia artificial. Siendo un estudioso de las biograf\u00edas, \u00bfc\u00f3mo cre\u00e9s que Beethoven lo hubiera tomado?<\/strong><\/p>\n<p>-(risas) \u00c9l pertenece a una \u00e9poca donde hab\u00eda que cerrar la m\u00fasica para la posteridad, para tener este contacto con Dios, entonces hab\u00eda que entregarle a Dios algo cerrado. Entonces, no creo que hubiera estado satisfecho en nada, hubiera estado muy en desacuerdo con que le cerraran una obra a \u00e9l y no estar interviniendo como persona sensible. <\/p>\n","protected":false},"excerpt":{"rendered":"<p>A los 38 a\u00f1os, Lavandera es un artista aplaudido en el mundo la m\u00fasica. \/ Foto: Lara Sartor El reconocido y aplaudido pianista Horacio Lavandera se propuso el \u00abdesaf\u00edo\u00bb de reproducir el mismo concierto en Argentina que en Alemania con obras de Beethoven, Piazzolla, Bach, Vivaldi y Mendelsohn, en el Teatro Coliseo el 11 de [&hellip;]<\/p>\n","protected":false},"author":1,"featured_media":38441,"comment_status":"closed","ping_status":"closed","sticky":false,"template":"","format":"standard","meta":[],"categories":[9],"tags":[],"_links":{"self":[{"href":"http:\/\/nuevacordoba.net\/index.php\/wp-json\/wp\/v2\/posts\/38440"}],"collection":[{"href":"http:\/\/nuevacordoba.net\/index.php\/wp-json\/wp\/v2\/posts"}],"about":[{"href":"http:\/\/nuevacordoba.net\/index.php\/wp-json\/wp\/v2\/types\/post"}],"author":[{"embeddable":true,"href":"http:\/\/nuevacordoba.net\/index.php\/wp-json\/wp\/v2\/users\/1"}],"replies":[{"embeddable":true,"href":"http:\/\/nuevacordoba.net\/index.php\/wp-json\/wp\/v2\/comments?post=38440"}],"version-history":[{"count":0,"href":"http:\/\/nuevacordoba.net\/index.php\/wp-json\/wp\/v2\/posts\/38440\/revisions"}],"wp:featuredmedia":[{"embeddable":true,"href":"http:\/\/nuevacordoba.net\/index.php\/wp-json\/wp\/v2\/media\/38441"}],"wp:attachment":[{"href":"http:\/\/nuevacordoba.net\/index.php\/wp-json\/wp\/v2\/media?parent=38440"}],"wp:term":[{"taxonomy":"category","embeddable":true,"href":"http:\/\/nuevacordoba.net\/index.php\/wp-json\/wp\/v2\/categories?post=38440"},{"taxonomy":"post_tag","embeddable":true,"href":"http:\/\/nuevacordoba.net\/index.php\/wp-json\/wp\/v2\/tags?post=38440"}],"curies":[{"name":"wp","href":"https:\/\/api.w.org\/{rel}","templated":true}]}}