{"id":38458,"date":"2023-11-05T22:13:46","date_gmt":"2023-11-05T22:13:46","guid":{"rendered":"https:\/\/prensa.cba.gov.ar\/?p=575014"},"modified":"2023-11-05T22:13:46","modified_gmt":"2023-11-05T22:13:46","slug":"un-trio-de-notables-en-el-cierre-del-ciclo-de-la-fundacion-pro-arte","status":"publish","type":"post","link":"http:\/\/nuevacordoba.net\/index.php\/2023\/11\/05\/un-trio-de-notables-en-el-cierre-del-ciclo-de-la-fundacion-pro-arte\/","title":{"rendered":"Un tr\u00edo de notables en el cierre del ciclo de la Fundaci\u00f3n Pro Arte"},"content":{"rendered":"<ul>\n<li><strong>El jueves 9 de noviembre en el Teatro del Libertador se presenta \u201cBeethoven en c\u00e1mara\u201d.<\/strong><\/li>\n<li><strong>El espect\u00e1culo estar\u00e1 a cargo de Rafael Gintoli, Leonardo Jos\u00e9 Pitella y Mat\u00edas Longo.<\/strong><\/li>\n<\/ul>\n<p>En el \u00faltimo concierto de la temporada de la&nbsp;<strong>Fundaci\u00f3n Pro Arte C\u00f3rdoba<\/strong>, a cargo del tr\u00edo formado por&nbsp;Rafael Gintoli (viol\u00edn),&nbsp;Leonardo Jos\u00e9 Pitella (piano) y&nbsp;Mat\u00edas Longo (chelo), se presenta en el Teatro del Libertador <strong>Beethoven en c\u00e1ma<\/strong>ra.<\/p>\n<p>El recital es el&nbsp;pr\u00f3ximo jueves 9 a las 20, con el siguiente programa: la&nbsp;<strong>Sonata para viol\u00edn y piano, N. 7<\/strong>, la&nbsp;<strong>Sonata para violonchelo y piano, N. 3<\/strong>, y el&nbsp;<strong>Piano Tr\u00edo N. 5 -Fantasma<\/strong>, de Ludwig van Beethoven.<\/p>\n<p>Las ubicaciones anticipadas pueden adquirirse por <a href=\"https:\/\/ventas.autoentrada.com\/events\/trio-gintoli-pitella-longo-violin-piano-y-cello\">Autoentrada<\/a> y en boleter\u00eda del teatro (V\u00e9lez Sarsfield 365, Tel. 414-3412, de martes a s\u00e1bado de 9 a 20, domingo de funci\u00f3n de 17 a 20). El precio de las entradas es: platea, $7.000; cazuela, $5.500; tertulia, $4.500; y para\u00edsos, $2.500 pesos. Con tarjeta Cordobesa, tres pagos sin inter\u00e9s.<\/p>\n<h4 class=\"wp-block-heading\">Sobre los artistas<\/h4>\n<figure class=\"wp-block-gallery has-nested-images columns-default is-cropped wp-block-gallery-1 is-layout-flex wp-block-gallery-is-layout-flex\">\n<figure class=\"wp-block-image size-large\"><img loading=\"lazy\" decoding=\"async\" width=\"1024\" height=\"682\" data-id=\"575019\" src=\"http:\/\/nuevacordoba.net\/wp-content\/uploads\/2023\/11\/un-trio-de-notables-en-el-cierre-del-ciclo-de-la-fundacion-pro-arte.jpg\" alt class=\"wp-image-575019\" srcset=\"http:\/\/nuevacordoba.net\/wp-content\/uploads\/2023\/11\/un-trio-de-notables-en-el-cierre-del-ciclo-de-la-fundacion-pro-arte.jpg 1024w, http:\/\/nuevacordoba.net\/wp-content\/uploads\/2023\/11\/un-trio-de-notables-en-el-cierre-del-ciclo-de-la-fundacion-pro-arte-2.jpg 300w, http:\/\/nuevacordoba.net\/wp-content\/uploads\/2023\/11\/un-trio-de-notables-en-el-cierre-del-ciclo-de-la-fundacion-pro-arte-3.jpg 768w\" sizes=\"(max-width: 1024px) 100vw, 1024px\"><figcaption class=\"wp-element-caption\">Rafael Gintolli<\/figcaption><\/figure>\n<figure class=\"wp-block-image size-large\"><img decoding=\"async\" loading=\"lazy\" width=\"901\" height=\"900\" data-id=\"575018\" src=\"http:\/\/nuevacordoba.net\/wp-content\/uploads\/2023\/11\/un-trio-de-notables-en-el-cierre-del-ciclo-de-la-fundacion-pro-arte-1.jpg\" alt class=\"wp-image-575018\" srcset=\"http:\/\/nuevacordoba.net\/wp-content\/uploads\/2023\/11\/un-trio-de-notables-en-el-cierre-del-ciclo-de-la-fundacion-pro-arte-1.jpg 901w, http:\/\/nuevacordoba.net\/wp-content\/uploads\/2023\/11\/un-trio-de-notables-en-el-cierre-del-ciclo-de-la-fundacion-pro-arte-4.jpg 300w, http:\/\/nuevacordoba.net\/wp-content\/uploads\/2023\/11\/un-trio-de-notables-en-el-cierre-del-ciclo-de-la-fundacion-pro-arte-5.jpg 150w, http:\/\/nuevacordoba.net\/wp-content\/uploads\/2023\/11\/un-trio-de-notables-en-el-cierre-del-ciclo-de-la-fundacion-pro-arte-6.jpg 768w\" sizes=\"(max-width: 901px) 100vw, 901px\"><figcaption class=\"wp-element-caption\">Mat\u00edas Gerardo Longo<\/figcaption><\/figure>\n<\/figure>\n<p>El pianista mendocino&nbsp;<strong>Leonardo Pittella<\/strong>&nbsp;ha sido varias veces premiado en cert\u00e1menes internacionales. Fund\u00f3 Pianoforte, la Academia Pianoforte y la Orquesta Pianoforte, a fin de generar cambios constructivos en la sociedad a trav\u00e9s de la actividad art\u00edstica de primer nivel.<\/p>\n<p><strong>Rafael Gintoli<\/strong>&nbsp;es uno de los grandes int\u00e9rpretes de viol\u00edn de Argentina. Atesora una larga trayectoria como concertista invitado en diferentes orquestas del mundo. La Asociaci\u00f3n Argentina de Cr\u00edticos Musicales le otorg\u00f3 el Primer Premio al mejor Int\u00e9rprete de M\u00fasica de C\u00e1mara. Dentro de su vasta trayectoria, se recuerdan las actuaciones con Marta Argerich, Shlomo Mintz, Antonio de Raco y Aldo Antoniazzi.<\/p>\n<p>El chelista <strong>Mat\u00edas Gerardo Longo<\/strong> muestra una s\u00f3lida preparaci\u00f3n que lo proyecta entre los chelistas m\u00e1s notables de su generaci\u00f3n. Desarrolla una intensa actividad como m\u00fasico de c\u00e1mara, realizando conciertos con diferentes grupos en salas de la provincia y el pa\u00eds.<\/p>\n","protected":false},"excerpt":{"rendered":"<p>El jueves 9 de noviembre en el Teatro del Libertador se presenta \u201cBeethoven en c\u00e1mara\u201d. El espect\u00e1culo estar\u00e1 a cargo de Rafael Gintoli, Leonardo Jos\u00e9 Pitella y Mat\u00edas Longo. En el \u00faltimo concierto de la temporada de la&nbsp;Fundaci\u00f3n Pro Arte C\u00f3rdoba, a cargo del tr\u00edo formado por&nbsp;Rafael Gintoli (viol\u00edn),&nbsp;Leonardo Jos\u00e9 Pitella (piano) y&nbsp;Mat\u00edas Longo (chelo), [&hellip;]<\/p>\n","protected":false},"author":1,"featured_media":38459,"comment_status":"closed","ping_status":"closed","sticky":false,"template":"","format":"standard","meta":[],"categories":[14],"tags":[],"_links":{"self":[{"href":"http:\/\/nuevacordoba.net\/index.php\/wp-json\/wp\/v2\/posts\/38458"}],"collection":[{"href":"http:\/\/nuevacordoba.net\/index.php\/wp-json\/wp\/v2\/posts"}],"about":[{"href":"http:\/\/nuevacordoba.net\/index.php\/wp-json\/wp\/v2\/types\/post"}],"author":[{"embeddable":true,"href":"http:\/\/nuevacordoba.net\/index.php\/wp-json\/wp\/v2\/users\/1"}],"replies":[{"embeddable":true,"href":"http:\/\/nuevacordoba.net\/index.php\/wp-json\/wp\/v2\/comments?post=38458"}],"version-history":[{"count":0,"href":"http:\/\/nuevacordoba.net\/index.php\/wp-json\/wp\/v2\/posts\/38458\/revisions"}],"wp:featuredmedia":[{"embeddable":true,"href":"http:\/\/nuevacordoba.net\/index.php\/wp-json\/wp\/v2\/media\/38459"}],"wp:attachment":[{"href":"http:\/\/nuevacordoba.net\/index.php\/wp-json\/wp\/v2\/media?parent=38458"}],"wp:term":[{"taxonomy":"category","embeddable":true,"href":"http:\/\/nuevacordoba.net\/index.php\/wp-json\/wp\/v2\/categories?post=38458"},{"taxonomy":"post_tag","embeddable":true,"href":"http:\/\/nuevacordoba.net\/index.php\/wp-json\/wp\/v2\/tags?post=38458"}],"curies":[{"name":"wp","href":"https:\/\/api.w.org\/{rel}","templated":true}]}}