{"id":38460,"date":"2023-11-06T10:55:53","date_gmt":"2023-11-06T10:55:53","guid":{"rendered":"http:\/\/nuevacordoba.net\/index.php\/2023\/11\/06\/barracas-y-rosario-central-atienden-su-juego\/"},"modified":"2023-11-06T10:55:53","modified_gmt":"2023-11-06T10:55:53","slug":"barracas-y-rosario-central-atienden-su-juego","status":"publish","type":"post","link":"http:\/\/nuevacordoba.net\/index.php\/2023\/11\/06\/barracas-y-rosario-central-atienden-su-juego\/","title":{"rendered":"Barracas y Rosario Central atienden su juego"},"content":{"rendered":"<figure class=\"mb-3\"><img loading=\"lazy\" data-src=\"http:\/\/nuevacordoba.net\/wp-content\/uploads\/2023\/11\/barracas-y-rosario-central-atienden-su-juego.jpg\" src=\"https:\/\/www.telam.com.ar\/assets\/img\/not_image.png\" class=\" lazy \" width=\"100%\" height=\"100%\" alt=\"Foto Julin lvarez\"><figcaption> Foto: Juli\u00e1n \u00c1lvarez. <\/figcaption><\/figure>\n<p><strong>Barracas Central, en la pelea por mejorar su promedio<\/strong> para escaparle al descenso, <strong>recibir\u00e1<\/strong> este lunes <strong>a Rosario Central, que lucha por clasificarse a los playoffs y a una copa internacional<\/strong>, en un partido de la duod\u00e9cima fecha de la Copa de la Liga.<\/p>\n<p>El encuentro en el estadio Tom\u00e1s Adolfo Duc\u00f3 de Hurac\u00e1n, donde el \u00abGuapo\u00bb hace de local, comenzar\u00e1 a las 18.30, con el arbitraje de Luis Lobo Medina y transmisi\u00f3n de la se\u00f1al TNT Sports.<\/p>\n<p>Barracas Central suma 46 puntos en la tabla anual y se ubica a cuatro de los equipos que actualmente deber\u00edan jugar un desempate por la permanencia en primera divisi\u00f3n.<\/p>\n<p>Su director t\u00e9cnico, Sergio Rondina, no contar\u00e1 con el volante izquierdo Rodrigo Ins\u00faa, suspendido por su expulsi\u00f3n en el final del partido que su equipo empat\u00f3 sin goles con Hurac\u00e1n. Su lugar podr\u00eda ser ocupado por Lucas Colitto.<\/p>\n<p>Central viene de vencer con justicia 3-1 a Argentinos Juniors, como local, est\u00e1 s\u00e9ptimo con 16 puntos junto a Banfield y buscar\u00e1 una victoria que lo acerque a los puestos de clasificaci\u00f3n.<\/p>\n<p>El delantero Fabricio Oviedo reemplazar\u00e1 a Maximiliano Lovera, quien sufri\u00f3 un desgarro en el primer tiempo de la victoria sobre Argentinos, en el \u00fanico cambio que har\u00eda el director t\u00e9cnico \u00abcanalla\u00bb Miguel \u00c1ngel Russo.<\/p>\n<p>Central, que atesora un invicto de 27 partidos en el Gigante de Arroyito, gan\u00f3 por \u00faltima vez como visitante de Hurac\u00e1n, el pasado 20 de marzo.<\/p>\n","protected":false},"excerpt":{"rendered":"<p>Foto: Juli\u00e1n \u00c1lvarez. Barracas Central, en la pelea por mejorar su promedio para escaparle al descenso, recibir\u00e1 este lunes a Rosario Central, que lucha por clasificarse a los playoffs y a una copa internacional, en un partido de la duod\u00e9cima fecha de la Copa de la Liga. El encuentro en el estadio Tom\u00e1s Adolfo Duc\u00f3 [&hellip;]<\/p>\n","protected":false},"author":1,"featured_media":38461,"comment_status":"closed","ping_status":"closed","sticky":false,"template":"","format":"standard","meta":[],"categories":[10],"tags":[],"_links":{"self":[{"href":"http:\/\/nuevacordoba.net\/index.php\/wp-json\/wp\/v2\/posts\/38460"}],"collection":[{"href":"http:\/\/nuevacordoba.net\/index.php\/wp-json\/wp\/v2\/posts"}],"about":[{"href":"http:\/\/nuevacordoba.net\/index.php\/wp-json\/wp\/v2\/types\/post"}],"author":[{"embeddable":true,"href":"http:\/\/nuevacordoba.net\/index.php\/wp-json\/wp\/v2\/users\/1"}],"replies":[{"embeddable":true,"href":"http:\/\/nuevacordoba.net\/index.php\/wp-json\/wp\/v2\/comments?post=38460"}],"version-history":[{"count":0,"href":"http:\/\/nuevacordoba.net\/index.php\/wp-json\/wp\/v2\/posts\/38460\/revisions"}],"wp:featuredmedia":[{"embeddable":true,"href":"http:\/\/nuevacordoba.net\/index.php\/wp-json\/wp\/v2\/media\/38461"}],"wp:attachment":[{"href":"http:\/\/nuevacordoba.net\/index.php\/wp-json\/wp\/v2\/media?parent=38460"}],"wp:term":[{"taxonomy":"category","embeddable":true,"href":"http:\/\/nuevacordoba.net\/index.php\/wp-json\/wp\/v2\/categories?post=38460"},{"taxonomy":"post_tag","embeddable":true,"href":"http:\/\/nuevacordoba.net\/index.php\/wp-json\/wp\/v2\/tags?post=38460"}],"curies":[{"name":"wp","href":"https:\/\/api.w.org\/{rel}","templated":true}]}}