{"id":38466,"date":"2023-11-05T20:21:42","date_gmt":"2023-11-05T20:21:42","guid":{"rendered":"https:\/\/www.ole.com.ar\/autos\/max-verstappen-gano-gp-brasil-formula1_0_YZ5DLXltwl.html"},"modified":"2023-11-05T20:21:42","modified_gmt":"2023-11-05T20:21:42","slug":"verstappen-gano-el-gp-de-brasil-y-sigue-ampliando-su-record-en-la-formula-1","status":"publish","type":"post","link":"http:\/\/nuevacordoba.net\/index.php\/2023\/11\/05\/verstappen-gano-el-gp-de-brasil-y-sigue-ampliando-su-record-en-la-formula-1\/","title":{"rendered":"Verstappen gan\u00f3 el GP de Brasil y sigue ampliando su r\u00e9cord en la F\u00f3rmula 1"},"content":{"rendered":"<p><time class=\"createDate\" datetime=\"2023-11-05T17:21:42-03:00\">05\/11\/2023 17:21hs.<\/time><time class=\"modificatedDate\" datetime=\"2023-11-05T17:21:42-03:00\"><\/time><\/p>\n<div id=\"storyBody\">\n<div class=\"custom-text \" readability=\"16\">\n<p>As\u00ed como Pep Guardiola sugiri\u00f3 en su momento que el Bal\u00f3n de Oro deber\u00eda tener una categor\u00eda para Lionel Messi y otra para el resto de los futbolistas, la <strong>F\u00f3rmula 1<\/strong> podr\u00eda hacer lo mismo con <strong>Max Verstappen<\/strong>. Es que el piloto de Red Bull est\u00e1 en modo intratable y, en ese sentido, dise\u00f1\u00f3 en San Pablo otro rendimiento demoledor y gan\u00f3 sin fisuras el Gran Premio de Brasil, dejando en segunda y tercera colocaci\u00f3n a Lando Norris, quienes quedaron a 8s277 y a 34s155, respectivamente.<\/p>\n<\/div>\n<div class=\"custom-text \" readability=\"14\">\n<p>\u00abLa salida siempre es muy importante, despu\u00e9s simplemente me ocup\u00e9 de cuidar los neum\u00e1ticos. El monoplaza iba bien. <strong>A mitad de la carrera pude abrir ventaja con Lando Norris y despu\u00e9s me hice fuerte<\/strong>\u00ab, se\u00f1al\u00f3 el tricampe\u00f3n mundial, quien obtuvo su triunfo n\u00famero 17 en la temporada 2023 y quebr\u00f3 la marca que hab\u00eda establecido en 2022, con 16 festejos.<\/p>\n<\/div>\n<div class=\"sc-e7b891c4-0 jPbnQF\"><img alt=\"Max Verstappen la rompi\u00f3 en la tierra de Ayrton Senna. (AFP)\" src=\"http:\/\/nuevacordoba.net\/wp-content\/uploads\/2023\/11\/verstappen-gano-el-gp-de-brasil-y-sigue-ampliando-su-record-en-la-formula-1.jpg\" width=\"720\" height=\"100\" decoding=\"async\" data-nimg=\"future\" loading=\"lazy\"><span class=\"epigraphe\">Max Verstappen la rompi\u00f3 en la tierra de Ayrton Senna. (AFP)<\/span><\/div>\n<div class=\"custom-text \" readability=\"13\">\n<p>Adem\u00e1s, Verstappen, quien tambi\u00e9n hab\u00eda hecho la pole y se hab\u00eda impuesto el s\u00e1bado en la denominada carrera Sprint, alcanz\u00f3 su \u00e9xito 52 en la F1 teniendo solamente por delante a Lewis Hamilton (103), Michael Schumacher (91) y Sebastian Vettel (53).<\/p>\n<\/div>\n<p><h2><strong>El ins\u00f3lito accidente de Leclerc<\/strong><\/h2>\n<\/p>\n<div class=\"custom-text \" readability=\"13\">\n<p>Charles Leclerc, quien deb\u00eda partir en la primera fila y so\u00f1aba con complicar a Verstappen, sufri\u00f3 un inconveniente hidr\u00e1ulico en su auto y se despist\u00f3 en la vuelta previa de calentamiento. Esta situaci\u00f3n reflej\u00f3 el a\u00f1o para el olvido que vivi\u00f3 Ferrari, que lo tiene peleando por el tercer puesto en el campeonato de constructores.<\/p>\n<\/div>\n<div type=\"embed\" class=\"sc-7ce6049-0 dwIKul\">\n<div class=\"sc-7ce6049-1 bdcBBS videoText\" id=\"contentTitleembed4vdIHNxI\" type=\"embed\" readability=\"6\"><svg fill=\"#ffffff\"><symbol id=\"play\" viewBox=\"0 0 512 512\"><path d=\"M512 256C512 397.4 397.4 512 256 512C114.6 512 0 397.4 0 256C0 114.6 114.6 0 256 0C397.4 0 512 114.6 512 256zM176 168V344C176 352.7 180.7 360.7 188.3 364.9C195.8 369.2 205.1 369 212.5 364.5L356.5 276.5C363.6 272.1 368 264.4 368 256C368 247.6 363.6 239.9 356.5 235.5L212.5 147.5C205.1 142.1 195.8 142.8 188.3 147.1C180.7 151.3 176 159.3 176 168V168z\" \/><\/symbol><use xlink:href=\"#play\" \/><\/svg><\/p>\n<div class=\"right\" readability=\"7\">\n<p>Charles Leclerc<!-- --> &#8211;<!-- --> <span>5-11-2023<\/span><\/p>\n<h2 class=\"title-vid\">Leclerc choc\u00f3 en la vuelta de formaci\u00f3n <\/h2>\n<\/div>\n<\/div>\n<p><span class=\"back\" id=\"spanBackembed4vdIHNxI\"><\/span><\/div>\n<div class=\"custom-text \" readability=\"12\">\n<p>\nApenas lanzada la carrera en una primera oportunidad, el tailand\u00e9s Alexander Albon (Williams) y el dinamarqu\u00e9s Kevin Magnussen (Haas) se tocaron en plena recta principal y desertaron autom\u00e1ticamente. La competencia fue neutralizada y se larg\u00f3 media hora despu\u00e9s, cuando se limpi\u00f3 la pista de la suciedad que hab\u00eda originado el choque. <\/p>\n<\/div>\n<div class=\"custom-text \">\n<ul>\n<li><strong>Posiciones del campeonato de Pilotos: <\/strong>Verstappen 524 puntos (campe\u00f3n); P\u00e9rez, 258; Hamilton, 226; Alonso, 198; Norris, 195; Sainz, 192; Leclerc, 170; Russell, 156; Oscar Piastri (McLaren), 87; Stroll 63.<\/li>\n<\/ul>\n<\/div>\n<div class=\"custom-text \">\n<ul>\n<li><strong>Posiciones del campeonato de constructores:<\/strong> Red Bull 782 puntos (campe\u00f3n); Mercedes, 382; Ferrari, 362; McLaren, 282; Aston Martin, 261; Alpine, 108.<\/li>\n<\/ul>\n<\/div>\n<div class=\"custom-text \">\n<ul>\n<li><strong>Pr\u00f3xima carrera: <\/strong>Gran Premio de Las Vegas, en los EE.UU., el s\u00e1bado 18.<\/li>\n<\/ul>\n<\/div>\n<div class=\"sc-a7166897-0 exHLBh\" readability=\"6.5\">\n<section readability=\"3\"><picture><img alt=\"TC2000: Santero vol\u00f3, sorprendi\u00f3 y cant\u00f3 victoria en Paran\u00e1\" src=\"http:\/\/nuevacordoba.net\/wp-content\/uploads\/2023\/11\/verstappen-gano-el-gp-de-brasil-y-sigue-ampliando-su-record-en-la-formula-1-1.jpg\" width=\"290\" height=\"290\" decoding=\"async\" data-nimg=\"future\" loading=\"lazy\"><\/picture>\n<p><span>Mir\u00e1 tambi\u00e9n<\/span><\/p>\n<hr>\n<h3>TC2000: Santero vol\u00f3, sorprendi\u00f3 y cant\u00f3 victoria en Paran\u00e1<\/h3>\n<\/p>\n<\/section>\n<\/div>\n<div class=\"sc-a7166897-0 exHLBh\" readability=\"6\">\n<section readability=\"2\"><picture><img alt=\"El gran elogio de Grosjean a Canapino: &quot;Puede ser un gran campe\u00f3n&quot;\" src=\"http:\/\/nuevacordoba.net\/wp-content\/uploads\/2023\/11\/verstappen-gano-el-gp-de-brasil-y-sigue-ampliando-su-record-en-la-formula-1-2.jpg\" width=\"290\" height=\"290\" decoding=\"async\" data-nimg=\"future\" loading=\"lazy\"><\/picture>\n<p><span>Mir\u00e1 tambi\u00e9n<\/span><\/p>\n<hr>\n<h3>El gran elogio de Grosjean a Canapino: \u00abPuede ser un gran campe\u00f3n\u00bb<\/h3>\n<\/p>\n<\/section>\n<\/div>\n<\/div>\n","protected":false},"excerpt":{"rendered":"<p>05\/11\/2023 17:21hs. As\u00ed como Pep Guardiola sugiri\u00f3 en su momento que el Bal\u00f3n de Oro deber\u00eda tener una categor\u00eda para Lionel Messi y otra para el resto de los futbolistas, la F\u00f3rmula 1 podr\u00eda hacer lo mismo con Max Verstappen. Es que el piloto de Red Bull est\u00e1 en modo intratable y, en ese sentido, [&hellip;]<\/p>\n","protected":false},"author":1,"featured_media":38467,"comment_status":"closed","ping_status":"closed","sticky":false,"template":"","format":"standard","meta":[],"categories":[10],"tags":[],"_links":{"self":[{"href":"http:\/\/nuevacordoba.net\/index.php\/wp-json\/wp\/v2\/posts\/38466"}],"collection":[{"href":"http:\/\/nuevacordoba.net\/index.php\/wp-json\/wp\/v2\/posts"}],"about":[{"href":"http:\/\/nuevacordoba.net\/index.php\/wp-json\/wp\/v2\/types\/post"}],"author":[{"embeddable":true,"href":"http:\/\/nuevacordoba.net\/index.php\/wp-json\/wp\/v2\/users\/1"}],"replies":[{"embeddable":true,"href":"http:\/\/nuevacordoba.net\/index.php\/wp-json\/wp\/v2\/comments?post=38466"}],"version-history":[{"count":0,"href":"http:\/\/nuevacordoba.net\/index.php\/wp-json\/wp\/v2\/posts\/38466\/revisions"}],"wp:featuredmedia":[{"embeddable":true,"href":"http:\/\/nuevacordoba.net\/index.php\/wp-json\/wp\/v2\/media\/38467"}],"wp:attachment":[{"href":"http:\/\/nuevacordoba.net\/index.php\/wp-json\/wp\/v2\/media?parent=38466"}],"wp:term":[{"taxonomy":"category","embeddable":true,"href":"http:\/\/nuevacordoba.net\/index.php\/wp-json\/wp\/v2\/categories?post=38466"},{"taxonomy":"post_tag","embeddable":true,"href":"http:\/\/nuevacordoba.net\/index.php\/wp-json\/wp\/v2\/tags?post=38466"}],"curies":[{"name":"wp","href":"https:\/\/api.w.org\/{rel}","templated":true}]}}