{"id":38468,"date":"2023-11-06T11:08:25","date_gmt":"2023-11-06T11:08:25","guid":{"rendered":"http:\/\/nuevacordoba.net\/index.php\/2023\/11\/06\/las-marcas-de-la-censura-en-el-cine-en-un-libro-del-incaa\/"},"modified":"2023-11-06T11:08:25","modified_gmt":"2023-11-06T11:08:25","slug":"las-marcas-de-la-censura-en-el-cine-en-un-libro-del-incaa","status":"publish","type":"post","link":"http:\/\/nuevacordoba.net\/index.php\/2023\/11\/06\/las-marcas-de-la-censura-en-el-cine-en-un-libro-del-incaa\/","title":{"rendered":"Las marcas de la censura en el cine en un libro del Incaa"},"content":{"rendered":"<figure class=\"mb-3\"><img loading=\"lazy\" data-src=\"http:\/\/nuevacordoba.net\/wp-content\/uploads\/2023\/11\/las-marcas-de-la-censura-en-el-cine-en-un-libro-del-incaa.jpg\" src=\"https:\/\/www.telam.com.ar\/assets\/img\/not_image.png\" class=\" lazy \" width=\"100%\" height=\"100%\" alt=\"Fernando Juan Lima presidente del festival marplatense y la actriz Graciela Borges Foto Diego Izquierdo\"><figcaption> Fernando Juan Lima, presidente del festival marplatense y la actriz Graciela Borges \/ Foto: Diego Izquierdo. <\/figcaption><\/figure>\n<p>El trabajo de recuperaci\u00f3n de material censurado por el Ente de Calificaci\u00f3n Cinematogr\u00e1fica entre 1968 y 1984, fue el eje de una de las actividades centrales de la cuarta jornada del 38\u00b0 Festival Internacional de Cine de Mar del Plata, en la que se present\u00f3 el libro <strong>\u00abFundido a Negro. Cine y censura a 40 a\u00f1os del retorno de la democracia\u00bb<\/strong>.<\/p>\n<p><strong>\u00abLa censura es tan horrible, est\u00e1 tan fuera de nuestros corazones\u00bb<\/strong>, expres\u00f3 en el inicio del encuentro Graciela Borges, una de las artistas que aport\u00f3 su testimonio en esta <strong>publicaci\u00f3n de m\u00e1s de 130 p\u00e1ginas, editada por el Instituto Nacional de Cine y Artes Audiovisuales (Incaa)<\/strong>, para el festival marplatense.<\/p>\n<p>Borges asegur\u00f3 que <strong>\u00abla censura viene con una parte atroz, que es que lo que se hace despu\u00e9s se hace con miedo\u00bb.<\/strong><\/p>\n<figure class=\"mb-3\"><img loading=\"lazy\" data-src=\"http:\/\/nuevacordoba.net\/wp-content\/uploads\/2023\/11\/las-marcas-de-la-censura-en-el-cine-en-un-libro-del-incaa-1.jpg\" src=\"https:\/\/www.telam.com.ar\/assets\/img\/not_image.png\" class=\" lazy \" width=\"100%\" height=\"100%\" alt=\"Mariano Llinas Juan Lima Borges y Andrs Di Tella en la presentacin Foto Diego Izquierdo\"><figcaption> Mariano Llinas, Juan Lima, Borges y Andr\u00e9s Di Tella en la presentaci\u00f3n \/ Foto: Diego Izquierdo. <\/figcaption><\/figure>\n<p><br open> Junto a ella participaron en la presentaci\u00f3n, que se desarroll\u00f3 en el Espacio Chauv\u00edn, los cineastas <strong>Andr\u00e9s Di Tella <\/strong>y<strong> Mariano Llin\u00e1s.<\/strong><\/p>\n<p>Intervino adem\u00e1s como moderador <strong>Fernando Juan Lima<\/strong>, presidente del festival, quien calific\u00f3 al libro como <strong>\u00abun trabajo en marcha\u00bb<\/strong>, y precis\u00f3 que compila una memoria institucional sobre la censura <strong>\u00abcomo estandarte de la falta de democracia\u00bb<\/strong>, testimonios de referentes de la actuaci\u00f3n como Borges y la cinematograf\u00eda como <strong>Manuel Ant\u00edn, \u00abatravesados por la censura a lo largo de su vida\u00bb<\/strong>, y tambi\u00e9n reflexiones de un abanico amplio de autores, que incluye a la guionista y productora <strong>Albertina Carri, <\/strong>o los juristas<strong> Roberto Gargarella <\/strong>o<strong> Ra\u00fal Zaffaroni.<\/strong><\/p>\n<p>En la presentaci\u00f3n se proyect\u00f3 una breve compilaci\u00f3n con recortes hallados durante el trabajo de recuperaci\u00f3n realizado sobre el material conservado en la <strong>Cinemateca Nacional<\/strong> del Incaa.<\/p>\n<figure class=\"mb-3\"><img loading=\"lazy\" data-src=\"http:\/\/nuevacordoba.net\/wp-content\/uploads\/2023\/11\/las-marcas-de-la-censura-en-el-cine-en-un-libro-del-incaa-2.jpg\" src=\"https:\/\/www.telam.com.ar\/assets\/img\/not_image.png\" class=\" lazy \" width=\"100%\" height=\"100%\" alt=\"El libro puede descargarse gratuitamente de la pgina del festival Foto Diego Izquierdo\"><figcaption> El libro puede descargarse gratuitamente de la p\u00e1gina del festival \/ Foto: Diego Izquierdo. <\/figcaption><\/figure>\n<p><br open> La proyecci\u00f3n ofreci\u00f3 un popurr\u00ed de desnudos, toples, escenas criminales, insultos, alg\u00fan uso ir\u00f3nico de la palabra \u00abpito\u00bb, una escena de Jane Fonda mientras orina en un ba\u00f1o en \u00abNo robar\u00e1s a menos que sea necesario\u00bb (1977) y simbolog\u00edas nazis.<\/p>\n<p>Por momentos conmovida, Borges record\u00f3 el impacto de la censura incluso en los primeros a\u00f1os tras la recuperaci\u00f3n de la democracia, y al igual que en el texto aportado para el libro <strong>se refiri\u00f3 a situaciones vividas durante el rodaje de \u00abKindergarten\u00bb, <\/strong>el cl\u00e1sico de 1989 y ya en democracia dirigido por <strong>Jorge Polaco.<\/strong><\/p>\n<p><strong>\u00abLo padecimos de un modo intenso, y lo triste es que hayan cortado la carrera de alguien que filmaba de otra manera. Era muy impresionante\u00bb<\/strong>, evoc\u00f3.<\/p>\n<p>Record\u00f3 en ese sentido las denuncias sufridas mientras filmaban una escena con dos ni\u00f1os en los bosques de Palermo: <strong>\u00abUna se\u00f1ora levant\u00f3 una calumnia y dijo que est\u00e1bamos utilizando ni\u00f1os para escenas pornogr\u00e1ficas, una cosa absurda. La verdad es que la pas\u00e9 negra\u00bb.<\/strong><\/p>\n<figure class=\"mb-3\"><img loading=\"lazy\" data-src=\"http:\/\/nuevacordoba.net\/wp-content\/uploads\/2023\/11\/las-marcas-de-la-censura-en-el-cine-en-un-libro-del-incaa-3.jpg\" src=\"https:\/\/www.telam.com.ar\/assets\/img\/not_image.png\" class=\" lazy \" width=\"100%\" height=\"100%\" alt=\"Una de las pginas con fotogramas marcados tal como se indicaban los cortes en el flmico Foto Diego Izquierdo\"><figcaption> Una de las p\u00e1ginas con fotogramas marcados, tal como se indicaban los cortes en el f\u00edlmico \/ Foto: Diego Izquierdo. <\/figcaption><\/figure>\n<p><br open> La actriz consider\u00f3 adem\u00e1s que <strong>\u00abla censura viene con una parte tan atroz\u00bb<\/strong>, porque <strong>\u00abPolaco se pregunt\u00f3 incluso si estaba haciendo algo malo, y lo que vino despu\u00e9s estaba hecho con miedo, lo quebraron\u00bb.<\/strong><\/p>\n<p><strong>\u00abAbajo la censura, la libertad sirve, no para proclamarla en partidos pol\u00edticos, sino para decir somos esto que hacemos\u00bb<\/strong>, expres\u00f3.<\/p>\n<p>Lima precis\u00f3 por su parte que el libro tuvo inicialmente una edici\u00f3n online, que puede descargarse de manera gratuita desde la web del festival, en l\u00ednea con el foco puesto en los 40 a\u00f1os de la recuperaci\u00f3n democr\u00e1tica de esta edici\u00f3n, y que en el futuro cercano buscar\u00e1n que una versi\u00f3n ampliada se publique tambi\u00e9n de manera impresa.<\/p>\n<p>Coincidi\u00f3 en subrayar que <strong>\u00abla censura continu\u00f3 incluso tras la recuperaci\u00f3n democr\u00e1tica\u00bb<\/strong> en algunos casos, y destac\u00f3 adem\u00e1s que la escenas mutiladas permiten ver <strong>\u00abla perversi\u00f3n de la mirada del censor, y la profunda estupidez\u00bb<\/strong>.<\/p>\n<p>En l\u00ednea con Borges, invit\u00f3 adem\u00e1s a reflexionar desde la memoria sobre <strong>\u00abc\u00f3mo el miedo a la censura te puede quebrar\u00bb<\/strong>.<\/p>\n<p>Di Tella record\u00f3 durante la presentaci\u00f3n la suerte err\u00e1tica del filme \u00abMontoneros. Una historia\u00bb, que realiz\u00f3 en 1994 para la televisi\u00f3n, y c\u00f3mo \u00abpas\u00f3 completamente desapercibido\u00bb el hecho de que aunque el trabajo se divid\u00eda en dos partes, la segunda nunca fue emitida pese al \u00e9xito de audiencia de la primera.<\/p>\n<p>Llin\u00e1s, por su parte, reflexion\u00f3 sobre por qu\u00e9 censuraron escenas como las que fueron proyectadas para ilustrar el encuentro.<\/p>\n<p><strong>\u00abSi yo tuviera que arriesgar, dir\u00eda que el censor consideraba que era de mal gusto\u00bb<\/strong>, dijo, y se\u00f1al\u00f3 a su vez que <strong>\u00abla censura permite ver el negativo, que es la cabeza del sensor\u00bb.<\/strong> <\/p>\n","protected":false},"excerpt":{"rendered":"<p>Fernando Juan Lima, presidente del festival marplatense y la actriz Graciela Borges \/ Foto: Diego Izquierdo. El trabajo de recuperaci\u00f3n de material censurado por el Ente de Calificaci\u00f3n Cinematogr\u00e1fica entre 1968 y 1984, fue el eje de una de las actividades centrales de la cuarta jornada del 38\u00b0 Festival Internacional de Cine de Mar del [&hellip;]<\/p>\n","protected":false},"author":1,"featured_media":38469,"comment_status":"closed","ping_status":"closed","sticky":false,"template":"","format":"standard","meta":[],"categories":[9],"tags":[],"_links":{"self":[{"href":"http:\/\/nuevacordoba.net\/index.php\/wp-json\/wp\/v2\/posts\/38468"}],"collection":[{"href":"http:\/\/nuevacordoba.net\/index.php\/wp-json\/wp\/v2\/posts"}],"about":[{"href":"http:\/\/nuevacordoba.net\/index.php\/wp-json\/wp\/v2\/types\/post"}],"author":[{"embeddable":true,"href":"http:\/\/nuevacordoba.net\/index.php\/wp-json\/wp\/v2\/users\/1"}],"replies":[{"embeddable":true,"href":"http:\/\/nuevacordoba.net\/index.php\/wp-json\/wp\/v2\/comments?post=38468"}],"version-history":[{"count":0,"href":"http:\/\/nuevacordoba.net\/index.php\/wp-json\/wp\/v2\/posts\/38468\/revisions"}],"wp:featuredmedia":[{"embeddable":true,"href":"http:\/\/nuevacordoba.net\/index.php\/wp-json\/wp\/v2\/media\/38469"}],"wp:attachment":[{"href":"http:\/\/nuevacordoba.net\/index.php\/wp-json\/wp\/v2\/media?parent=38468"}],"wp:term":[{"taxonomy":"category","embeddable":true,"href":"http:\/\/nuevacordoba.net\/index.php\/wp-json\/wp\/v2\/categories?post=38468"},{"taxonomy":"post_tag","embeddable":true,"href":"http:\/\/nuevacordoba.net\/index.php\/wp-json\/wp\/v2\/tags?post=38468"}],"curies":[{"name":"wp","href":"https:\/\/api.w.org\/{rel}","templated":true}]}}