{"id":38476,"date":"2023-11-06T03:04:41","date_gmt":"2023-11-06T03:04:41","guid":{"rendered":"https:\/\/puntoapunto.com.ar\/?p=352737"},"modified":"2023-11-06T03:04:41","modified_gmt":"2023-11-06T03:04:41","slug":"milei-en-cordoba-trabajan-para-que-cierre-su-campana-en-la-ciudad","status":"publish","type":"post","link":"http:\/\/nuevacordoba.net\/index.php\/2023\/11\/06\/milei-en-cordoba-trabajan-para-que-cierre-su-campana-en-la-ciudad\/","title":{"rendered":"Milei en C\u00f3rdoba: trabajan para que cierre su campa\u00f1a en la ciudad"},"content":{"rendered":"<div class=\"g g-36\">\n<div class=\"g-dyn a-29 c-1\"><a class=\"gofollow\" data-track=\"MjksMzYsMSw2MA==\" href=\"https:\/\/www.harmoniechateau.com.ar\/\" target=\"_blank\" rel=\"noopener\"><img class=\"lazyload\" src=\"http:\/\/nuevacordoba.net\/wp-content\/uploads\/2023\/11\/milei-en-cordoba-trabajan-para-que-cierre-su-campana-en-la-ciudad.jpg\"><\/a><\/div>\n<\/div>\n<p>&nbsp;\n<\/p>\n<p><strong>Por Ariel Bogdanov, especial para Perfil C\u00f3rdoba<\/strong>. A s\u00f3lo 14 d\u00edas del balotaje que definir\u00e1 qui\u00e9n ser\u00e1 el nuevo presidente de los argentinos, se conocieron nuevos detalles del cierre de campa\u00f1a de los candidatos. En el caso de La Libertad Avanza, C\u00f3rdoba tendr\u00e1 un rol protag\u00f3nico, ya que Javier Milei desembarcar\u00e1 en la capital provincial para su cierre de campa\u00f1a.\n<\/p>\n<p>No ser\u00e1 un cierre tradicional el que se realizar\u00e1 en C\u00f3rdoba, informaron a este medio los armadores del \u201cLe\u00f3n\u201d que preparan el desembarco en la provincia. Se espera que en l\u00ednea con lo que viene realizando hasta ahora el candidato libertario, el fin de la campa\u00f1a encuentre a Milei recorriendo las calles de C\u00f3rdoba y teniendo encuentros cara a cara con los vecinos conversando sobre sus propuestas.\n<\/p>\n<p>Si bien a\u00fan no se ha difundido desde qu\u00e9 lugar act\u00faa el expresidente, la influencia de Mauricio Macri en la campa\u00f1a de Milei habr\u00eda sido decisiva para esta decisi\u00f3n explicaron desde el entorno libertario. Para Macri, C\u00f3rdoba fue siempre una provincia aliada, que le brind\u00f3 respaldos contundentes en las urnas en cada una de sus presentaciones electorales y espera continuar con esa l\u00ednea, esta vez con un nuevo aliado. En este terru\u00f1o, Milei fue el candidato m\u00e1s votado en la primera vuelta, con 769.847 votos, n\u00famero que podr\u00eda ampliarse de manera contundente. Los 665.717 votos obtenidos por Schiaretti en las elecciones del pasado 22 de octubre son un bot\u00edn m\u00e1s que preciado pensando en el escenario nacional y, por tal motivo, los ca\u00f1ones apuntar\u00e1n al electorado antikirchnerista cordob\u00e9s.\n<\/p>\n<p>Algunas encuestas que circulan en manos libertarias indican que la diferencia po dr\u00eda llegar hasta una posible \u201cf\u00f3rmula fernet\u201d de 70-30 en favor de Milei, guarismos que podr\u00edan ser determinantes en el marco de una elecci\u00f3n pareja entre los dos candidatos. El acto. Seg\u00fan comentaron a este medio algunos dirigentes cercanos a Milei, en esta oportunidad, no habr\u00e1 escenarios gigantes ni discursos grandilocuentes, tampoco estar\u00e1 Benegas Lynch llamando a romper relaciones con el Vaticano, ni videoclips donde se ven estallidos de fondo. La experiencia del acto en el Movistar Arena, en el coraz\u00f3n de Villa Crespo, que marc\u00f3 el cierre de campa\u00f1a de la primera vuelta no fue positiva, los armadores as\u00ed lo entienden y por eso esta nueva apuesta.<\/p>\n<p>Los detalles del desembarco en C\u00f3rdoba terminar\u00e1n de definirse esta semana, muchos de ellos se tratar\u00e1n en la reuni\u00f3n que se llevar\u00e1 a cabo este lunes a las 20 en el Hotel Libertador de Buenos Aires, tradicional reducto para las reuniones de los dirigentes electos libertarios. El posible futuro ministro del Interior de Milei, e integrante de la \u201cmesa chica\u201d de armadores de LLA, Guillermo Francos, es uno de los encargados de la log\u00edstica y trabaja en conjunto con varios dirigentes cordobeses entre ellos Gabriel Bornoroni y Rodolfo Eiben.\n<\/p>\n<p>Francos considera a C\u00f3rdoba como un enclave fundamental para las expectativas presidenciales del candidato libertario. En principio, el cierre en tierras cordobesas encontrar\u00e1 a Milei recorriendo las calles de la ciudad en una multitudinaria caravana por los barrios. Se especula que podr\u00eda haber conversaciones con los vecinos, explicando sus propuestas y el alcance que tendr\u00edan las primeras medidas de gobierno. Estas actividades depender\u00e1n del marco de p\u00fablico que decida acompa\u00f1ar al candidato.\n<\/p>\n<p>El recorrido a\u00fan no est\u00e1 definido, ni tampoco si la tradicional esquina del Patio Olmos, un emblema de la ciudad y epicentro del cierre de la campa\u00f1a de Macri en 2019, ser\u00e1 el lugar elegido para concluir la caravana.\n<\/p>\n<p><strong>Equipo mixto de fiscalizaci\u00f3n.<\/strong>&nbsp;Uno de los ejes centrales y tal vez la mayor preocupaci\u00f3n de los dirigentes libertarios es la fiscalizaci\u00f3n, por eso en C\u00f3rdoba se arm\u00f3 una especie de Comisi\u00f3n encargada de diagramar el operativo de cara al pr\u00f3ximo 19 de noviembre. La particularidad de esta comitiva es que se sumaron dirigentes del PRO. Integran este equipo fiscalizador: Gabriel Bornoroni, diputado electo por C\u00f3rdoba; Gonzalo Roca, hombre de confianza de Bornoroni; Mar\u00eda Celeste Iba\u00f1ez, tambi\u00e9n diputada electa por el MID; Hugo Gim\u00e9nez, que responde a Eiben; Ernesto Gazal por el Partido Dem\u00f3crata, y aqu\u00ed la novedad: se sumaron Laura Rodr\u00edguez Machado y Soher el Sukaria, dirigentes del PRO. Rodr\u00edguez Machado fue la jefa de campa\u00f1a de Patricia Bullrich en C\u00f3rdoba durante la primera vuelta.\n<\/p>\n<p>No son los \u00fanicos dirigentes encargados de sumar y capacitar fiscales, Mar\u00eda Celeste Ponce trabaja en el sur de la provincia, y tambi\u00e9n algunos dirigentes capitalinos hacen lo propio en encuentros que se llevan a cabo en los barrios de C\u00f3rdoba.\n<\/p>\n<div class=\"g g-38\">\n<div class=\"g-dyn a-12 c-1\"><a class=\"gofollow\" data-track=\"MTIsMzgsMSw2MA==\" href=\"https:\/\/hospitalprivado.com.ar\/landing-trasplante.html\" target=\"_blank\" rel=\"noopener\"><img class=\"lazyload\" src=\"http:\/\/nuevacordoba.net\/wp-content\/uploads\/2023\/11\/milei-en-cordoba-trabajan-para-que-cierre-su-campana-en-la-ciudad.gif\"><\/a><\/div>\n<\/div>\n","protected":false},"excerpt":{"rendered":"<p>&nbsp; Por Ariel Bogdanov, especial para Perfil C\u00f3rdoba. A s\u00f3lo 14 d\u00edas del balotaje que definir\u00e1 qui\u00e9n ser\u00e1 el nuevo presidente de los argentinos, se conocieron nuevos detalles del cierre de campa\u00f1a de los candidatos. En el caso de La Libertad Avanza, C\u00f3rdoba tendr\u00e1 un rol protag\u00f3nico, ya que Javier Milei desembarcar\u00e1 en la capital [&hellip;]<\/p>\n","protected":false},"author":1,"featured_media":38477,"comment_status":"open","ping_status":"closed","sticky":false,"template":"","format":"standard","meta":[],"categories":[12,14],"tags":[],"_links":{"self":[{"href":"http:\/\/nuevacordoba.net\/index.php\/wp-json\/wp\/v2\/posts\/38476"}],"collection":[{"href":"http:\/\/nuevacordoba.net\/index.php\/wp-json\/wp\/v2\/posts"}],"about":[{"href":"http:\/\/nuevacordoba.net\/index.php\/wp-json\/wp\/v2\/types\/post"}],"author":[{"embeddable":true,"href":"http:\/\/nuevacordoba.net\/index.php\/wp-json\/wp\/v2\/users\/1"}],"replies":[{"embeddable":true,"href":"http:\/\/nuevacordoba.net\/index.php\/wp-json\/wp\/v2\/comments?post=38476"}],"version-history":[{"count":0,"href":"http:\/\/nuevacordoba.net\/index.php\/wp-json\/wp\/v2\/posts\/38476\/revisions"}],"wp:featuredmedia":[{"embeddable":true,"href":"http:\/\/nuevacordoba.net\/index.php\/wp-json\/wp\/v2\/media\/38477"}],"wp:attachment":[{"href":"http:\/\/nuevacordoba.net\/index.php\/wp-json\/wp\/v2\/media?parent=38476"}],"wp:term":[{"taxonomy":"category","embeddable":true,"href":"http:\/\/nuevacordoba.net\/index.php\/wp-json\/wp\/v2\/categories?post=38476"},{"taxonomy":"post_tag","embeddable":true,"href":"http:\/\/nuevacordoba.net\/index.php\/wp-json\/wp\/v2\/tags?post=38476"}],"curies":[{"name":"wp","href":"https:\/\/api.w.org\/{rel}","templated":true}]}}