{"id":38711,"date":"2023-11-12T22:47:33","date_gmt":"2023-11-12T22:47:33","guid":{"rendered":"http:\/\/nuevacordoba.net\/index.php\/2023\/11\/12\/el-ciclo-el-teatro-nacional-cervantes-produce-en-el-pais-finaliza-junto-al-mar\/"},"modified":"2023-11-12T22:47:33","modified_gmt":"2023-11-12T22:47:33","slug":"el-ciclo-el-teatro-nacional-cervantes-produce-en-el-pais-finaliza-junto-al-mar","status":"publish","type":"post","link":"http:\/\/nuevacordoba.net\/index.php\/2023\/11\/12\/el-ciclo-el-teatro-nacional-cervantes-produce-en-el-pais-finaliza-junto-al-mar\/","title":{"rendered":"El ciclo \u00abEl Teatro Nacional Cervantes produce en el pa\u00eds\u00bb finaliza junto al mar"},"content":{"rendered":"<figure class=\"mb-3\"><img loading=\"lazy\" data-src=\"http:\/\/nuevacordoba.net\/wp-content\/uploads\/2023\/11\/el-ciclo-el-teatro-nacional-cervantes-produce-en-el-pais-finaliza-junto-al-mar.jpg\" src=\"https:\/\/www.telam.com.ar\/assets\/img\/not_image.png\" class=\" lazy \" width=\"100%\" height=\"100%\" alt=\"Deux ex machina sube al escenario en Villa Gesell\"><figcaption> \u00abDeux ex machina\u00bb sube al escenario en Villa Gesell. <\/figcaption><\/figure>\n<p><strong>\u201cDeux ex machina\u201d<\/strong> el t\u00edtulo referido a mecanismos utilizados en el teatro desde sus principios y referidos a alg\u00fan dios o deidad que desde fuera de escena solucionara entuertos de dif\u00edcil soluci\u00f3n, es la adaptaci\u00f3n con la que el director Ezequiel de Almeida, residente en la localidad costera de Mar Azul, cierra el ciclo 2023 <strong>\u201cEl Teatro Cervantes produce en el pa\u00eds\u201d<\/strong> y que puede verse en la Casa de la Cultura de Villa Gesell.<\/p>\n<p>El texto original fue escrito y estrenado por <strong>Santiago Gobernori<\/strong> durante 2008 dentro del formato \u201cbiodrama\u201d, una forma esc\u00e9nica que ide\u00f3 la inquieta <strong>Vivi Tellas<\/strong> y que tuvo gran repercusi\u00f3n en el teatro experimental hace unas dos d\u00e9cadas: se trataba de tomar historias reales de personajes vivientes o que hayan vivido \u2013preferentemente cercanos a sus creadores- y hacer de ellas un hecho representable. Algo similar a lo cumplido recientemente por <strong>Lorena Vega<\/strong> y sus hermanos en \u201cImprenteros\u201d.<\/p>\n<p>La versi\u00f3n de De Almeida no atiende a la historia verdadera de la familia Nagel en un sentido documental, como planteaba la iniciativa de Tellas-Gobernori, sino que <strong>transforma el \u201cbiodrama\u201d en un \u201cdesv\u00edo-drama\u201d, d\u00e1ndole a su asunto un perfil que se asemeja a las comedias costumbristas y familiares que estuvieron de moda hace 60 u 80 a\u00f1os, en general con figuras muy populares al frente de sus propias compa\u00f1\u00edas.<\/strong><\/p>\n<p>Esta \u201cDeux ex machina\u201d toma como centro a una familia no demasiado peculiar, centrada en un padre (<strong>Daniel Fern\u00e1ndez Bubi<\/strong>), propietario de una pr\u00f3spera f\u00e1brica de bulones industriales que a partir de ellos inventa un artefacto que puede llevarlos a la riqueza. El problema es que el hombre sufre un accidente cerebro-vascular, debe desplazarse en una silla de ruedas y uno de sus brazos queda fuera de servicio; pr\u00e1cticamente queda solo en su empresa.<\/p>\n<p>El hombre supone que ser\u00e1 asistido por su familia, sobre todo por sus hijas (<strong>Mariana Mac Allister <\/strong>y<strong> Roc\u00edo Maldonado<\/strong>) y por su hijo (<strong>Pablo Nasti<\/strong>), pero no.<\/p>\n<p>Protagoniza el propio De Almeida -egresado de la UNA-, un aficionado al juego, mujeriego y enemigo del trabajo, que el p\u00fablico memorioso identificar\u00e1 con el t\u00edo solter\u00f3n de \u201cLa familia Falc\u00f3n\u201d, viejo personaje de un programa televisivo, presuntamente inspirado a su vez en el personaje de El\u00edas Alippi en \u201cAs\u00ed es la vida\u201d, vividor e introductor del tango en la familia, en \u00e9pocas en que era considerado un ritmo indecente. Simp\u00e1tico, insolente y tambi\u00e9n indolente ante las penurias de los suyos, el artista tiene sus momentos de lucimiento.<\/p>\n<p>Aqu\u00ed no hay tango ni situaciones vinculadas a la mala vida, pero los sue\u00f1os del padre se frustran y cada cual solventa como puede el mantenimiento del hogar, sobre todo las hijas, que elaboran alimentos para vender, y, en menor medida el hijo menor, m\u00e1s interesado en descollar como poeta que en aportar para la sobrevivencia.<\/p>\n<figure class=\"mb-3\"><img loading=\"lazy\" data-src=\"http:\/\/nuevacordoba.net\/wp-content\/uploads\/2023\/11\/el-ciclo-el-teatro-nacional-cervantes-produce-en-el-pais-finaliza-junto-al-mar-1.jpg\" src=\"https:\/\/www.telam.com.ar\/assets\/img\/not_image.png\" class=\" lazy \" width=\"100%\" height=\"100%\" alt=\"La pieza de Santiago Gobernori toma como centro a una familia no demasiado peculiar\"><figcaption> La pieza de Santiago Gobernori toma como centro a una familia no demasiado peculiar. <\/figcaption><\/figure>\n<p><br open> Por supuesto el mecanismo salvador no se concreta nunca ya que nadie cree demasiado en \u00e9l y solo su inventor comienza y termina la obra sobre la base de la esperanza, en algo que el director y tambi\u00e9n actor de Almeida hace rozar con el grotesco criollo.<\/p>\n<p>Para ello cuenta con un elenco eficaz \u2013en algunos casos reclutados de artistas callejeros o cultores de los caf\u00e9-concerts que en los veranos ocupan algunas salitas de la Avenida 3 de Villa Gesell-, a los que hace atravesar corriendo el escenario como en una comparsa que separa las escenas, aunque tambi\u00e9n recurre al golpe y al porrazo dentro de un humor que recuerda al viejo cine mudo.<\/p>\n<p>Existen, eso s\u00ed, momentos bellos, cuando el ritmo esc\u00e9nico parece poner a la familia de acuerdo y los sonidos que producen adquieren armon\u00eda.<\/p>\n<p>Hay aciertos en la muy ver\u00eddica escenograf\u00eda de <strong>David Assad<\/strong>, las luces de Lola G. Paluci Arias, el sonido de Facundo Vrdoljak y el vestuario de Mariana Mac Allister.<\/p>\n<p>Por el TNC Federal actuaron los productores <strong>Maxi Libera y Poli Bontas<\/strong>, el productor t\u00e9cnico <strong>Mart\u00edn Lavini, Aim\u00e9 Pansera<\/strong> en la gesti\u00f3n de p\u00fablicos, la responsable administrativa <strong>Fernanda Sampedro<\/strong>, el prensero <strong>Enrique Iturralde<\/strong> y la fot\u00f3grafa <strong>Ailen Garelli<\/strong>.<\/p>\n<p>Las funciones son en la Casa de la Cultura de Villa Gesell, Avenida 3, entre los paseos 140 y 141, se extender\u00e1n hasta el 10 de diciembre los viernes a las 21 y los domingos a las 20, con entradas gratuitas, que se pueden gestionar en la boleter\u00eda de la sala, a trav\u00e9s del tel\u00e9fono +54 9 11 3126 3822 o el correo electr\u00f3nico gestiondepublicos@teatrocervantes.gob.ar.<\/p>\n<p>La pieza completa el septeto de obras federales impulsada por el TNC en 2023, n\u00f3mina que adem\u00e1s incluy\u00f3 \u201cDe qui\u00e9n es el mar\u201d (Santa Rosa, La Pampa), \u201cMientras los fil\u00f3sofos duermen\u201d (Ciudad de C\u00f3rdoba), \u201cOtilia Buenaventura\u201d (Monte Caseros, Corrientes), \u201cLos establos de Su Majestad\u201d (Las Heras, Mendoza), \u201cHedda Gabler\u201d (Ciudad de Santa Fe) y \u201cLos lugares cambian\u201d (San Salvador de Jujuy). <\/p>\n","protected":false},"excerpt":{"rendered":"<p>\u00abDeux ex machina\u00bb sube al escenario en Villa Gesell. \u201cDeux ex machina\u201d el t\u00edtulo referido a mecanismos utilizados en el teatro desde sus principios y referidos a alg\u00fan dios o deidad que desde fuera de escena solucionara entuertos de dif\u00edcil soluci\u00f3n, es la adaptaci\u00f3n con la que el director Ezequiel de Almeida, residente en la [&hellip;]<\/p>\n","protected":false},"author":1,"featured_media":38712,"comment_status":"closed","ping_status":"closed","sticky":false,"template":"","format":"standard","meta":[],"categories":[9],"tags":[],"_links":{"self":[{"href":"http:\/\/nuevacordoba.net\/index.php\/wp-json\/wp\/v2\/posts\/38711"}],"collection":[{"href":"http:\/\/nuevacordoba.net\/index.php\/wp-json\/wp\/v2\/posts"}],"about":[{"href":"http:\/\/nuevacordoba.net\/index.php\/wp-json\/wp\/v2\/types\/post"}],"author":[{"embeddable":true,"href":"http:\/\/nuevacordoba.net\/index.php\/wp-json\/wp\/v2\/users\/1"}],"replies":[{"embeddable":true,"href":"http:\/\/nuevacordoba.net\/index.php\/wp-json\/wp\/v2\/comments?post=38711"}],"version-history":[{"count":0,"href":"http:\/\/nuevacordoba.net\/index.php\/wp-json\/wp\/v2\/posts\/38711\/revisions"}],"wp:featuredmedia":[{"embeddable":true,"href":"http:\/\/nuevacordoba.net\/index.php\/wp-json\/wp\/v2\/media\/38712"}],"wp:attachment":[{"href":"http:\/\/nuevacordoba.net\/index.php\/wp-json\/wp\/v2\/media?parent=38711"}],"wp:term":[{"taxonomy":"category","embeddable":true,"href":"http:\/\/nuevacordoba.net\/index.php\/wp-json\/wp\/v2\/categories?post=38711"},{"taxonomy":"post_tag","embeddable":true,"href":"http:\/\/nuevacordoba.net\/index.php\/wp-json\/wp\/v2\/tags?post=38711"}],"curies":[{"name":"wp","href":"https:\/\/api.w.org\/{rel}","templated":true}]}}