{"id":38717,"date":"2023-11-13T03:02:02","date_gmt":"2023-11-13T03:02:02","guid":{"rendered":"https:\/\/puntoapunto.com.ar\/?p=353048"},"modified":"2023-11-13T03:02:02","modified_gmt":"2023-11-13T03:02:02","slug":"debate-presidencial-massa-por-si-o-por-no-y-milei-firme-con-el-plan-motosierra","status":"publish","type":"post","link":"http:\/\/nuevacordoba.net\/index.php\/2023\/11\/13\/debate-presidencial-massa-por-si-o-por-no-y-milei-firme-con-el-plan-motosierra\/","title":{"rendered":"Debate presidencial: Massa \u00abpor si o por no\u00bb y Milei firme con el plan motosierra"},"content":{"rendered":"<div class=\"g g-36\">\n<div class=\"g-dyn a-29 c-1\"><a class=\"gofollow\" data-track=\"MjksMzYsMSw2MA==\" href=\"https:\/\/www.harmoniechateau.com.ar\/\" target=\"_blank\" rel=\"noopener\"><img class=\"lazyload\" src=\"http:\/\/nuevacordoba.net\/wp-content\/uploads\/2023\/11\/debate-presidencial-massa-por-si-o-por-no-y-milei-firme-con-el-plan-motosierra.jpg\"><\/a><\/div>\n<\/div>\n<p>&nbsp;\n<\/p>\n<p>Los candidatos presidenciales de <strong>Uni\u00f3n por la Patria,&nbsp;<a href=\"https:\/\/puntoapunto.com.ar\/de-cara-al-balotaje-apyme-se-alinea-con-massa-y-pide-defender-la-industria\/\" target=\"_blank\" rel=\"noopener\">Sergio Massa, <\/a><\/strong>y de&nbsp;<strong>La&nbsp;Libertad Avanza,&nbsp;<a href=\"https:\/\/puntoapunto.com.ar\/camino-al-balotaje-milei-capta-7-de-cada-10-votos-de-bullrich\/\" target=\"_blank\" rel=\"noopener\">Javier Milei<\/a>,<\/strong> se enfrentaron en el \u00faltimo debate antes del balotaje del 19 de noviembre.\n<\/p>\n<p class=\"paragraph\"><b>Massa<\/b>&nbsp;fue el primero en dar su minuto de presentaci\u00f3n: \u201cEs una de las noches m\u00e1s importantes de la democracia\u201d. \u201cTenemos el desaf\u00edo de definir los pr\u00f3ximos cuatro a\u00f1os de qui\u00e9n va a representar a la Argentina\u201d, cerr\u00f3.\n<\/p>\n<p class=\"paragraph\">Luego fue el turno de <strong>Milei:<\/strong> \u201c<strong>Soy economista, liberal libertario. S\u00e9 c\u00f3mo hacer crecer a una econom\u00eda y crear puestos de trabajo.<\/strong> S\u00e9 c\u00f3mo terminar con la pobreza y la indigencia. S\u00e9 c\u00f3mo terminar el&nbsp;<b>c\u00e1ncer de la inflaci\u00f3n<\/b>. Somos la f\u00f3rmula perfecta para terminar con los problemas que aquejan a la sociedad argentina. Una Argentina diferente es imposible con los mismos de siempre\u201d.\n<\/p>\n<h4 class=\"font--primary\"><strong>Econom\u00eda<\/strong><\/h4>\n<p class=\"paragraph\">Quien comenz\u00f3 el primer eje tem\u00e1tico Econom\u00eda fue&nbsp;<b>Javier Milei<\/b>, quien cuestion\u00f3 a la gesti\u00f3n actual: \u201cTenemos 35% de pobreza y una inflaci\u00f3n caminando al 300% con alto riesgo de hiperinflaci\u00f3n. Consecuencia del modelo de la casta, basado en donde hay una necesidad hay un derecho\u201d.<\/p>\n<p class=\"paragraph\">\u201cLe hemos quitado trece ceros a la moneda. La otra alternativa tiene el ajuste y que la pol\u00edtica siempre lo hace subiendo impuestos, nunca bajando gasto. Es inviable el sector p\u00fablico.&nbsp;<b>El Estado es el origen del problema<\/b>, no de la soluci\u00f3n\u201d, insisti\u00f3 el libertario.\n<\/p>\n<p><img loading=\"lazy\" decoding=\"async\" alt width=\"790\" height=\"527\" data-sizes=\"(max-width: 790px) 100vw, 790px\" class=\"aligncenter wp-image-352815 size-full lazyload\" src=\"http:\/\/nuevacordoba.net\/wp-content\/uploads\/2023\/11\/debate-presidencial-massa-por-si-o-por-no-y-milei-firme-con-el-plan-motosierra-1.jpg\" srcset=\"http:\/\/nuevacordoba.net\/wp-content\/uploads\/2023\/11\/debate-presidencial-massa-por-si-o-por-no-y-milei-firme-con-el-plan-motosierra-1.jpg 790w, http:\/\/nuevacordoba.net\/wp-content\/uploads\/2023\/11\/debate-presidencial-massa-por-si-o-por-no-y-milei-firme-con-el-plan-motosierra-4.jpg 300w, http:\/\/nuevacordoba.net\/wp-content\/uploads\/2023\/11\/debate-presidencial-massa-por-si-o-por-no-y-milei-firme-con-el-plan-motosierra-5.jpg 768w, http:\/\/nuevacordoba.net\/wp-content\/uploads\/2023\/11\/debate-presidencial-massa-por-si-o-por-no-y-milei-firme-con-el-plan-motosierra-6.jpg 750w\">\n<\/p>\n<p class=\"paragraph\">Sergio Massa interrumpi\u00f3 y le pregunt\u00f3 a Milei si va a eliminar los subsidios, si va a privatizar Vaca Muerta, si va a dolarizar la econom\u00eda, si va a privatizar r\u00edos y mares, si va a eliminar el BCRA. Ante este cuestionamiento, Milei apunt\u00f3<b>: \u201cNo me vas a condicionar si contesto por s\u00ed o no.&nbsp;<\/b>Ustedes estuvieron mintiendo sobre los subsidios, son mentirosos\u201d\n<\/p>\n<p class=\"paragraph\">\u201c<strong>Voy a terminar con el Banco Central<\/strong> porque es lo que genera la inflaci\u00f3n.&nbsp;<b>Es la manera que tienen de robarnos a nosotros\u201d<\/b>, repiti\u00f3 y lanz\u00f3:<b>&nbsp;\u201c\u00bfA qui\u00e9n quer\u00e9s seguir jodi\u00e9ndole la vida con la inflaci\u00f3n?\u201d.<\/b>\n<\/p>\n<p class=\"paragraph\"><b>\u201cNo te pongas agresivo\u201d<\/b>, contest\u00f3 Massa y Milei afirm\u00f3: No soy agresivo,&nbsp;<b>expreso con pasi\u00f3n\u201d.&nbsp;<\/b>Despu\u00e9s de que Massa lo acusara de contradecir su discurso, el candidato de LLA chicane\u00f3:<b>&nbsp;\u201cSi un mentiroso dice que alguien es un mentiroso el que es acusado es el que dice la verdad<\/b>. Si fueras pinocho, ya me hubieras lastimado un ojo\u201d.\n<\/p>\n<p class=\"paragraph\">Ante esa respuesta, el postulante de UxP dijo:&nbsp;<b>\u201cJavier, hiciste una carrera no como economista sino como standupero de televisi\u00f3n<\/b>, pero lo que est\u00e1 en juego es qui\u00e9n se va a sentar como presidente. O faltaste a la plataforma que presentantes en la justicia electoral, que ser\u00eda grav\u00edsimo, o te contradec\u00eds esta noche\u201d.\n<\/p>\n<p class=\"paragraph\">Luego de que Milei usara sus seis minutos, Massa aprovech\u00f3 para atacar a Milei: \u201cLa salida de la Argentina es con importaciones, con la reducci\u00f3n de impuestos, incluidas las exportaciones. La salida no es por el recorte a los jubilados ni la vuelta a las AFJP\u201d.\n<\/p>\n<h4 class=\"font--primary\"><strong>Relaciones de la Argentina con el mundo<\/strong><\/h4>\n<p class=\"paragraph\">A la inversa, este bloque lo inici\u00f3&nbsp;<b>Sergio Massa<\/b>, de Uni\u00f3n por la Patria. En sus primeras palabras, plante\u00f3 la necesidad de que la Argentina mantenga sus relaciones internacionales.\n<\/p>\n<p><img loading=\"lazy\" decoding=\"async\" alt width=\"980\" height=\"551\" data-sizes=\"(max-width: 980px) 100vw, 980px\" class=\"aligncenter wp-image-352240 size-full lazyload\" src=\"http:\/\/nuevacordoba.net\/wp-content\/uploads\/2023\/11\/debate-presidencial-massa-por-si-o-por-no-y-milei-firme-con-el-plan-motosierra.png\" srcset=\"http:\/\/nuevacordoba.net\/wp-content\/uploads\/2023\/11\/debate-presidencial-massa-por-si-o-por-no-y-milei-firme-con-el-plan-motosierra.png 980w, http:\/\/nuevacordoba.net\/wp-content\/uploads\/2023\/11\/debate-presidencial-massa-por-si-o-por-no-y-milei-firme-con-el-plan-motosierra-1.png 300w, http:\/\/nuevacordoba.net\/wp-content\/uploads\/2023\/11\/debate-presidencial-massa-por-si-o-por-no-y-milei-firme-con-el-plan-motosierra-2.png 768w, http:\/\/nuevacordoba.net\/wp-content\/uploads\/2023\/11\/debate-presidencial-massa-por-si-o-por-no-y-milei-firme-con-el-plan-motosierra-3.png 750w\">\n<\/p>\n<p class=\"paragraph\">En esa l\u00ednea, dijo que hay que enfocarse en varios puntos: \u201cEn los principales<b>&nbsp;socios comerciales de la Argentina<\/b>, relaci\u00f3n con la Santa Sede y la irrenunciable de la&nbsp;<b>soberan\u00eda de Malvinas<\/b>\u201d. Asimismo acus\u00f3 al libertario de haber insultado al&nbsp;<b>Papa Francisco.<\/b>\n<\/p>\n<p class=\"paragraph\"><b>\u201cEl Estado no puede decidir con qui\u00e9n hacer comercio<\/b>&nbsp;y con qui\u00e9n no. Termina siendo un estorbo\u201d, replic\u00f3 Milei y agreg\u00f3: \u201cComo Estado no estoy con aquellos que no respetan la democracia liberal, las libertades individuales y que no respetan la paz. Con esos no quiero saber nada\u201d.\n<\/p>\n<p class=\"paragraph\">Adem\u00e1s, el candidato de LLA dijo que su espacio respeta al&nbsp;<b>Sumo Pont\u00edfice<\/b>. \u201cTe ped\u00ed que le pidas disculpas al Papa y no lo hiciste, aunque dijiste que si. Ahora, \u00bflo vas a a hacer?\u201d, volvi\u00f3 a insistir Massa.\n<\/p>\n<p class=\"paragraph\">En ese momento, Milei asegur\u00f3 haberle pedido disculpas en privado al Papa y que si tiene que pedir perd\u00f3n no tiene problema en hacerlo. All\u00ed, aprovech\u00f3 para hablar sobre las Malvinas:<b>&nbsp;\u201cConsideramos que son argentinas y vamos a pelear<\/b>&nbsp;hasta que las islas vuelvan a ser argentinas. Termina de mentir y basta de ese nacionalismo barato\u201d.\n<\/p>\n<p class=\"paragraph\">Massa reatac\u00f3 y le pregunt\u00f3 que Tacher era su \u00eddola:&nbsp;<b>\u201cEs una \u00eddola como muchos, Churchill<\/b>&nbsp;y muchos otros\u201d. \u201cSe m\u00e1s serio Sergio, dale. Hace preguntas serias\u201d, contest\u00f3.\n<\/p>\n<p class=\"paragraph\">\u201cLa ruptura con el Mercosur, con Brasil y China, representan dos millones de empleos menos. La relaciones p\u00fablicas no se pueden regir por caprichos, Desgraciadamente, lo que estamos viendo es una persona que entepone sus caprichos por sobre el bienestar de los argentinos\u201d, dijo Massa.\n<\/p>\n<p class=\"paragraph\">Por otra parte, Milei dijo que cree en la libertad y en el libre comercio,&nbsp;<b>no en los \u201carreglos del gobierno\u201d.<\/b>\n<\/p>\n<p><img loading=\"lazy\" decoding=\"async\" alt width=\"1023\" height=\"664\" data-sizes=\"(max-width: 1023px) 100vw, 1023px\" class=\"aligncenter wp-image-352253 size-full lazyload\" src=\"http:\/\/nuevacordoba.net\/wp-content\/uploads\/2023\/11\/debate-presidencial-massa-por-si-o-por-no-y-milei-firme-con-el-plan-motosierra-2.jpg\" srcset=\"http:\/\/nuevacordoba.net\/wp-content\/uploads\/2023\/11\/debate-presidencial-massa-por-si-o-por-no-y-milei-firme-con-el-plan-motosierra-2.jpg 1023w, http:\/\/nuevacordoba.net\/wp-content\/uploads\/2023\/11\/debate-presidencial-massa-por-si-o-por-no-y-milei-firme-con-el-plan-motosierra-7.jpg 300w, http:\/\/nuevacordoba.net\/wp-content\/uploads\/2023\/11\/debate-presidencial-massa-por-si-o-por-no-y-milei-firme-con-el-plan-motosierra-8.jpg 768w, http:\/\/nuevacordoba.net\/wp-content\/uploads\/2023\/11\/debate-presidencial-massa-por-si-o-por-no-y-milei-firme-con-el-plan-motosierra-9.jpg 750w\">\n<\/p>\n<h4 class=\"font--primary\"><strong>Educaci\u00f3n y Salud<\/strong><\/h4>\n<p class=\"paragraph\">En el \u00faltimo eje del primer bloque,&nbsp;<b>Javier Milei&nbsp;<\/b>fue quien tom\u00f3 la palabra y desminti\u00f3 la idea de que fuera a privatizar la salud y la educaci\u00f3n p\u00fablica.\n<\/p>\n<p class=\"paragraph\">\u201cArgentina es un pa\u00eds federal y no es una decisi\u00f3n del Gobierno nacional si deja de serlo. La salud y la educaci\u00f3n son fundamental, por eso&nbsp;<b>pondremos al Ministerio de Capital Humano<\/b>\u201d, explic\u00f3.\n<\/p>\n<p class=\"paragraph\">Luego fue el turno de&nbsp;<b>Sergio Massa<\/b>, candidato de Uni\u00f3n por la Patria: \u201cVamos a destinar 8 puntos del PBI para inversi\u00f3n educativa\u201d. Remarc\u00f3 las propuestas para abrir universidades, la mejora de los programas y defendi\u00f3 al Incucai.\n<\/p>\n<p class=\"paragraph\">Milei cruz\u00f3: \u201cMe resultan interesantes las propuestas de Massa, pero&nbsp;<b>su signo pol\u00edtico lleva 16 a\u00f1os en el poder y no s\u00e9 por qu\u00e9 no lo hicieron.<\/b>&nbsp;Tu gobierno dej\u00f3 a 2 de cada 3 de los chicos en situaci\u00f3n de pobreza. Primero hay que resolver la pobreza, porque si no comen no pueden pensar\u201d.\n<\/p>\n<p class=\"paragraph\">\u201c\u00bfVas a arancelar las universidades?\u201d, pregunt\u00f3 Massa y, ante la evasiva del libertario, dijo: \u201cLa gente tiene que saber que este hombre&nbsp;<b>va a arancelar las universidades\u201d.<\/b>\n<\/p>\n<p class=\"paragraph\">\u201cNo s\u00e9 qu\u00e9 c\u00e1lculo hicieron, pero no dan eso. \u00bfSon los mismos que te hicieron los n\u00fameros de las tarifas en los carteles del tren y del colectivo o te est\u00e1 fallando la matem\u00e1tica? Ten\u00e9s que ser claro. \u00bfVas a robar la plata de gente?\u201d, se\u00f1al\u00f3 Javier Milei.\n<\/p>\n<p class=\"paragraph\">Fue entonces que Massa cruz\u00f3:&nbsp;<b>\u201cNo podes caer en la chicana berreta<\/b>&nbsp;que te pegaron tus nuevos socios que te abandonaron hoy. No vine a discutir del pasado,&nbsp;<b>es vos o yo\u201d.<\/b>\n<\/p>\n<p class=\"paragraph\">\u201cTe negaste a hacer el psicot\u00e9cnico\u201d, le dijo Massa a Milei y este le respondi\u00f3: \u201cY vos que siempre trabajaste en el gobierno nunca te lo hicieron\u201d. All\u00ed, el candidato de UxP repiti\u00f3 insistentemente sobre su paso por el Banco Central en una pasant\u00eda.\n<\/p>\n<p><img loading=\"lazy\" decoding=\"async\" alt width=\"987\" height=\"555\" data-sizes=\"(max-width: 987px) 100vw, 987px\" class=\"aligncenter wp-image-352812 size-full lazyload\" src=\"http:\/\/nuevacordoba.net\/wp-content\/uploads\/2023\/11\/debate-presidencial-massa-por-si-o-por-no-y-milei-firme-con-el-plan-motosierra-3.jpg\" srcset=\"http:\/\/nuevacordoba.net\/wp-content\/uploads\/2023\/11\/debate-presidencial-massa-por-si-o-por-no-y-milei-firme-con-el-plan-motosierra-3.jpg 987w, http:\/\/nuevacordoba.net\/wp-content\/uploads\/2023\/11\/debate-presidencial-massa-por-si-o-por-no-y-milei-firme-con-el-plan-motosierra-10.jpg 300w, http:\/\/nuevacordoba.net\/wp-content\/uploads\/2023\/11\/debate-presidencial-massa-por-si-o-por-no-y-milei-firme-con-el-plan-motosierra-11.jpg 768w, http:\/\/nuevacordoba.net\/wp-content\/uploads\/2023\/11\/debate-presidencial-massa-por-si-o-por-no-y-milei-firme-con-el-plan-motosierra-12.jpg 750w\">\n<\/p>\n<h4 class=\"font--primary\"><strong>Producci\u00f3n y Trabajo<\/strong><\/h4>\n<p class=\"paragraph\"><b>Sergio Massa<\/b>&nbsp;es el que arranc\u00f3 el&nbsp;<b>cuarto eje tem\u00e1tico<\/b>&nbsp;del debate presidencial. Dentro de las propuestas que realiz\u00f3, enumer\u00f3 la<b>&nbsp;quita de impuestos<\/b>&nbsp;para las importaciones desde 2024, la<b>&nbsp;simplificacion del sistema tributario<\/b>&nbsp;y la vuelta del programa \u201c814\u2033 que elimina las cargas sociales de todos los desarrollos industriales en el Norte.\n<\/p>\n<p class=\"paragraph\">Adem\u00e1s, asegur\u00f3 que su objetivo es<b>&nbsp;transformar los planes sociales<\/b>&nbsp;en trabajo formal y registrado.\n<\/p>\n<p class=\"paragraph\">Javier Milei, en su turno, ironiz\u00f3 con lo dicho por su contrincante: \u201cMe da gracia lo que dice Massa sobre crear m\u00e1s trabajo porque<b>&nbsp;desde el 2011 est\u00e1 estancado el crecimiento laboral.<\/b>&nbsp;Eso ocurre porque no hay inversi\u00f3n y eso ocurre porque con la presi\u00f3n fiscal&nbsp;que hay es imposible\u201d.\n<\/p>\n<p class=\"paragraph\">\u201cEl sector privado ahorra mucho,&nbsp;<b>el problema es el Estado que usted maneja.&nbsp;<\/b>Vamos a 15% de d\u00e9ficit fiscal entre el Banco y el Estado,&nbsp;<b>se chupan todo el ahorro y es imposible invertir\u201d<\/b>, remarc\u00f3 el libertario.\n<\/p>\n<p class=\"paragraph\">Massa fue por las mujeres y les asegur\u00f3 que si el gana crear\u00e1 jardines en donde puedan cuidar a sus hijos mientras ellas trabajan y adem\u00e1s propuso que<b>&nbsp;igualar\u00e1 el sueldo entre ambos g\u00e9neros.&nbsp;<\/b>\u201cEsa diferencia que Sergio Tom\u00e1s Massa dice es en promedio. Si vas a las tareas esta destruido muy equitativamente.&nbsp;<b>Eso es propio de no saber leer los n\u00fameros\u201d<\/b>, contest\u00f3 Milei.\n<\/p>\n<p class=\"paragraph\">Ante la propuesta del candidato de La Libertad Avanza de abrir la econom\u00eda de manera global, Massa dijo: \u201cAbrir la econom\u00eda indiscriminadamente es una mirada ap\u00e1trida y despreciaba de la realidad de los argentinos\u201d.\n<\/p>\n<div class=\"g g-38\">\n<div class=\"g-dyn a-12 c-1\"><a class=\"gofollow\" data-track=\"MTIsMzgsMSw2MA==\" href=\"https:\/\/hospitalprivado.com.ar\/landing-trasplante.html\" target=\"_blank\" rel=\"noopener\"><img class=\"lazyload\" src=\"http:\/\/nuevacordoba.net\/wp-content\/uploads\/2023\/11\/debate-presidencial-massa-por-si-o-por-no-y-milei-firme-con-el-plan-motosierra.gif\"><\/a><\/div>\n<\/div>\n","protected":false},"excerpt":{"rendered":"<p>&nbsp; Los candidatos presidenciales de Uni\u00f3n por la Patria,&nbsp;Sergio Massa, y de&nbsp;La&nbsp;Libertad Avanza,&nbsp;Javier Milei, se enfrentaron en el \u00faltimo debate antes del balotaje del 19 de noviembre. Massa&nbsp;fue el primero en dar su minuto de presentaci\u00f3n: \u201cEs una de las noches m\u00e1s importantes de la democracia\u201d. \u201cTenemos el desaf\u00edo de definir los pr\u00f3ximos cuatro a\u00f1os [&hellip;]<\/p>\n","protected":false},"author":1,"featured_media":38718,"comment_status":"open","ping_status":"closed","sticky":false,"template":"","format":"standard","meta":[],"categories":[12,14],"tags":[],"_links":{"self":[{"href":"http:\/\/nuevacordoba.net\/index.php\/wp-json\/wp\/v2\/posts\/38717"}],"collection":[{"href":"http:\/\/nuevacordoba.net\/index.php\/wp-json\/wp\/v2\/posts"}],"about":[{"href":"http:\/\/nuevacordoba.net\/index.php\/wp-json\/wp\/v2\/types\/post"}],"author":[{"embeddable":true,"href":"http:\/\/nuevacordoba.net\/index.php\/wp-json\/wp\/v2\/users\/1"}],"replies":[{"embeddable":true,"href":"http:\/\/nuevacordoba.net\/index.php\/wp-json\/wp\/v2\/comments?post=38717"}],"version-history":[{"count":0,"href":"http:\/\/nuevacordoba.net\/index.php\/wp-json\/wp\/v2\/posts\/38717\/revisions"}],"wp:featuredmedia":[{"embeddable":true,"href":"http:\/\/nuevacordoba.net\/index.php\/wp-json\/wp\/v2\/media\/38718"}],"wp:attachment":[{"href":"http:\/\/nuevacordoba.net\/index.php\/wp-json\/wp\/v2\/media?parent=38717"}],"wp:term":[{"taxonomy":"category","embeddable":true,"href":"http:\/\/nuevacordoba.net\/index.php\/wp-json\/wp\/v2\/categories?post=38717"},{"taxonomy":"post_tag","embeddable":true,"href":"http:\/\/nuevacordoba.net\/index.php\/wp-json\/wp\/v2\/tags?post=38717"}],"curies":[{"name":"wp","href":"https:\/\/api.w.org\/{rel}","templated":true}]}}