{"id":38729,"date":"2023-11-12T23:09:00","date_gmt":"2023-11-12T23:09:00","guid":{"rendered":"https:\/\/www.ole.com.ar\/autos\/autos-locos-buenos-aires-red-bull-fotos_0_9lImfkq8zJ.html"},"modified":"2023-11-12T23:09:00","modified_gmt":"2023-11-12T23:09:00","slug":"los-autos-locos-los-modelos-mas-bizarros-que-coparon-la-9-de-julio","status":"publish","type":"post","link":"http:\/\/nuevacordoba.net\/index.php\/2023\/11\/12\/los-autos-locos-los-modelos-mas-bizarros-que-coparon-la-9-de-julio\/","title":{"rendered":"Los Autos Locos: los modelos m\u00e1s bizarros que coparon la 9 de Julio"},"content":{"rendered":"<div><img src=\"http:\/\/nuevacordoba.net\/wp-content\/uploads\/2023\/11\/los-autos-locos-los-modelos-mas-bizarros-que-coparon-la-9-de-julio.jpg\" class=\"ff-og-image-inserted\"><\/div>\n<p>Hab\u00eda mucha expectativa por ver una carrera que no se daba desde 2013. <strong>La Red Bull Autos Locos<\/strong> fue furor durante la calurosa tarde porte\u00f1a. En un evento que tuvo lugar en Juncal y Carlos Pellegrini hasta la Avenida Libertador, en pleno centro de la Ciudad de Buenos Aires, m\u00e1s de 30 mil personas se acercaron para ver con sus propios ojos una exhibici\u00f3n bizarra, tal como describen desde la propia organizaci\u00f3n. Es por eso que en <strong>Ol\u00e9 <\/strong>te mostramos algunos de los modelos que participaron en una pista dise\u00f1ada para la ocasi\u00f3n.<\/p>\n","protected":false},"excerpt":{"rendered":"<p>Hab\u00eda mucha expectativa por ver una carrera que no se daba desde 2013. La Red Bull Autos Locos fue furor durante la calurosa tarde porte\u00f1a. En un evento que tuvo lugar en Juncal y Carlos Pellegrini hasta la Avenida Libertador, en pleno centro de la Ciudad de Buenos Aires, m\u00e1s de 30 mil personas se [&hellip;]<\/p>\n","protected":false},"author":1,"featured_media":38730,"comment_status":"closed","ping_status":"closed","sticky":false,"template":"","format":"standard","meta":[],"categories":[10],"tags":[],"_links":{"self":[{"href":"http:\/\/nuevacordoba.net\/index.php\/wp-json\/wp\/v2\/posts\/38729"}],"collection":[{"href":"http:\/\/nuevacordoba.net\/index.php\/wp-json\/wp\/v2\/posts"}],"about":[{"href":"http:\/\/nuevacordoba.net\/index.php\/wp-json\/wp\/v2\/types\/post"}],"author":[{"embeddable":true,"href":"http:\/\/nuevacordoba.net\/index.php\/wp-json\/wp\/v2\/users\/1"}],"replies":[{"embeddable":true,"href":"http:\/\/nuevacordoba.net\/index.php\/wp-json\/wp\/v2\/comments?post=38729"}],"version-history":[{"count":0,"href":"http:\/\/nuevacordoba.net\/index.php\/wp-json\/wp\/v2\/posts\/38729\/revisions"}],"wp:featuredmedia":[{"embeddable":true,"href":"http:\/\/nuevacordoba.net\/index.php\/wp-json\/wp\/v2\/media\/38730"}],"wp:attachment":[{"href":"http:\/\/nuevacordoba.net\/index.php\/wp-json\/wp\/v2\/media?parent=38729"}],"wp:term":[{"taxonomy":"category","embeddable":true,"href":"http:\/\/nuevacordoba.net\/index.php\/wp-json\/wp\/v2\/categories?post=38729"},{"taxonomy":"post_tag","embeddable":true,"href":"http:\/\/nuevacordoba.net\/index.php\/wp-json\/wp\/v2\/tags?post=38729"}],"curies":[{"name":"wp","href":"https:\/\/api.w.org\/{rel}","templated":true}]}}