{"id":38737,"date":"2023-11-13T11:50:46","date_gmt":"2023-11-13T11:50:46","guid":{"rendered":"http:\/\/cordobanewsnet.wordpress.com\/?p=8493"},"modified":"2023-11-13T11:50:46","modified_gmt":"2023-11-13T11:50:46","slug":"massa-y-milei-debatieron-de-cara-al-balotaje-del-proximo-domingo","status":"publish","type":"post","link":"http:\/\/nuevacordoba.net\/index.php\/2023\/11\/13\/massa-y-milei-debatieron-de-cara-al-balotaje-del-proximo-domingo\/","title":{"rendered":"Massa y Milei debatieron de cara al balotaje del pr\u00f3ximo domingo"},"content":{"rendered":"<div><img src=\"http:\/\/nuevacordoba.net\/wp-content\/uploads\/2023\/11\/massa-y-milei-debatieron-de-cara-al-balotaje-del-proximo-domingo.jpg\" class=\"ff-og-image-inserted\"><\/div>\n<p>En siete d\u00edas, los argentinos y argentinas definir\u00e1n al nuevo presidente. Las opciones ya son solo dos:&nbsp;<strong>Sergio Massa&nbsp;o&nbsp;Javier Milei<\/strong>. Los candidatos que disputar\u00e1n el&nbsp;<strong>balotaje el 19 de noviembre<\/strong>&nbsp;enfrentaron el \u00faltimo debate ante una elecci\u00f3n que se pronostica muy pareja.<\/p>\n<p>La particularidad de este debate fue que ambos tuvieron derecho a r\u00e9plica ilimitados. Es decir, discutieron sin interrupciones los seis ejes tem\u00e1ticos, que se desarrollaron en el siguiente orden:<\/p>\n<p><strong>\u2013 Econom\u00eda<\/strong><\/p>\n<p>Hubo un duro cruce con la dolarizaci\u00f3n y el cierre del Banco Central propuestos por Milei. Massa le pidi\u00f3 que responda \u00abs\u00ed o no\u00bb y el libertario lo acus\u00f3 de mentiroso.&nbsp;<\/p>\n<p> <video preload=\"none\" src=\"https:\/\/eldoce.tv\/4c4afc92-0430-4fc2-96a5-e1560b3da0fe\"><\/video> <\/p>\n<p><strong>\u2013 Relaciones de Argentina con el mundo<\/strong><\/p>\n<p>En este eje, la reivindicaci\u00f3n por las Islas Malvinas cobr\u00f3 protagonismo. Milei defini\u00f3 a la brit\u00e1nica Margaret Thatcher como una \u00abl\u00edder\u00bb de la \u00e9poca de la guerra y Massa la tild\u00f3 de \u00abenemiga\u00bb de la patria.<\/p>\n<p> <video preload=\"none\" src=\"https:\/\/eldoce.tv\/38dfe05b-6fa2-42f4-bf8d-f101fd5b9aae\"><\/video> <\/p>\n<p><strong>\u2013 Educaci\u00f3n y salud<\/strong><\/p>\n<p>El eje para reflexionar sobre la educaci\u00f3n y la salud p\u00fablicas o privadas fue cobrando tensi\u00f3n y se vivi\u00f3 la discusi\u00f3n m\u00e1s contundente de la noche. Milei calific\u00f3 a Massa como \u00abdelincuente\u00bb y el candidato oficialista, notoriamente molesto, levant\u00f3 el dedo y lo desafi\u00f3 a denunciarlo en la Justicia.&nbsp;<\/p>\n<p> <video preload=\"none\" src=\"https:\/\/eldoce.tv\/65402350-86b3-4dec-96ef-423519501e0c\"><\/video> <\/p>\n<p><strong>\u2013 Producci\u00f3n y trabajo<\/strong><\/p>\n<p>El tema exportaciones dio lugar a la en\u00e9sima chicana entre los candidatos. Milei lanz\u00f3 un \u00abno pod\u00e9s ser m\u00e1s mentiroso\u00bb a Massa y \u00e9ste contest\u00f3 ironizando con un \u00abte escribi\u00f3 el discurso Macri\u00bb.&nbsp;<\/p>\n<p> <video preload=\"none\" src=\"https:\/\/eldoce.tv\/02630321-a732-4ba1-b8c2-2975720e6e47\"><\/video> <\/p>\n<p><strong>\u2013 Seguridad<\/strong><\/p>\n<p>En este punto, Milei reproch\u00f3 que el pa\u00eds es un \u00abba\u00f1o de sangre\u00bb y culp\u00f3 al peronismo y al juez Zaffaroni. All\u00ed Massa marc\u00f3 una \u00fanica \u00abcoincidencia\u00bb y record\u00f3 su gesti\u00f3n con c\u00e1maras de seguridad ciudadana en Tigre<\/p>\n<p>\u2013&nbsp;<strong>Derechos humanos y convivencia democr\u00e1tica<\/strong><\/p>\n<p>Ya en un tono de ambos m\u00e1s calmo, Massa subray\u00f3 el \u00abNunca m\u00e1s\u00bb y el juicio a las Juntas Militares y volvi\u00f3 a convocar a un gobierno de \u00abunidad nacional\u00bb. Milei record\u00f3 la crisis provocada por la ley 125 contra el campo, la muerte a\u00fan no aclarada del fiscal Nisman y las \u00ab14 toneladas de piedras\u00bb contra el gobierno de Macr<\/p>\n<div id=\"jp-post-flair\" class=\"sharedaddy sd-like-enabled sd-sharing-enabled\">\n<div class=\"sharedaddy sd-sharing-enabled\">\n<div class=\"robots-nocontent sd-block sd-social sd-social-icon-text sd-sharing\">\n<h3 class=\"sd-title\">Share this:<\/h3>\n<\/div>\n<\/div>\n<div class=\"sharedaddy sd-block sd-like jetpack-likes-widget-wrapper jetpack-likes-widget-unloaded\" id=\"like-post-wrapper-143108178-8493-65526cae80a8c\" data-src=\"\/\/widgets.wp.com\/likes\/index.html?ver=20230906#blog_id=143108178&amp;post_id=8493&amp;origin=cordobanewsnet.wordpress.com&amp;obj_id=143108178-8493-65526cae80a8c\" data-name=\"like-post-frame-143108178-8493-65526cae80a8c\" data-title=\"Me gusta o Compartir\">\n<h3 class=\"sd-title\">Me gusta esto:<\/h3>\n<p><span class=\"button\"><span>Me gusta<\/span><\/span> <span class=\"loading\">Cargando&#8230;<\/span><\/p>\n<p><span class=\"sd-text-color\"><\/span><\/div>\n<p><h3 class=\"jp-relatedposts-headline\"><em>Relacionado<\/em><\/h3>\n<\/p>\n<\/div>\n","protected":false},"excerpt":{"rendered":"<p>En siete d\u00edas, los argentinos y argentinas definir\u00e1n al nuevo presidente. Las opciones ya son solo dos:&nbsp;Sergio Massa&nbsp;o&nbsp;Javier Milei. Los candidatos que disputar\u00e1n el&nbsp;balotaje el 19 de noviembre&nbsp;enfrentaron el \u00faltimo debate ante una elecci\u00f3n que se pronostica muy pareja. La particularidad de este debate fue que ambos tuvieron derecho a r\u00e9plica ilimitados. Es decir, discutieron [&hellip;]<\/p>\n","protected":false},"author":1,"featured_media":38738,"comment_status":"closed","ping_status":"closed","sticky":false,"template":"","format":"standard","meta":[],"categories":[14],"tags":[],"_links":{"self":[{"href":"http:\/\/nuevacordoba.net\/index.php\/wp-json\/wp\/v2\/posts\/38737"}],"collection":[{"href":"http:\/\/nuevacordoba.net\/index.php\/wp-json\/wp\/v2\/posts"}],"about":[{"href":"http:\/\/nuevacordoba.net\/index.php\/wp-json\/wp\/v2\/types\/post"}],"author":[{"embeddable":true,"href":"http:\/\/nuevacordoba.net\/index.php\/wp-json\/wp\/v2\/users\/1"}],"replies":[{"embeddable":true,"href":"http:\/\/nuevacordoba.net\/index.php\/wp-json\/wp\/v2\/comments?post=38737"}],"version-history":[{"count":0,"href":"http:\/\/nuevacordoba.net\/index.php\/wp-json\/wp\/v2\/posts\/38737\/revisions"}],"wp:featuredmedia":[{"embeddable":true,"href":"http:\/\/nuevacordoba.net\/index.php\/wp-json\/wp\/v2\/media\/38738"}],"wp:attachment":[{"href":"http:\/\/nuevacordoba.net\/index.php\/wp-json\/wp\/v2\/media?parent=38737"}],"wp:term":[{"taxonomy":"category","embeddable":true,"href":"http:\/\/nuevacordoba.net\/index.php\/wp-json\/wp\/v2\/categories?post=38737"},{"taxonomy":"post_tag","embeddable":true,"href":"http:\/\/nuevacordoba.net\/index.php\/wp-json\/wp\/v2\/tags?post=38737"}],"curies":[{"name":"wp","href":"https:\/\/api.w.org\/{rel}","templated":true}]}}