{"id":38749,"date":"2023-11-14T03:04:13","date_gmt":"2023-11-14T03:04:13","guid":{"rendered":"https:\/\/puntoapunto.com.ar\/?p=353067"},"modified":"2023-11-14T03:04:13","modified_gmt":"2023-11-14T03:04:13","slug":"como-sera-el-paso-de-milei-por-cordoba-llega-el-jueves-a-cerrar-su-campana","status":"publish","type":"post","link":"http:\/\/nuevacordoba.net\/index.php\/2023\/11\/14\/como-sera-el-paso-de-milei-por-cordoba-llega-el-jueves-a-cerrar-su-campana\/","title":{"rendered":"C\u00f3mo ser\u00e1 el paso de Milei por C\u00f3rdoba: llega el jueves a cerrar su campa\u00f1a"},"content":{"rendered":"<div class=\"g g-36\">\n<div class=\"g-dyn a-29 c-1\"><a class=\"gofollow\" data-track=\"MjksMzYsMSw2MA==\" href=\"https:\/\/www.harmoniechateau.com.ar\/\" target=\"_blank\" rel=\"noopener\"><img class=\"lazyload\" src=\"http:\/\/nuevacordoba.net\/wp-content\/uploads\/2023\/11\/como-sera-el-paso-de-milei-por-cordoba-llega-el-jueves-a-cerrar-su-campana.jpg\"><\/a><\/div>\n<\/div>\n<p>&nbsp;\n<\/p>\n<p>El candidato presidencial de La Libertad Avanza,&nbsp;<a href=\"https:\/\/puntoapunto.com.ar\/camino-al-balotaje-milei-capta-7-de-cada-10-votos-de-bullrich\/\" target=\"_blank\" rel=\"noopener\"><strong>Javier Milei<\/strong><\/a>, prepara dos grandes cierres de campa\u00f1a: el primero, el martes en la ciudad de Rosario, provincia de Santa Fe y la frutilla del postre, <strong>el jueves en C\u00f3rdoba,<\/strong> camino a la segunda vuelta que protagonizar\u00e1 con el ministro de Econom\u00eda y aspirante presidencial,&nbsp;<strong>Sergio Massa<\/strong>, el pr\u00f3ximo domingo.\n<\/p>\n<p>Posterior al<a href=\"https:\/\/puntoapunto.com.ar\/debate-presidencial-massa-por-si-o-por-no-y-milei-firme-con-el-plan-motosierra\/\" target=\"_blank\" rel=\"noopener\"> debate<\/a>, desde el entorno del libertario brindaron detalles respecto a sus \u00faltimas actividad de campa\u00f1a que, a pesar de las localidades, tendr\u00e1n la misma din\u00e1mica: caravana y acto de cierre.\n<\/p>\n<p><strong>La gran apuesta de La Libertad Avanza es la actividad en C\u00f3rdoba,<\/strong> provincia clave en la que el diputado cosech\u00f3 una buena elecci\u00f3n tanto en las <strong>PASO (688.684&nbsp;votos) como en las generales (769.847&nbsp;votos)<\/strong>, ubic\u00e1ndose como el candidato m\u00e1s votado por sobre la magra performance del oficialista, que acumul\u00f3&nbsp;177.528&nbsp;votos en agosto y aument\u00f3 a 308.016&nbsp;votos en octubre, pero que a\u00fan as\u00ed qued\u00f3 en el cuarto puesto.\n<\/p>\n<p>La del jueves ser\u00e1 su segunda visita a la ciudad en lo que va del a\u00f1o,&nbsp;<strong>uno de los bastiones de sus socios del PRO, territorio que le permiti\u00f3 al expresidente Mauricio Macri hacerse de la presidencia en 2015. Los deseos del equipo de La Libertad Avanza es&nbsp;<\/strong>consolidar un triunfo categ\u00f3rico en la provincia que le garantice la posibilidad de dar vuelta la elecci\u00f3n y aventajar al ministro de Econom\u00eda.<\/p>\n<p><strong>\u00abCambio o continuidad\u00bb,<\/strong>&nbsp;es la premisa que Milei utiliza para hacer campa\u00f1a, la que busca resaltar en sus \u00faltimos discursos de cara al balotaje en el que se definir\u00e1 el futuro del pa\u00eds.\n<\/p>\n<p>A pesar del fuerte hermetismo respecto a los detalles, se prev\u00e9 que el diputado y fundador de La Libertad Avanza encabece&nbsp;<strong>una caravana por la ciudad con acto incluido para las 19.<\/strong>\n<\/p>\n<p>Desde la fuerza libertaria local, revelaron adem\u00e1s que el desfile tendr\u00e1 su s\u00edntesis en el&nbsp;punto neur\u00e1lgico de la ciudad ubicado en la intersecci\u00f3n de calles&nbsp;<strong>V\u00e9lez Sarsfield, Yrigoyen y San Juan<\/strong>. All\u00ed, est\u00e1 el emplazamiento del shopping&nbsp;<strong>Patio Olmos<\/strong>.\n<\/p>\n<p>El libertario se mostrar\u00e1 rodeado de sus principales referentes: su hermana&nbsp;<strong>Karina Milei;<\/strong>&nbsp;la aspirante a vicepresidenta<strong>, Victoria Villarrue<\/strong>l; la diputada Carolina Piparo y el legislador Ramiro Marra, entre otros. Junto&nbsp;referentes locales&nbsp;<strong>recorrer\u00e1 distintos sitios hasta llegar a Nueva C\u00f3rdoba<\/strong>, donde se ubica el local partidario de la fuerza.\n<\/p>\n<p>Este martes, Milei visitar\u00e1&nbsp;la ciudad de&nbsp;<strong>Rosario, provincia de Santa Fe<\/strong>, donde se mostrar\u00e1 en cercan\u00eda con los vecinos de la zona y encabezar\u00e1 un acto luego de denunciara&nbsp;la connivencia de la Polic\u00eda y funcionarios con el narcotr\u00e1fico en el marco del tercer y \u00faltimo debate presidencial.\n<\/p>\n<div class=\"g g-38\">\n<div class=\"g-dyn a-12 c-1\"><a class=\"gofollow\" data-track=\"MTIsMzgsMSw2MA==\" href=\"https:\/\/hospitalprivado.com.ar\/landing-trasplante.html\" target=\"_blank\" rel=\"noopener\"><img class=\"lazyload\" src=\"http:\/\/nuevacordoba.net\/wp-content\/uploads\/2023\/11\/como-sera-el-paso-de-milei-por-cordoba-llega-el-jueves-a-cerrar-su-campana.gif\"><\/a><\/div>\n<\/div>\n","protected":false},"excerpt":{"rendered":"<p>&nbsp; El candidato presidencial de La Libertad Avanza,&nbsp;Javier Milei, prepara dos grandes cierres de campa\u00f1a: el primero, el martes en la ciudad de Rosario, provincia de Santa Fe y la frutilla del postre, el jueves en C\u00f3rdoba, camino a la segunda vuelta que protagonizar\u00e1 con el ministro de Econom\u00eda y aspirante presidencial,&nbsp;Sergio Massa, el pr\u00f3ximo [&hellip;]<\/p>\n","protected":false},"author":1,"featured_media":38750,"comment_status":"open","ping_status":"closed","sticky":false,"template":"","format":"standard","meta":[],"categories":[12,14],"tags":[],"_links":{"self":[{"href":"http:\/\/nuevacordoba.net\/index.php\/wp-json\/wp\/v2\/posts\/38749"}],"collection":[{"href":"http:\/\/nuevacordoba.net\/index.php\/wp-json\/wp\/v2\/posts"}],"about":[{"href":"http:\/\/nuevacordoba.net\/index.php\/wp-json\/wp\/v2\/types\/post"}],"author":[{"embeddable":true,"href":"http:\/\/nuevacordoba.net\/index.php\/wp-json\/wp\/v2\/users\/1"}],"replies":[{"embeddable":true,"href":"http:\/\/nuevacordoba.net\/index.php\/wp-json\/wp\/v2\/comments?post=38749"}],"version-history":[{"count":0,"href":"http:\/\/nuevacordoba.net\/index.php\/wp-json\/wp\/v2\/posts\/38749\/revisions"}],"wp:featuredmedia":[{"embeddable":true,"href":"http:\/\/nuevacordoba.net\/index.php\/wp-json\/wp\/v2\/media\/38750"}],"wp:attachment":[{"href":"http:\/\/nuevacordoba.net\/index.php\/wp-json\/wp\/v2\/media?parent=38749"}],"wp:term":[{"taxonomy":"category","embeddable":true,"href":"http:\/\/nuevacordoba.net\/index.php\/wp-json\/wp\/v2\/categories?post=38749"},{"taxonomy":"post_tag","embeddable":true,"href":"http:\/\/nuevacordoba.net\/index.php\/wp-json\/wp\/v2\/tags?post=38749"}],"curies":[{"name":"wp","href":"https:\/\/api.w.org\/{rel}","templated":true}]}}