{"id":38751,"date":"2023-11-14T11:24:00","date_gmt":"2023-11-14T11:24:00","guid":{"rendered":"https:\/\/prensa.cba.gov.ar\/?p=576107"},"modified":"2023-11-14T11:24:00","modified_gmt":"2023-11-14T11:24:00","slug":"aerolineas-conectara-cordoba-con-asuncion-de-paraguay","status":"publish","type":"post","link":"http:\/\/nuevacordoba.net\/index.php\/2023\/11\/14\/aerolineas-conectara-cordoba-con-asuncion-de-paraguay\/","title":{"rendered":"Aerol\u00edneas conectar\u00e1 C\u00f3rdoba con Asunci\u00f3n de Paraguay"},"content":{"rendered":"<ul>\n<li><strong>La Provincia contin\u00faa recuperando la conectividad internacional.<\/strong><\/li>\n<li><strong>La Agencia C\u00f3rdoba Turismo realiz\u00f3 gestiones ante el Ministerio de Turismo paraguayo y la aerol\u00ednea de bandera.<\/strong><\/li>\n<\/ul>\n<p>Aerol\u00edneas Argentinas anunci\u00f3 el lanzamiento de una nueva ruta internacional que conectar\u00e1 la ciudad de C\u00f3rdoba con Asunci\u00f3n, la capital de Paraguay. La decisi\u00f3n de la l\u00ednea de bandera se enmarca en el incesante esfuerzo de C\u00f3rdoba para atraer vuelos nacionales e internacionales a la provincia.<\/p>\n<p>El inicio de los vuelos entre ambas ciudades est\u00e1 programado para abril de 2024. Estos vuelos operar\u00e1n los martes y s\u00e1bados, ofreciendo a los pasajeros una opci\u00f3n de conexi\u00f3n directa entre C\u00f3rdoba y Asunci\u00f3n.<\/p>\n<p>El itinerario est\u00e1 dise\u00f1ado para proporcionar comodidad y eficiencia, con salidas desde C\u00f3rdoba a las 7:35 y llegada a Asunci\u00f3n a las 10:30. El regreso desde la capital paraguaya ser\u00e1 a las 18:40, arribando a C\u00f3rdoba a las 19:20. Los vuelos ser\u00e1n operados en aeronaves Embraer E190 con una capacidad para 96 pasajeros.<\/p>\n<figure class=\"wp-block-image size-full\"><img loading=\"lazy\" decoding=\"async\" width=\"982\" height=\"659\" src=\"http:\/\/nuevacordoba.net\/wp-content\/uploads\/2023\/11\/aerolineas-conectara-cordoba-con-asuncion-de-paraguay.jpg\" alt class=\"wp-image-576109\" srcset=\"http:\/\/nuevacordoba.net\/wp-content\/uploads\/2023\/11\/aerolineas-conectara-cordoba-con-asuncion-de-paraguay.jpg 982w, http:\/\/nuevacordoba.net\/wp-content\/uploads\/2023\/11\/aerolineas-conectara-cordoba-con-asuncion-de-paraguay-1.jpg 300w, http:\/\/nuevacordoba.net\/wp-content\/uploads\/2023\/11\/aerolineas-conectara-cordoba-con-asuncion-de-paraguay-2.jpg 768w\" sizes=\"(max-width: 982px) 100vw, 982px\"><\/figure>\n<p><em>Lastra mantuvo encuentros con funcionarios del pa\u00eds vecino.<\/em><\/p>\n<p>Esto es el resultado del trabajo que, desde hace meses, lleva adelante el presidente de la Agencia C\u00f3rdoba Turismo, Alejandro Lastra; quien se ha reunido con la, hasta agosto, ministra de turismo de Paraguay Sof\u00eda Montiel de Afara&nbsp; y luego con la actual responsable de turismo de ese pa\u00eds, Angie Duarte durante el desarrollo de la Feria Internacional de Turismo 2023. <\/p>\n<p>As\u00ed mismo hubo gestiones con Aerol\u00edneas, con encuentros con Fabi\u00e1n Lombardo (foto principal), director Comercial, Planeamiento y Gesti\u00f3n de en la l\u00ednea a\u00e9rea de bandera.<\/p>\n<p>Esta nueva ruta no solo establece un puente directo entre C\u00f3rdoba y Asunci\u00f3n, sino que tambi\u00e9n abre oportunidades para conexiones adicionales. Los pasajeros podr\u00e1n acceder a los 16 destinos del interior argentino desde el Aeropuerto Internacional de C\u00f3rdoba.<\/p>\n<p>Estos destinos incluyen ciudades como Salta, Jujuy, Tucum\u00e1n, Resistencia, Posadas, Puerto Iguaz\u00fa, San Juan, Mendoza, Mar del Plata, Neuqu\u00e9n, Chapelco, Bariloche, Trelew, Comodoro Rivadavia, El Calafate y Ushuaia.<\/p>\n<p>C\u00f3rdoba y Paraguay contin\u00faan demostrando la solidez de su colaboraci\u00f3n tanto en el \u00e1mbito p\u00fablico como privado, con el objetivo de fortalecer el intercambio tur\u00edstico entre ambos destinos. Esta colaboraci\u00f3n estrat\u00e9gica ha sido fundamental para el crecimiento y desarrollo sostenible de la industria tur\u00edstica en la regi\u00f3n y que hoy celebra una conexi\u00f3n directa entre ambos destinos.<\/p>\n<p>Este anuncio representa una gran noticia para el turismo no s\u00f3lo de C\u00f3rdoba sino del interior del pa\u00eds, donde se abre una nueva puerta de ingreso a la Argentina, sin la necesidad de pasar por Buenos Aires, fortaleciendo lazos tur\u00edsticos y comerciales entre Argentina y Paraguay.<\/p>\n","protected":false},"excerpt":{"rendered":"<p>La Provincia contin\u00faa recuperando la conectividad internacional. La Agencia C\u00f3rdoba Turismo realiz\u00f3 gestiones ante el Ministerio de Turismo paraguayo y la aerol\u00ednea de bandera. Aerol\u00edneas Argentinas anunci\u00f3 el lanzamiento de una nueva ruta internacional que conectar\u00e1 la ciudad de C\u00f3rdoba con Asunci\u00f3n, la capital de Paraguay. La decisi\u00f3n de la l\u00ednea de bandera se enmarca [&hellip;]<\/p>\n","protected":false},"author":1,"featured_media":38752,"comment_status":"closed","ping_status":"closed","sticky":false,"template":"","format":"standard","meta":[],"categories":[14],"tags":[],"_links":{"self":[{"href":"http:\/\/nuevacordoba.net\/index.php\/wp-json\/wp\/v2\/posts\/38751"}],"collection":[{"href":"http:\/\/nuevacordoba.net\/index.php\/wp-json\/wp\/v2\/posts"}],"about":[{"href":"http:\/\/nuevacordoba.net\/index.php\/wp-json\/wp\/v2\/types\/post"}],"author":[{"embeddable":true,"href":"http:\/\/nuevacordoba.net\/index.php\/wp-json\/wp\/v2\/users\/1"}],"replies":[{"embeddable":true,"href":"http:\/\/nuevacordoba.net\/index.php\/wp-json\/wp\/v2\/comments?post=38751"}],"version-history":[{"count":0,"href":"http:\/\/nuevacordoba.net\/index.php\/wp-json\/wp\/v2\/posts\/38751\/revisions"}],"wp:featuredmedia":[{"embeddable":true,"href":"http:\/\/nuevacordoba.net\/index.php\/wp-json\/wp\/v2\/media\/38752"}],"wp:attachment":[{"href":"http:\/\/nuevacordoba.net\/index.php\/wp-json\/wp\/v2\/media?parent=38751"}],"wp:term":[{"taxonomy":"category","embeddable":true,"href":"http:\/\/nuevacordoba.net\/index.php\/wp-json\/wp\/v2\/categories?post=38751"},{"taxonomy":"post_tag","embeddable":true,"href":"http:\/\/nuevacordoba.net\/index.php\/wp-json\/wp\/v2\/tags?post=38751"}],"curies":[{"name":"wp","href":"https:\/\/api.w.org\/{rel}","templated":true}]}}