{"id":38757,"date":"2023-11-13T19:40:35","date_gmt":"2023-11-13T19:40:35","guid":{"rendered":"https:\/\/es.digitaltrends.com\/?p=1010552"},"modified":"2023-11-13T19:40:35","modified_gmt":"2023-11-13T19:40:35","slug":"terminator-tendra-su-propio-anime-en-netflix-y-asi-es-el-teaser","status":"publish","type":"post","link":"http:\/\/nuevacordoba.net\/index.php\/2023\/11\/13\/terminator-tendra-su-propio-anime-en-netflix-y-asi-es-el-teaser\/","title":{"rendered":"Terminator tendr\u00e1 su propio anim\u00e9 en Netflix y as\u00ed es el teaser"},"content":{"rendered":"<div><img src=\"http:\/\/nuevacordoba.net\/wp-content\/uploads\/2023\/11\/terminator-tendra-su-propio-anime-en-netflix-y-asi-es-el-teaser.jpg\" class=\"ff-og-image-inserted\"><\/div>\n<div class=\"dtvideos-container\" data-provider=\"youtube\">\n<div class=\"dtvideos-details h-dtvideos-details-embed\">\n<div class=\"dtvideos-title\">Terminator: The Anime Series | Official Announcement | Geeked Week &#8217;23 | Netflix<\/div>\n<\/div>\n<\/div>\n<p>Un renacimiento ver\u00e1 <a href=\"https:\/\/es.digitaltrends.com\/entretenimiento\/siete-peliculas-de-accion-subestimadas-decada-1990\/\"><strong>Terminator<\/strong><\/a>, ya que la franquicia cinematogr\u00e1fica de James Cameron revivir\u00e1 en <a href=\"https:\/\/es.digitaltrends.com\/entretenimiento\/mejores-series-originales-netflix\/\"><strong>Netflix<\/strong> <\/a>en formato de anim\u00e9 de la mano de los creadores de <strong>Ghost in the Shell<\/strong>.<\/p>\n<p id=\"4GvCco\">Netflix no revel\u00f3 mucho sobre la nueva serie de anime, conocida simplemente como&nbsp;<em>Terminator<\/em>, pero parece estar ambientada justo antes del D\u00eda del Juicio Final de las pel\u00edculas originales: el 29 de agosto de 1997. \u00abTodo cambia\u00bb en esa fecha, advierte el teaser.<\/p>\n<p id=\"gCG9ER\">Cuando se&nbsp;anunci\u00f3 originalmente en 2021, el showrunner y productor ejecutivo Mattson Tomlin dijo que la serie de anime \u00ababordar\u00eda Terminator de una manera que rompa las convenciones, subvierta las expectativas y tenga agallas reales\u00bb.<\/p>\n<p>Production I.G, el veterano estudio de producci\u00f3n de anime conocido por su trabajo en series como&nbsp;<em>Ghost in the Shell<\/em>,&nbsp;<em>Haikyu!!<\/em>, y&nbsp;<em>Psycho-Pass<\/em>, est\u00e1 prestando sus talentos creativos para adaptar&nbsp;<em>The Terminator<\/em>&nbsp;para la animaci\u00f3n.<\/p>\n<p>Terminator es una franquicia de ciencia ficci\u00f3n creada por James Cameron en 1984. La historia se centra en la guerra entre la humanidad y las m\u00e1quinas, lideradas por la inteligencia artificial Skynet.&nbsp; El personaje m\u00e1s ic\u00f3nico es el T-800, un cyborg interpretado por Arnold Schwarzenegger, que viaja en el tiempo para cumplir diferentes misiones.<\/p>\n<h4 class=\"b-editors-recs-title h-editors-recs-title\"> Recomendaciones del editor<\/h4>\n<p> <span id=\"publisher-md\" itemprop=\"publisher\" itemscope itemtype=\"https:\/\/schema.org\/Organization\"> <span itemprop=\"url\" itemtype=\"https:\/\/schema.org\/Url\" content=\"https:\/\/es.digitaltrends.com\"> <span itemprop=\"logo\" itemscope itemtype=\"https:\/\/schema.org\/ImageObject\"> <meta itemprop=\"url\" content=\"https:\/\/cdn.dtcn.com\/dt\/dt-logo-small.png\"> <meta itemprop=\"width\" content=\"0\"> <meta itemprop=\"height\" content=\"0\"> <\/span> <meta itemprop=\"name\" content=\"Digital Trends Espa\u00f1ol\"> <\/span> <span itemprop=\"image\" itemscope itemtype=\"https:\/\/schema.org\/ImageObject\"> <meta itemprop=\"url\" content=\"https:\/\/es.digitaltrends.com\/wp-content\/uploads\/2023\/11\/Captura-web_13-11-2023_16401_janeaustenrunsmylife.files_.wordpress.com_.jpeg?p=1\"> <\/span> <\/span> <\/p>\n","protected":false},"excerpt":{"rendered":"<p>Terminator: The Anime Series | Official Announcement | Geeked Week &#8217;23 | Netflix Un renacimiento ver\u00e1 Terminator, ya que la franquicia cinematogr\u00e1fica de James Cameron revivir\u00e1 en Netflix en formato de anim\u00e9 de la mano de los creadores de Ghost in the Shell. Netflix no revel\u00f3 mucho sobre la nueva serie de anime, conocida simplemente [&hellip;]<\/p>\n","protected":false},"author":1,"featured_media":38758,"comment_status":"open","ping_status":"closed","sticky":false,"template":"","format":"standard","meta":[],"categories":[7],"tags":[],"_links":{"self":[{"href":"http:\/\/nuevacordoba.net\/index.php\/wp-json\/wp\/v2\/posts\/38757"}],"collection":[{"href":"http:\/\/nuevacordoba.net\/index.php\/wp-json\/wp\/v2\/posts"}],"about":[{"href":"http:\/\/nuevacordoba.net\/index.php\/wp-json\/wp\/v2\/types\/post"}],"author":[{"embeddable":true,"href":"http:\/\/nuevacordoba.net\/index.php\/wp-json\/wp\/v2\/users\/1"}],"replies":[{"embeddable":true,"href":"http:\/\/nuevacordoba.net\/index.php\/wp-json\/wp\/v2\/comments?post=38757"}],"version-history":[{"count":0,"href":"http:\/\/nuevacordoba.net\/index.php\/wp-json\/wp\/v2\/posts\/38757\/revisions"}],"wp:featuredmedia":[{"embeddable":true,"href":"http:\/\/nuevacordoba.net\/index.php\/wp-json\/wp\/v2\/media\/38758"}],"wp:attachment":[{"href":"http:\/\/nuevacordoba.net\/index.php\/wp-json\/wp\/v2\/media?parent=38757"}],"wp:term":[{"taxonomy":"category","embeddable":true,"href":"http:\/\/nuevacordoba.net\/index.php\/wp-json\/wp\/v2\/categories?post=38757"},{"taxonomy":"post_tag","embeddable":true,"href":"http:\/\/nuevacordoba.net\/index.php\/wp-json\/wp\/v2\/tags?post=38757"}],"curies":[{"name":"wp","href":"https:\/\/api.w.org\/{rel}","templated":true}]}}