{"id":38759,"date":"2023-11-13T21:02:06","date_gmt":"2023-11-13T21:02:06","guid":{"rendered":"https:\/\/www.ole.com.ar\/autos\/pilotos-pueden-salir-campeon-tc-copa-oro-define_0_XDrQO39vj4.html"},"modified":"2023-11-13T21:02:06","modified_gmt":"2023-11-13T21:02:06","slug":"quienes-pueden-salir-campeones-del-tc-y-como-se-define","status":"publish","type":"post","link":"http:\/\/nuevacordoba.net\/index.php\/2023\/11\/13\/quienes-pueden-salir-campeones-del-tc-y-como-se-define\/","title":{"rendered":"Qui\u00e9nes pueden salir campeones del TC y c\u00f3mo se define"},"content":{"rendered":"<p><time class=\"createDate\" datetime=\"2023-11-13T18:02:006-03:00\">13\/11\/2023 18:02hs.<\/time><time class=\"modificatedDate\" datetime=\"2023-11-13T18:02:006-03:00\"><\/time><\/p>\n<div id=\"storyBody\">\n<div class=\"custom-text \" readability=\"33.882352941176\">\n<p>El <strong><a href=\"https:\/\/www.ole.com.ar\/tema\/turismo-carretera.html\" title=\"Turismo Carretera\" alt=\"Turismo Carretera\" class=\"slug\">Turismo Carretera<\/a> <\/strong>pas\u00f3 su pen\u00faltimo cap\u00edtulo de la temporada 2023, el \u00faltimo domingo en Toay, y qued\u00f3 un lote de pilotos que tienen chances matem\u00e1ticas de salir campeones el fin de semana del 2 y 3 de diciembre en el cierre del Villicum de San Juan con el Gran Premio Coronaci\u00f3n.<\/p>\n<\/div>\n<div class=\"custom-text \" readability=\"37\">\n<p>Tras la victoria de Germ\u00e1n Todino en La Pampa, son ocho los pilotos con chances de levantar el trofeo en la definici\u00f3n, con Mariano Werner como gran favorito al t\u00edtulo, que termin\u00f3 15\u00b0 la \u00faltima jornada y qued\u00f3 cerca paso del tricampeonato.<\/p>\n<\/div>\n<div class=\"custom-text \" readability=\"39\">\n<p>Adem\u00e1s de Werner, llegan con chances: <strong>Santiago Mangoni<\/strong>, <strong>Juan Mart\u00edn Trucco<\/strong>, <strong>Juli\u00e1n Santero<\/strong>, <strong>Germ\u00e1n Todino<\/strong>, <strong>Marcos Landa<\/strong>, <strong>Valent\u00edn Aguirre <\/strong>y <strong>Jos\u00e9 Manuel Urcera<\/strong>.<\/p>\n<\/div>\n<div class=\"sc-e7b891c4-0 jPbnQF\"><img alt=\"Todino gan\u00f3 en Toay.\" src=\"http:\/\/nuevacordoba.net\/wp-content\/uploads\/2023\/11\/quienes-pueden-salir-campeones-del-tc-y-como-se-define.jpg\" width=\"720\" height=\"100\" decoding=\"async\" data-nimg=\"future\" loading=\"lazy\"><span class=\"epigraphe\">Todino gan\u00f3 en Toay.<\/span><\/div>\n<div class=\"custom-text \" readability=\"41\">\n<p>Los protagonistas que se quedaron <strong>sin posibilidades <\/strong>matem\u00e1ticas de coronarse, a pesar de cualquier resultado que se d\u00e9, son Christian Ledesma, Jonatan Castellano, Gast\u00f3n Mazzacane, Mauricio Lambiris, Nicol\u00e1s Trosset, Juan Catal\u00e1n Magni y Mat\u00edas Rossi.<\/p>\n<\/div>\n<p><h2>C\u00f3mo se define el torneo<\/h2>\n<\/p>\n<div class=\"custom-text \" readability=\"43\">\n<p>Para la \u00faltima jornada en la moderna pista de San Juan habr\u00e1 <strong>70,5 unidades en juego como m\u00e1ximo para el piloto haga la pole, gane una serie y la final<\/strong>. Werner tiene todos los boletos para ganar su tercer t\u00edtulo, porque le saca <strong>38,5 a Santiago Mangoni<\/strong>, el principal rival, y con salir al menos 13\u00b0 en San Juan se asegurara el t\u00edtulo, ya que esa posici\u00f3n entrega 33 unidades, y as\u00ed ser\u00e1 inalcanzable para el resto.<\/p>\n<\/div>\n<div class=\"custom-text \" readability=\"35\">\n<p>Si el entrerriano, queda en una posici\u00f3n peor, ya habr\u00e1 que sacar la calculadora porque depender\u00e1 de todas las instancias que reparten puntos.<\/p>\n<\/div>\n<div class=\"custom-text \" readability=\"39\">\n<p>La \u00faltima fecha del a\u00f1o tendr\u00e1 una puntuaci\u00f3n especial: entregar\u00e1 un <strong>50% m\u00e1s de puntos<\/strong>, por eso los 70,5 en disputa mencionadas. De esas unidades, 3 saldr\u00e1n de clasificaci\u00f3n, 7,5 ser\u00e1n provenientes de la serie y las otras 60 se entregar\u00e1n por los resultados en la final.<\/p>\n<\/div>\n<div class=\"sc-e7b891c4-0 jPbnQF\"><img alt=\"Werner va por el tri.\" src=\"http:\/\/nuevacordoba.net\/wp-content\/uploads\/2023\/11\/quienes-pueden-salir-campeones-del-tc-y-como-se-define-1.jpg\" width=\"720\" height=\"100\" decoding=\"async\" data-nimg=\"future\" loading=\"lazy\"><span class=\"epigraphe\">Werner va por el tri.<\/span><\/div>\n<div class=\"custom-text \" readability=\"39\">\n<p>Para poder salir campe\u00f3n hay que <strong>ganar por lo menos una carrera <\/strong>en la temporada, y cinco de esos ocho ya lo hicieron: Werner y Todino ganaron tres veces; Santero, en dos oportunidades, y Mangoni, Aguirre, Juan Tom\u00e1s Catal\u00e1n y Mat\u00edas Rossi fueron primeros en una sola ocasi\u00f3n.<\/p>\n<\/div>\n<div class=\"custom-text \" readability=\"40\">\n<p>Los tres corredores que todav\u00eda tienen esa cuenta pendiente son <strong>Trucco, Landa, y Urcera<\/strong>, que deber\u00e1n triunfar en Villicum para consagrarse. Otros que tampoco ganaron hasta ahora son Ledesma, Castellano, Mazzacane, Lambiris y Trosset.<\/p>\n<\/div>\n<div class=\"sc-e7b891c4-0 jPbnQF\"><img alt=\"San Juan tendr\u00e1 un campe\u00f3n.\" src=\"http:\/\/nuevacordoba.net\/wp-content\/uploads\/2023\/11\/quienes-pueden-salir-campeones-del-tc-y-como-se-define-2.jpg\" width=\"720\" height=\"100\" decoding=\"async\" data-nimg=\"future\" loading=\"lazy\"><span class=\"epigraphe\">San Juan tendr\u00e1 un campe\u00f3n.<\/span><\/div>\n<p><h2>El puntaje en la final<\/h2>\n<\/p>\n<div class=\"custom-text \">\n<p>1\u00b0: 60 puntos<\/p>\n<\/div>\n<div class=\"custom-text \">\n<p>10\u00b0: 37,5<\/p>\n<\/div>\n<div class=\"custom-text \">\n<p>12\u00b0: 34,5<\/p>\n<\/div>\n<div class=\"custom-text \">\n<p>14\u00b0: 31,5<\/p>\n<\/div>\n<div class=\"custom-text \">\n<p>16\u00b0: 28,5<\/p>\n<\/div>\n<div class=\"custom-text \">\n<p>18\u00b0: 25,5<\/p>\n<\/div>\n<div class=\"custom-text \">\n<p>20\u00b0: 22,5<\/p>\n<\/div>\n<div class=\"custom-text \">\n<p>22\u00b0: 19,5<\/p>\n<\/div>\n<div class=\"custom-text \">\n<p>24\u00b0: 16,5<\/p>\n<\/div>\n<div class=\"custom-text \">\n<p>26\u00b0: 13,5<\/p>\n<\/div>\n<div class=\"custom-text \">\n<p>28\u00b0: 10,5<\/p>\n<\/div>\n<div class=\"custom-text \">\n<p>31\u00b0 al 40\u00b0: 4,5<\/p>\n<\/div>\n<div class=\"custom-text \">\n<p>41\u00b0 al \u00faltimo: 3<\/p>\n<\/div>\n<div class=\"custom-text \" readability=\"36\">\n<p>Las series del domingo premian a los 10 mejores y el puntaje va desde 0,75 a 7,50 aumentando 0,50 unidades por puesto. La pole del s\u00e1bado da 3.<\/p>\n<\/div>\n<p><h2>Tabla de posiciones de la Copa de Oro<\/h2>\n<\/p>\n<div class=\"custom-text \">\n<p>1. Mariano Werner 172<\/p>\n<\/div>\n<div class=\"custom-text \" readability=\"33\">\n<p>2. Santiago Mangoni 133,5<\/p>\n<\/div>\n<div class=\"custom-text \" readability=\"32\">\n<p>3. Juan Mart\u00edn Trucco 125<\/p>\n<\/div>\n<div class=\"custom-text \">\n<p>4. Juli\u00e1n Santero 122,5<\/p>\n<\/div>\n<div class=\"custom-text \">\n<p>5. Germ\u00e1n Todino 121<\/p>\n<\/div>\n<div class=\"custom-text \">\n<p>6. Marcos Landa 111,5<\/p>\n<\/div>\n<div class=\"custom-text \">\n<p>7. Valent\u00edn Aguirre 111<\/p>\n<\/div>\n<div class=\"custom-text \" readability=\"32\">\n<p>8. Jos\u00e9 Manuel Urcera 109<\/p>\n<\/div>\n<div class=\"custom-text \" readability=\"33\">\n<p>9. Christian Ledesma 100,5<\/p>\n<\/div>\n<div class=\"custom-text \" readability=\"32\">\n<p>10. Jonatan Castellano 94<\/p>\n<\/div>\n<div class=\"custom-text \" readability=\"33\">\n<p>11. Gast\u00f3n Mazzacane 89,5<\/p>\n<\/div>\n<div class=\"custom-text \" readability=\"33\">\n<p>12. Mauricio Lambiris 65,5<\/p>\n<\/div>\n<div class=\"custom-text \">\n<p>13. Nicol\u00e1s Trosset 65<\/p>\n<\/div>\n<div class=\"custom-text \" readability=\"33\">\n<p>14. Juan Catal\u00e1n Magni 62,5<\/p>\n<\/div>\n<div class=\"custom-text \">\n<p>15. Mat\u00edas Rossi 38,5<\/p>\n<\/div>\n<div class=\"sc-a7166897-0 exHLBh\" readability=\"6\">\n<section readability=\"2\"><picture><img alt=\"El r\u00e9cord de Fangio que Fernando Alonso quiere romper\" src=\"http:\/\/nuevacordoba.net\/wp-content\/uploads\/2023\/11\/quienes-pueden-salir-campeones-del-tc-y-como-se-define-3.jpg\" width=\"290\" height=\"290\" decoding=\"async\" data-nimg=\"future\" loading=\"lazy\"><\/picture>\n<p><span>Mir\u00e1 tambi\u00e9n<\/span><\/p>\n<hr>\n<h3>El r\u00e9cord de Fangio que Fernando Alonso quiere romper<\/h3>\n<\/p>\n<\/section>\n<\/div>\n<div class=\"sc-a7166897-0 exHLBh\" readability=\"6\">\n<section readability=\"2\"><picture><img alt=\"\u00bfC\u00f3mo qued\u00f3 la Copa de Oro a falta de una carrera para el final del TC?\" src=\"http:\/\/nuevacordoba.net\/wp-content\/uploads\/2023\/11\/quienes-pueden-salir-campeones-del-tc-y-como-se-define-4.jpg\" width=\"290\" height=\"290\" decoding=\"async\" data-nimg=\"future\" loading=\"lazy\"><\/picture>\n<p><span>Mir\u00e1 tambi\u00e9n<\/span><\/p>\n<hr>\n<h3>\u00bfC\u00f3mo qued\u00f3 la Copa de Oro a falta de una carrera para el final del TC?<\/h3>\n<\/p>\n<\/section>\n<\/div>\n<\/div>\n","protected":false},"excerpt":{"rendered":"<p>13\/11\/2023 18:02hs. El Turismo Carretera pas\u00f3 su pen\u00faltimo cap\u00edtulo de la temporada 2023, el \u00faltimo domingo en Toay, y qued\u00f3 un lote de pilotos que tienen chances matem\u00e1ticas de salir campeones el fin de semana del 2 y 3 de diciembre en el cierre del Villicum de San Juan con el Gran Premio Coronaci\u00f3n. Tras [&hellip;]<\/p>\n","protected":false},"author":1,"featured_media":38760,"comment_status":"closed","ping_status":"closed","sticky":false,"template":"","format":"standard","meta":[],"categories":[10],"tags":[],"_links":{"self":[{"href":"http:\/\/nuevacordoba.net\/index.php\/wp-json\/wp\/v2\/posts\/38759"}],"collection":[{"href":"http:\/\/nuevacordoba.net\/index.php\/wp-json\/wp\/v2\/posts"}],"about":[{"href":"http:\/\/nuevacordoba.net\/index.php\/wp-json\/wp\/v2\/types\/post"}],"author":[{"embeddable":true,"href":"http:\/\/nuevacordoba.net\/index.php\/wp-json\/wp\/v2\/users\/1"}],"replies":[{"embeddable":true,"href":"http:\/\/nuevacordoba.net\/index.php\/wp-json\/wp\/v2\/comments?post=38759"}],"version-history":[{"count":0,"href":"http:\/\/nuevacordoba.net\/index.php\/wp-json\/wp\/v2\/posts\/38759\/revisions"}],"wp:featuredmedia":[{"embeddable":true,"href":"http:\/\/nuevacordoba.net\/index.php\/wp-json\/wp\/v2\/media\/38760"}],"wp:attachment":[{"href":"http:\/\/nuevacordoba.net\/index.php\/wp-json\/wp\/v2\/media?parent=38759"}],"wp:term":[{"taxonomy":"category","embeddable":true,"href":"http:\/\/nuevacordoba.net\/index.php\/wp-json\/wp\/v2\/categories?post=38759"},{"taxonomy":"post_tag","embeddable":true,"href":"http:\/\/nuevacordoba.net\/index.php\/wp-json\/wp\/v2\/tags?post=38759"}],"curies":[{"name":"wp","href":"https:\/\/api.w.org\/{rel}","templated":true}]}}