{"id":38834,"date":"2023-11-13T19:58:51","date_gmt":"2023-11-13T19:58:51","guid":{"rendered":"https:\/\/www.ole.com.ar\/autos\/fernando-alonso-record-juan-manuel-fangio-formula-1_0_t9KdZWcWg0.html"},"modified":"2023-11-13T19:58:51","modified_gmt":"2023-11-13T19:58:51","slug":"el-record-de-fangio-que-fernando-alonso-quiere-romper","status":"publish","type":"post","link":"http:\/\/nuevacordoba.net\/index.php\/2023\/11\/13\/el-record-de-fangio-que-fernando-alonso-quiere-romper\/","title":{"rendered":"El r\u00e9cord de Fangio que Fernando Alonso quiere romper"},"content":{"rendered":"<p><time class=\"createDate\" datetime=\"2023-11-13T16:58:51-03:00\">13\/11\/2023 16:58hs.<\/time><time class=\"modificatedDate\" datetime=\"2023-11-13T16:58:51-03:00\"><\/time><\/p>\n<div id=\"storyBody\">\n<div class=\"custom-text \" readability=\"40\">\n<p><a href=\"https:\/\/www.ole.com.ar\/tema\/fernando-alonso.html\" title=\"Fernando Alonso\" alt=\"Fernando Alonso\" class=\"slug\">Fernando Alonso<\/a>, de 42 a\u00f1os, dijo que aspira a igualar o superar el r\u00e9cord de ser el piloto campe\u00f3n m\u00e1s longevo de la <a href=\"https:\/\/www.ole.com.ar\/tema\/formula-1.html\" title=\"F\u00f3rmula 1\" alt=\"F\u00f3rmula 1\" class=\"slug\">F\u00f3rmula 1<\/a>, marca que ostenta a\u00fan <a href=\"https:\/\/www.ole.com.ar\/tema\/juan-manuel-fangio.html\" title=\"Juan Manuel Fangio\" alt=\"Juan Manuel Fangio\" class=\"slug\">Juan Manuel Fangio<\/a>, quien celebr\u00f3 el \u00faltimo de sus cinco t\u00edtulos en 1957, a los 46. \u00abEstoy a tiempo, los r\u00e9cords est\u00e1n ah\u00ed para igualarlos o superarlos\u00bb, dijo el piloto de Aston Martin, que este fin de semana correr\u00e1 su 359a GP en Las Vegas, ante\u00faltima prueba de la 74a temporada que ya gan\u00f3 Max Verstappen.<\/p>\n<\/div>\n<div class=\"custom-text \" readability=\"44\">\n<p>Nano, adem\u00e1s, dej\u00f3 una frase para pintar sus metas, inmediatas y no tanto, con lo cual parece que hay Alonso para rato en la F-1. <strong>\u00abAhora mismo, si les digo la verdad, no pienso tanto en un Mundial, sino en seguir creciendo con Aston Martin e ir paso a paso<\/strong>. Por ahora son los podios lo que quiero y ojal\u00e1 llegue una victoria antes de terminar la temporada y despu\u00e9s a pensar en el Mundial cuando tenga que llegar, si es que llega\u00bb, dijo el asturiano en declaraciones recogidas por el sitio Motorsport.com.<\/p>\n<\/div>\n<div class=\"custom-text \">\n<blockquote><p>Estoy a tiempo, los r\u00e9cords est\u00e1n ah\u00ed para igualarlos o superarlos.<\/p><\/blockquote>\n<\/div>\n<div class=\"custom-text \" readability=\"39\">\n<p>Alonso sigue siendo uno de los pilotos m\u00e1s laureados de la F-1, campe\u00f3n del mundo en el 2005 y 2006 con Renault, reconoci\u00f3 que \u00ablas escuder\u00edas son muy dif\u00edciles de elegir. <strong>El a\u00f1o pasado nadie hubiese venido a Aston Martin<\/strong>, pero las condiciones a veces se dan de una manera u otra, y nadie tiene una bola de cristal\u00bb.<\/p>\n<\/div>\n<div class=\"custom-text \" readability=\"39\">\n<p>Nano agreg\u00f3: \u00ab<strong>Cuando yo estaba en Renault, fichar por Ferrari era la decisi\u00f3n l\u00f3gica<\/strong> y luego, cuando me fui a McLaren-Honda, sali\u00f3 mucho peor de lo que esper\u00e1bamos, pero recuerdo que todos los comentarios de ese a\u00f1o dec\u00edan que Honda ten\u00eda una gran ventaja porque ten\u00eda toda la informaci\u00f3n sobre los motores h\u00edbridos\u00bb.<\/p>\n<\/div>\n<p><h2>La comparaci\u00f3n con el Chueco<\/h2>\n<\/p>\n<div class=\"custom-text \" readability=\"39.827476038339\">\n<p>Alonso, <a href=\"https:\/\/www.ole.com.ar\/tema\/27rNEaucT7.html\" target=\"_self\" title=\"que fue tercero en el \u00faltimo GP de Brasil\" alt=\"que fue tercero en el \u00faltimo GP de Brasil\" rel=\"noopener\">que fue tercero en el \u00faltimo GP de Brasil<\/a> y es cuarto en el campeonato, en una carrera que comenz\u00f3 en el 2001, sigui\u00f3 del 2003 al 2018 y retom\u00f3 en el 2021, <strong>corri\u00f3 para Minardi, Renault, McLaren, Ferrari, Alpine y Aston Martin<\/strong>. Suma 375 GP, con 32 triunfos, 106 podios, 22 poles y 24 vueltas r\u00e1pidas. <\/p>\n<\/div>\n<div class=\"custom-text \">\n<blockquote><p>Por ahora son los podios lo que quiero y ojal\u00e1 llegue una victoria antes de terminar la temporada y despu\u00e9s a pensar en el Mundial.<\/p><\/blockquote>\n<\/div>\n<div class=\"custom-text \" readability=\"46\">\n<p>Fangio, desde 1947 a 1958, compiti\u00f3 para <strong>Mercedes, Maserati, Alfa Romeo y Ferrari<\/strong>, obteniendo cinco t\u00edtulos (1951, 1954, 1955, 1956, 1957) y dos subcampeonatos. En apenas 51 carreras cosech\u00f3 24 victorias, 35 podios, 29 pole positions y 23 vueltas r\u00e1pidas. Muri\u00f3 en 1995, a los 84 a\u00f1os.<\/p>\n<\/div>\n<div class=\"sc-a7166897-0 exHLBh\" readability=\"6\">\n<section readability=\"2\"><picture><img alt=\"\u00bfC\u00f3mo qued\u00f3 la Copa de Oro a falta de una carrera para el final del TC?\" src=\"http:\/\/nuevacordoba.net\/wp-content\/uploads\/2023\/11\/el-record-de-fangio-que-fernando-alonso-quiere-romper.jpg\" width=\"290\" height=\"290\" decoding=\"async\" data-nimg=\"future\" loading=\"lazy\"><\/picture>\n<p><span>Mir\u00e1 tambi\u00e9n<\/span><\/p>\n<hr>\n<h3>\u00bfC\u00f3mo qued\u00f3 la Copa de Oro a falta de una carrera para el final del TC?<\/h3>\n<\/p>\n<\/section>\n<\/div>\n<div class=\"sc-a7166897-0 exHLBh\" readability=\"6\">\n<section readability=\"2\"><picture><img alt=\"TC: Todino gan\u00f3 una carrera para el infarto en Toay\" src=\"http:\/\/nuevacordoba.net\/wp-content\/uploads\/2023\/11\/el-record-de-fangio-que-fernando-alonso-quiere-romper-1.jpg\" width=\"290\" height=\"290\" decoding=\"async\" data-nimg=\"future\" loading=\"lazy\"><\/picture>\n<p><span>Mir\u00e1 tambi\u00e9n<\/span><\/p>\n<hr>\n<h3>TC: Todino gan\u00f3 una carrera para el infarto en Toay<\/h3>\n<\/p>\n<\/section>\n<\/div>\n<div class=\"sc-a7166897-0 exHLBh\" readability=\"6\">\n<section readability=\"2\"><picture><img alt=\"Los Autos Locos: los modelos m\u00e1s bizarros que coparon la 9 de Julio\" src=\"http:\/\/nuevacordoba.net\/wp-content\/uploads\/2023\/11\/el-record-de-fangio-que-fernando-alonso-quiere-romper-2.jpg\" width=\"290\" height=\"290\" decoding=\"async\" data-nimg=\"future\" loading=\"lazy\"><\/picture>\n<p><span>Mir\u00e1 tambi\u00e9n<\/span><\/p>\n<hr>\n<h3>Los Autos Locos: los modelos m\u00e1s bizarros que coparon la 9 de Julio<\/h3>\n<\/p>\n<\/section>\n<\/div>\n<\/div>\n","protected":false},"excerpt":{"rendered":"<p>13\/11\/2023 16:58hs. Fernando Alonso, de 42 a\u00f1os, dijo que aspira a igualar o superar el r\u00e9cord de ser el piloto campe\u00f3n m\u00e1s longevo de la F\u00f3rmula 1, marca que ostenta a\u00fan Juan Manuel Fangio, quien celebr\u00f3 el \u00faltimo de sus cinco t\u00edtulos en 1957, a los 46. \u00abEstoy a tiempo, los r\u00e9cords est\u00e1n ah\u00ed para [&hellip;]<\/p>\n","protected":false},"author":1,"featured_media":38835,"comment_status":"closed","ping_status":"closed","sticky":false,"template":"","format":"standard","meta":[],"categories":[10],"tags":[],"_links":{"self":[{"href":"http:\/\/nuevacordoba.net\/index.php\/wp-json\/wp\/v2\/posts\/38834"}],"collection":[{"href":"http:\/\/nuevacordoba.net\/index.php\/wp-json\/wp\/v2\/posts"}],"about":[{"href":"http:\/\/nuevacordoba.net\/index.php\/wp-json\/wp\/v2\/types\/post"}],"author":[{"embeddable":true,"href":"http:\/\/nuevacordoba.net\/index.php\/wp-json\/wp\/v2\/users\/1"}],"replies":[{"embeddable":true,"href":"http:\/\/nuevacordoba.net\/index.php\/wp-json\/wp\/v2\/comments?post=38834"}],"version-history":[{"count":0,"href":"http:\/\/nuevacordoba.net\/index.php\/wp-json\/wp\/v2\/posts\/38834\/revisions"}],"wp:featuredmedia":[{"embeddable":true,"href":"http:\/\/nuevacordoba.net\/index.php\/wp-json\/wp\/v2\/media\/38835"}],"wp:attachment":[{"href":"http:\/\/nuevacordoba.net\/index.php\/wp-json\/wp\/v2\/media?parent=38834"}],"wp:term":[{"taxonomy":"category","embeddable":true,"href":"http:\/\/nuevacordoba.net\/index.php\/wp-json\/wp\/v2\/categories?post=38834"},{"taxonomy":"post_tag","embeddable":true,"href":"http:\/\/nuevacordoba.net\/index.php\/wp-json\/wp\/v2\/tags?post=38834"}],"curies":[{"name":"wp","href":"https:\/\/api.w.org\/{rel}","templated":true}]}}