{"id":38895,"date":"2023-11-18T07:16:31","date_gmt":"2023-11-18T07:16:31","guid":{"rendered":"http:\/\/estaciontrip.com.ar\/?p=8284"},"modified":"2023-11-18T07:16:31","modified_gmt":"2023-11-18T07:16:31","slug":"cordoba-recupera-la-conectividad-aerea-con-asuncion-de-paraguay","status":"publish","type":"post","link":"http:\/\/nuevacordoba.net\/index.php\/2023\/11\/18\/cordoba-recupera-la-conectividad-aerea-con-asuncion-de-paraguay\/","title":{"rendered":"C\u00f3rdoba recupera la conectividad a\u00e9rea con Asunci\u00f3n de Paraguay"},"content":{"rendered":"<div><img src=\"http:\/\/nuevacordoba.net\/wp-content\/uploads\/2023\/11\/cordoba-recupera-la-conectividad-aerea-con-asuncion-de-paraguay.jpg\" class=\"ff-og-image-inserted\"><\/div>\n<p><em>Ser\u00e1 a partir de abril 2024 con Aerol\u00edneas Argentinas, con dos vuelos semanales.<\/em><\/p>\n<p>Aerol\u00edneas Argentinas anunci\u00f3 el lanzamiento de una nueva ruta internacional que conectar\u00e1 la ciudad de C\u00f3rdoba con Asunci\u00f3n, la capital de Paraguay. La decisi\u00f3n de la l\u00ednea de bandera se enmarca en el esfuerzo de C\u00f3rdoba para atraer vuelos nacionales e internacionales a la provincia.<\/p>\n<p>El inicio de los vuelos entre ambas ciudades est\u00e1 programado para abril de 2024. Estos vuelos operar\u00e1n los martes y s\u00e1bados, ofreciendo a los pasajeros una opci\u00f3n de conexi\u00f3n directa entre C\u00f3rdoba y Asunci\u00f3n.<\/p>\n<p>El itinerario est\u00e1 dise\u00f1ado para proporcionar comodidad y eficiencia, con salidas desde C\u00f3rdoba a las 7:35 y llegada a Asunci\u00f3n a las 10:30. El regreso desde la capital paraguaya ser\u00e1 a las 18:40, arribando a C\u00f3rdoba a las 19:20. Los vuelos ser\u00e1n operados en aeronaves Embraer E190 con una capacidad para 96 pasajeros.<\/p>\n<p>Desde hace meses, el presidente de la Agencia C\u00f3rdoba Turismo, Alejandro Lastra lleva adelante gestiones para recuperar esta ruta a\u00e9rea que un\u00eda la capital cordobesa con la capital paraguaya. As\u00ed, las reuniones se llevaron a cabo con la ministra de turismo de Paraguay Sof\u00eda Montiel de Afara, primero, y luego con su reemplazante, Angie Duarte, en el marco de la Feria Internacional de Turismo 2023.<\/p>\n<p>Asimismo, hubo gestiones con Aerol\u00edneas ante Fabi\u00e1n Lombardo, director Comercial, Planeamiento y Gesti\u00f3n.<\/p>\n<p>Esta nueva ruta no s\u00f3lo establece un puente directo entre C\u00f3rdoba y Asunci\u00f3n, sino que tambi\u00e9n abre oportunidades para conexiones con los 16 destinos del interior argentino desde el Aeropuerto Internacional de C\u00f3rdoba.<\/p>\n<p>Estos destinos incluyen ciudades como Salta, Jujuy, Tucum\u00e1n, Resistencia, Posadas, Puerto Iguaz\u00fa, San Juan, Mendoza, Mar del Plata, Neuqu\u00e9n, Chapelco, Bariloche, Trelew, Comodoro Rivadavia, El Calafate y Ushuaia.<\/p>\n<p>C\u00f3rdoba y Paraguay contin\u00faan demostrando la solidez de su colaboraci\u00f3n tanto en el \u00e1mbito p\u00fablico como privado, con el objetivo de fortalecer el intercambio tur\u00edstico entre ambos destinos. Esta colaboraci\u00f3n estrat\u00e9gica ha sido fundamental para el crecimiento y desarrollo sostenible de la industria tur\u00edstica en la regi\u00f3n y que hoy celebra una conexi\u00f3n directa entre ambos destinos.<\/p>\n<p>Este anuncio cobra relevancia para el turismo de C\u00f3rdoba y tambi\u00e9n del interior del pa\u00eds, como una nueva puerta de ingreso a la Argentina, sin la necesidad de pasar por Buenos Aires, fortaleciendo lazos tur\u00edsticos y comerciales entre Argentina y Paraguay.<\/p>\n","protected":false},"excerpt":{"rendered":"<p>Ser\u00e1 a partir de abril 2024 con Aerol\u00edneas Argentinas, con dos vuelos semanales. Aerol\u00edneas Argentinas anunci\u00f3 el lanzamiento de una nueva ruta internacional que conectar\u00e1 la ciudad de C\u00f3rdoba con Asunci\u00f3n, la capital de Paraguay. La decisi\u00f3n de la l\u00ednea de bandera se enmarca en el esfuerzo de C\u00f3rdoba para atraer vuelos nacionales e internacionales [&hellip;]<\/p>\n","protected":false},"author":1,"featured_media":38896,"comment_status":"closed","ping_status":"closed","sticky":false,"template":"","format":"standard","meta":[],"categories":[11],"tags":[],"_links":{"self":[{"href":"http:\/\/nuevacordoba.net\/index.php\/wp-json\/wp\/v2\/posts\/38895"}],"collection":[{"href":"http:\/\/nuevacordoba.net\/index.php\/wp-json\/wp\/v2\/posts"}],"about":[{"href":"http:\/\/nuevacordoba.net\/index.php\/wp-json\/wp\/v2\/types\/post"}],"author":[{"embeddable":true,"href":"http:\/\/nuevacordoba.net\/index.php\/wp-json\/wp\/v2\/users\/1"}],"replies":[{"embeddable":true,"href":"http:\/\/nuevacordoba.net\/index.php\/wp-json\/wp\/v2\/comments?post=38895"}],"version-history":[{"count":0,"href":"http:\/\/nuevacordoba.net\/index.php\/wp-json\/wp\/v2\/posts\/38895\/revisions"}],"wp:featuredmedia":[{"embeddable":true,"href":"http:\/\/nuevacordoba.net\/index.php\/wp-json\/wp\/v2\/media\/38896"}],"wp:attachment":[{"href":"http:\/\/nuevacordoba.net\/index.php\/wp-json\/wp\/v2\/media?parent=38895"}],"wp:term":[{"taxonomy":"category","embeddable":true,"href":"http:\/\/nuevacordoba.net\/index.php\/wp-json\/wp\/v2\/categories?post=38895"},{"taxonomy":"post_tag","embeddable":true,"href":"http:\/\/nuevacordoba.net\/index.php\/wp-json\/wp\/v2\/tags?post=38895"}],"curies":[{"name":"wp","href":"https:\/\/api.w.org\/{rel}","templated":true}]}}