{"id":38933,"date":"2023-11-18T23:50:39","date_gmt":"2023-11-18T23:50:39","guid":{"rendered":"http:\/\/nuevacordoba.net\/index.php\/2023\/11\/18\/regina-glazer-la-pianista-de-92-anos-debuta-con-una-cancion-de-amor-de-su-adolescencia\/"},"modified":"2023-11-18T23:50:39","modified_gmt":"2023-11-18T23:50:39","slug":"regina-glazer-la-pianista-de-92-anos-debuta-con-una-cancion-de-amor-de-su-adolescencia","status":"publish","type":"post","link":"http:\/\/nuevacordoba.net\/index.php\/2023\/11\/18\/regina-glazer-la-pianista-de-92-anos-debuta-con-una-cancion-de-amor-de-su-adolescencia\/","title":{"rendered":"Regina Glazer, la pianista de 92 a\u00f1os debuta con una canci\u00f3n de amor de su adolescencia"},"content":{"rendered":"<figure class=\"mb-3\"><img loading=\"lazy\" data-src=\"http:\/\/nuevacordoba.net\/wp-content\/uploads\/2023\/11\/regina-glazer-la-pianista-de-92-anos-debuta-con-una-cancion-de-amor-de-su-adolescencia.jpg\" src=\"https:\/\/www.telam.com.ar\/assets\/img\/not_image.png\" class=\" lazy \" width=\"100%\" height=\"100%\" alt=\"La pianista Regina Glazer Foto Prensa\"><figcaption> La pianista Regina Glazer\/ Foto: Prensa <\/figcaption><\/figure>\n<p>&nbsp;<\/p>\n<p>A sus 92 a\u00f1os, la pianista Regina Glazer debut\u00f3 con<strong> su primer trabajo de estudio, \u00abLuz de amor\u00bb<\/strong>, una canci\u00f3n que compuso hace casi ocho d\u00e9cadas para su amor de la adolescencia y que pronto, en ocasi\u00f3n del pr\u00f3ximo D\u00eda de la M\u00fasica, llegar\u00e1 al p\u00fablico general con la colaboraci\u00f3n de la cantante Marina Wil.<\/p>\n<p>Glazer, un<strong> talento pr\u00e1cticamente oculto durante 77 a\u00f1os<\/strong>, se aventur\u00f3 tambi\u00e9n al ponerle voz a esta obra que une generaciones, historias de vida y amor por la m\u00fasica, y que tendr\u00e1 su desembarco con un <strong>videoclip este 22 de noviembre en YouTube<\/strong>.<\/p>\n<p>Todo comenz\u00f3 cuando Regina conoci\u00f3 a Marina Wil -quien trabaj\u00f3 con reconocidos artistas del rubro, como Fito P\u00e1ez, Ismael Serrano y Los Aut\u00e9nticos Decadentes- durante una actividad terap\u00e9utica en la residencia para personas mayores LeDor VaDor, en el barrio porte\u00f1o de Chacarita: fascinada por su voz, la protagonista de este relato decidi\u00f3 ir luego a un concierto de la vocalista, donde se acerc\u00f3 a ella para ponerse en contacto.<\/p>\n<p>Profundas y largas conversaciones de por medio sobre sus gustos musicales y sus recorridos, ambas mujeres entablaron una amistad que hoy en d\u00eda dio lugar a esta grabaci\u00f3n, llevada a cabo entre julio y agosto de este a\u00f1o en los estudios Doctor F -con la producci\u00f3n de Pablo L\u00f3pez Ruiz- que cont\u00f3 con el apoyo de la Fundaci\u00f3n para el Desarrollo de Talentos y personal del hogar: \u00abCuando Regina me cont\u00f3 la historia, no lo dud\u00e9 ni un segundo\u00bb, cont\u00f3 Wil en declaraciones a la prensa.<\/p>\n<figure class=\"mb-3\"><img loading=\"lazy\" data-src=\"http:\/\/nuevacordoba.net\/wp-content\/uploads\/2023\/11\/regina-glazer-la-pianista-de-92-anos-debuta-con-una-cancion-de-amor-de-su-adolescencia-1.jpg\" src=\"https:\/\/www.telam.com.ar\/assets\/img\/not_image.png\" class=\" lazy \" width=\"100%\" height=\"100%\" alt=\"Foto Prensa\"><figcaption> Foto: Prensa <\/figcaption><\/figure>\n<p>Seg\u00fan contaron representantes de la fundaci\u00f3n y la residencia mencionadas, \u00abLuz de amor\u00bb se remonta a 1946, cuando Regina era una adolescente enamorada que reci\u00e9n empezaba un noviazgo con su vecino, Adolfo, a pesar del descontento de sus propios padres, quienes no aprobaban la relaci\u00f3n.<\/p>\n<p>Sin embargo, a contramano del mandato familiar, la jovencita decidi\u00f3 grabar lo que hab\u00eda creado en un disco de pasta: \u00abLo pon\u00eda junto a la ventana para que \u00e9l pudiera escucharla al pasar. Lo pasaba tantas veces que mis padres no lo pod\u00edan creer\u00bb, record\u00f3 por su parte la autora de la canci\u00f3n, cuyo refugio en el piano la llev\u00f3 a dedicarse a ser profesora de m\u00fasica en su adultez.<\/p>\n<p>A trav\u00e9s del arte y el sentimiento fue que ese amor creci\u00f3 pese a las adversidades, y el v\u00ednculo entre Regina y Adolfo eventualmente se transform\u00f3 en un matrimonio que compartieron durante 67 a\u00f1os de sus vidas, acompa\u00f1ado por aquella canci\u00f3n adolescente que los hab\u00eda unido tanto tiempo atr\u00e1s.<\/p>\n<p>\u00abLuz de amor\u00bb tendr\u00e1 su lanzamiento el pr\u00f3ximo 22 de noviembre, <strong>d\u00eda en que se celebra el D\u00eda de la M\u00fasica, en honor a Santa Cecilia<\/strong>, patrona de las y los creadores de este arte. <\/p>\n","protected":false},"excerpt":{"rendered":"<p>La pianista Regina Glazer\/ Foto: Prensa &nbsp; A sus 92 a\u00f1os, la pianista Regina Glazer debut\u00f3 con su primer trabajo de estudio, \u00abLuz de amor\u00bb, una canci\u00f3n que compuso hace casi ocho d\u00e9cadas para su amor de la adolescencia y que pronto, en ocasi\u00f3n del pr\u00f3ximo D\u00eda de la M\u00fasica, llegar\u00e1 al p\u00fablico general con [&hellip;]<\/p>\n","protected":false},"author":1,"featured_media":38934,"comment_status":"closed","ping_status":"closed","sticky":false,"template":"","format":"standard","meta":[],"categories":[9],"tags":[],"_links":{"self":[{"href":"http:\/\/nuevacordoba.net\/index.php\/wp-json\/wp\/v2\/posts\/38933"}],"collection":[{"href":"http:\/\/nuevacordoba.net\/index.php\/wp-json\/wp\/v2\/posts"}],"about":[{"href":"http:\/\/nuevacordoba.net\/index.php\/wp-json\/wp\/v2\/types\/post"}],"author":[{"embeddable":true,"href":"http:\/\/nuevacordoba.net\/index.php\/wp-json\/wp\/v2\/users\/1"}],"replies":[{"embeddable":true,"href":"http:\/\/nuevacordoba.net\/index.php\/wp-json\/wp\/v2\/comments?post=38933"}],"version-history":[{"count":0,"href":"http:\/\/nuevacordoba.net\/index.php\/wp-json\/wp\/v2\/posts\/38933\/revisions"}],"wp:featuredmedia":[{"embeddable":true,"href":"http:\/\/nuevacordoba.net\/index.php\/wp-json\/wp\/v2\/media\/38934"}],"wp:attachment":[{"href":"http:\/\/nuevacordoba.net\/index.php\/wp-json\/wp\/v2\/media?parent=38933"}],"wp:term":[{"taxonomy":"category","embeddable":true,"href":"http:\/\/nuevacordoba.net\/index.php\/wp-json\/wp\/v2\/categories?post=38933"},{"taxonomy":"post_tag","embeddable":true,"href":"http:\/\/nuevacordoba.net\/index.php\/wp-json\/wp\/v2\/tags?post=38933"}],"curies":[{"name":"wp","href":"https:\/\/api.w.org\/{rel}","templated":true}]}}