{"id":38943,"date":"2023-11-19T12:08:09","date_gmt":"2023-11-19T12:08:09","guid":{"rendered":"http:\/\/nuevacordoba.net\/index.php\/2023\/11\/19\/di-maria-el-verdugo-argentino-prepara-su-regreso-al-maracana\/"},"modified":"2023-11-19T12:08:09","modified_gmt":"2023-11-19T12:08:09","slug":"di-maria-el-verdugo-argentino-prepara-su-regreso-al-maracana","status":"publish","type":"post","link":"http:\/\/nuevacordoba.net\/index.php\/2023\/11\/19\/di-maria-el-verdugo-argentino-prepara-su-regreso-al-maracana\/","title":{"rendered":"Di Mar\u00eda: el verdugo argentino prepara su regreso al Maracan\u00e1"},"content":{"rendered":"<figure class=\"mb-3\"><img loading=\"lazy\" data-src=\"http:\/\/nuevacordoba.net\/wp-content\/uploads\/2023\/11\/di-maria-el-verdugo-argentino-prepara-su-regreso-al-maracana.jpg\" src=\"https:\/\/www.telam.com.ar\/assets\/img\/not_image.png\" class=\" lazy \" width=\"100%\" height=\"100%\" alt=\"Foto AFP\"><figcaption> Foto: AFP <\/figcaption><\/figure>\n<p>El delantero emblema del seleccionado argentino <strong>\u00c1ngel Di Mar\u00eda<\/strong> perfila como<strong> la gran apuesta de los campeones del mundo en el cl\u00e1sico del martes pr\u00f3ximo en el Maracan\u00e1<\/strong>.<\/p>\n<p>\u00abFideo\u00bb Di Mar\u00eda, <strong>art\u00edfice de la victoria consagratoria en la Copa Am\u00e9rica 2021 en ese mismo escenario de R\u00edo de Janeiro<\/strong>, parte en posici\u00f3n privilegiada entre los posibles cambios que analiza el DT Lionel Scaloni.<\/p>\n<p>El jugador del Benfica de Portugal comenz\u00f3 desde el banco en la derrota con Uruguay, el jueves pasado, y sus antecendentes en los partidos de m\u00e1xima importancia le aportan un h\u00e1ndicap para regresar al once inicial.<\/p>\n<figure class=\"mb-3\"><img loading=\"lazy\" data-src=\"http:\/\/nuevacordoba.net\/wp-content\/uploads\/2023\/11\/di-maria-el-verdugo-argentino-prepara-su-regreso-al-maracana-1.jpg\" src=\"https:\/\/www.telam.com.ar\/assets\/img\/not_image.png\" class=\" lazy \" width=\"100%\" height=\"100%\" alt=\"Foto Maximiliano Luna\"><figcaption> Foto: Maximiliano Luna. <\/figcaption><\/figure>\n<p>No s\u00f3lo decidi\u00f3 aquella final del 11 de julio de 2021 en el Maracan\u00e1, tambi\u00e9n se anot\u00f3 como goleador en la Finalissima ante Italia en Wembley y en la final con Francia en el Mundial de Qatar. <strong>Su campa\u00f1a global con la \u00abAlbiceleste\u00bb arroja 135 encuentros, 29 tantos y misma cantidad de asistencias<\/strong>.<\/p>\n<p>Su eventual incorporaci\u00f3n en la formaci\u00f3n titular de la Selecci\u00f3n supone la salida del delantero de la Fiorentina Nicol\u00e1s Gonz\u00e1lez, presente desde el inicio en los cinco partidos anteriores de la clasificaci\u00f3n para Estados Unidos-Canad\u00e1-M\u00e9xico 2026.<\/p>\n<h2 class>Scaloni mantiene el misterio en el b\u00fanker argentino<\/h2>\n<p><\/p>\n<figure class=\"mb-3\"><img loading=\"lazy\" data-src=\"http:\/\/nuevacordoba.net\/wp-content\/uploads\/2023\/11\/di-maria-el-verdugo-argentino-prepara-su-regreso-al-maracana-2.jpg\" src=\"https:\/\/www.telam.com.ar\/assets\/img\/not_image.png\" class=\" lazy \" width=\"100%\" height=\"100%\" alt=\"Foto Alfredo Luna\"><figcaption> Foto: Alfredo Luna. <\/figcaption><\/figure>\n<p><a href=\"https:\/\/www.telam.com.ar\/notas\/202311\/646955-argentina-eliminatorias-brasil-lionel-scaloni-lionel-messi-futbol.html\" target=\"_blank\" rel=\"noopener\">El plantel argentino volvi\u00f3 al trabajo en el predio Lionel Andr\u00e9s Messi de Ezeiza<\/a>, sin indicios en campo sobre el equipo que jugar\u00e1 ante Brasil, pero con esa idea primaria en la cabeza del cuerpo t\u00e9cnico.<\/p>\n<p>Una segunda posibilidad, menos concreta, ser\u00eda la inclusi\u00f3n de un cuarto mediocampista, siempre por Nico Gonz\u00e1lez, para reforzar un sector en el que Argentina result\u00f3 superado en el cl\u00e1sico rioplatense.<\/p>\n<p>De inclinarse por esa chance, tres jugadores disputar\u00e1n la titularidad: Leandro Paredes, m\u00e1s posicional; Exequiel Palacios, de mayor equilibrio, y Giovani Lo Celso, de caracter\u00edstica m\u00e1s ofensiva.<\/p>\n<p>De modo que la probable formaci\u00f3n argentina ser\u00eda con Emiliano Mart\u00ednez; Nahuel Molina, Cristian Romero, Nicol\u00e1s Otamendi y Nicol\u00e1s Tagliafico; Rodrigo De Paul, Alexis Mac Allister y Enzo Fern\u00e1ndez; Lionel Messi, Juli\u00e1n \u00c1lvarez y Di Mar\u00eda.<\/p>\n<p>Los campeones del mundo volver\u00e1n al Maracan\u00e1 desde aquella consagraci\u00f3n continental en 2021 con el objetivo de aplicar a Brasil la primera derrota como local en toda la historia de las Eliminatorias.<\/p>\n<h2 class>Brasil necesita un triunfo<\/h2>\n<p>&nbsp;<strong>La \u00abCanarinha\u00bb llega con urgencia de resultados<\/strong>, en un contexto at\u00edpico: acumula dos derrotas consecutivas en la competencia de la Conmebol y est\u00e1 al mando del entrenador del Fluminense, Fernando Diniz, quien de momento tiene car\u00e1cter de interino.<\/p>\n<p>Despu\u00e9s de pasar 37 partidos sin derrotas en las Eliminatorias, <strong>Brasil perdi\u00f3 su invicto con el Uruguay de Marcelo Bielsa en Montevideo, en octubre pasado, y el jueves \u00faltimo cay\u00f3 ante Colombia<\/strong> (2-1) en Barranquilla, luego de comenzar el partido en ventaja.<\/p>\n<p>Para peor, <strong>perdi\u00f3 por lesi\u00f3n al delantero de Real Madrid Vinicius J\u00fanior<\/strong>, quien representa su mejor jugador en ausencia del lesionado Neymar, quien podr\u00e1 retornar a la canchas reci\u00e9n el a\u00f1o pr\u00f3ximo.<\/p>\n<p>Las bajas de los pentacampeones del mundo se cuentan con las dos manos ya que tampoco estar\u00e1n disponibles otros jugadores de presencia estable en el anterior ciclo de Tite.<\/p>\n<p>El arquero Ederson (Manchester City), los defensores \u00c9der Militao (Real Madrid) y Danilo (Juventus); los mediocampistas Casemiro (Manchester United) y Lucas Paquet\u00e1 (West Ham) y los atacantes Richarlison (Tottenham Hotspur) y Antony (Manchester United) no ser\u00e1n de la partida.<\/p>\n<p>Argentina, l\u00edder de las Eliminatorias con 12 puntos, retomar\u00e1 su agenda este domingo con una nueva pr\u00e1ctica desde las 10:30 en Ezeiza, a puertas cerradas.<\/p>\n<p>El supercl\u00e1sico del f\u00fatbol sudamericano se disputar\u00e1 este martes desde las 21:30 con arbitraje del chileno Piero Maza.<\/p>\n","protected":false},"excerpt":{"rendered":"<p>Foto: AFP El delantero emblema del seleccionado argentino \u00c1ngel Di Mar\u00eda perfila como la gran apuesta de los campeones del mundo en el cl\u00e1sico del martes pr\u00f3ximo en el Maracan\u00e1. \u00abFideo\u00bb Di Mar\u00eda, art\u00edfice de la victoria consagratoria en la Copa Am\u00e9rica 2021 en ese mismo escenario de R\u00edo de Janeiro, parte en posici\u00f3n privilegiada [&hellip;]<\/p>\n","protected":false},"author":1,"featured_media":38944,"comment_status":"closed","ping_status":"closed","sticky":false,"template":"","format":"standard","meta":[],"categories":[10],"tags":[],"_links":{"self":[{"href":"http:\/\/nuevacordoba.net\/index.php\/wp-json\/wp\/v2\/posts\/38943"}],"collection":[{"href":"http:\/\/nuevacordoba.net\/index.php\/wp-json\/wp\/v2\/posts"}],"about":[{"href":"http:\/\/nuevacordoba.net\/index.php\/wp-json\/wp\/v2\/types\/post"}],"author":[{"embeddable":true,"href":"http:\/\/nuevacordoba.net\/index.php\/wp-json\/wp\/v2\/users\/1"}],"replies":[{"embeddable":true,"href":"http:\/\/nuevacordoba.net\/index.php\/wp-json\/wp\/v2\/comments?post=38943"}],"version-history":[{"count":0,"href":"http:\/\/nuevacordoba.net\/index.php\/wp-json\/wp\/v2\/posts\/38943\/revisions"}],"wp:featuredmedia":[{"embeddable":true,"href":"http:\/\/nuevacordoba.net\/index.php\/wp-json\/wp\/v2\/media\/38944"}],"wp:attachment":[{"href":"http:\/\/nuevacordoba.net\/index.php\/wp-json\/wp\/v2\/media?parent=38943"}],"wp:term":[{"taxonomy":"category","embeddable":true,"href":"http:\/\/nuevacordoba.net\/index.php\/wp-json\/wp\/v2\/categories?post=38943"},{"taxonomy":"post_tag","embeddable":true,"href":"http:\/\/nuevacordoba.net\/index.php\/wp-json\/wp\/v2\/tags?post=38943"}],"curies":[{"name":"wp","href":"https:\/\/api.w.org\/{rel}","templated":true}]}}