{"id":38983,"date":"2023-11-19T22:46:05","date_gmt":"2023-11-19T22:46:05","guid":{"rendered":"https:\/\/prensa.cba.gov.ar\/?p=576749"},"modified":"2023-11-19T22:46:05","modified_gmt":"2023-11-19T22:46:05","slug":"los-150-anos-de-historia-de-bancor-llegan-al-libro","status":"publish","type":"post","link":"http:\/\/nuevacordoba.net\/index.php\/2023\/11\/19\/los-150-anos-de-historia-de-bancor-llegan-al-libro\/","title":{"rendered":"Los 150 a\u00f1os de historia de Bancor llegan al libro"},"content":{"rendered":"<ul>\n<li><strong>Se trata de un volumen publicado con motivo del aniversario del banco provincial.<\/strong><\/li>\n<li><strong>Repasa la historia econ\u00f3mica y del sistema financiero argentino, y las pol\u00edticas de los gobiernos cordobeses<\/strong>.<\/li>\n<li><strong>La versi\u00f3n digital se puede descargar de las web de Bancor.<\/strong><\/li>\n<\/ul>\n<p>Bancor present\u00f3 el libro \u201c<strong>150 a\u00f1os de historia. El banco de los cordobeses\u201d<\/strong>, una edici\u00f3n aniversario que conmemora sus 150 a\u00f1os de protagonismo y de compromiso con el desarrollo productivo y social de la provincia de C\u00f3rdoba.<\/p>\n<p>El libro fue escrito por Alfredo Blanco, ex decano y profesor de la Facultad de Ciencias Econ\u00f3micas de la UNC, y Carlos Seggiaro, economista e integrante del directorio de Bancor. <\/p>\n<p>Es un repaso por los hitos m\u00e1s significativos de un siglo y medio de recorrido junto a los cordobeses, ofreciendo una visi\u00f3n detallada de su evoluci\u00f3n desde sus inicios hasta la actualidad.<\/p>\n<p>En su pr\u00f3logo, el gobernador Juan Schiaretti, destac\u00f3 que el <em>\u201cBanco de C\u00f3rdoba es un ejemplo claro de que el Estado con sus herramientas puede apuntar desde la eficiencia a tener una presencia gravitante y \u00fatil para la sociedad. Queremos que nuestra querida entidad financiera sea una herramienta eficaz al servicio de la producci\u00f3n, del desarrollo y el crecimiento de la provincia\u201d.<\/em><\/p>\n<p>El trabajo se estructura alrededor de cuatro hilos conductores centrales que enmarcaron el funcionamiento de la entidad financiera: la econom\u00eda argentina con sus diferentes ciclos, la actividad del sistema financiero nacional, las pol\u00edticas que llevaron a cabo los distintos gobiernos provinciales y los cambios en el sistema productivo local.&nbsp;<\/p>\n<p>\u201c<em>La comprensi\u00f3n de los sucesos del pasado y la identificaci\u00f3n de los desaf\u00edos actuales son cruciales para sostener con firmeza la estrategia de crecimiento, manteniendo el compromiso con la regi\u00f3n y los cordobeses\u201d, <\/em>dijo el presidente de Bancor, Daniel Tillard, durante la presentaci\u00f3n concretada en la Casa Matriz.<\/p>\n<figure class=\"wp-block-image size-large\"><img loading=\"lazy\" decoding=\"async\" width=\"1024\" height=\"683\" src=\"http:\/\/nuevacordoba.net\/wp-content\/uploads\/2023\/11\/los-150-anos-de-historia-de-bancor-llegan-al-libro.jpg\" alt class=\"wp-image-576752\" srcset=\"http:\/\/nuevacordoba.net\/wp-content\/uploads\/2023\/11\/los-150-anos-de-historia-de-bancor-llegan-al-libro.jpg 1024w, http:\/\/nuevacordoba.net\/wp-content\/uploads\/2023\/11\/los-150-anos-de-historia-de-bancor-llegan-al-libro-1.jpg 300w, http:\/\/nuevacordoba.net\/wp-content\/uploads\/2023\/11\/los-150-anos-de-historia-de-bancor-llegan-al-libro-2.jpg 768w, http:\/\/nuevacordoba.net\/wp-content\/uploads\/2023\/11\/los-150-anos-de-historia-de-bancor-llegan-al-libro-3.jpg 1536w, http:\/\/nuevacordoba.net\/wp-content\/uploads\/2023\/11\/los-150-anos-de-historia-de-bancor-llegan-al-libro-4.jpg 2048w\" sizes=\"(max-width: 1024px) 100vw, 1024px\"><\/figure>\n<p><strong>Versi\u00f3n digital<\/strong><\/p>\n<p>El libro cuenta con una edici\u00f3n en formato digital accesible para todos con descarga gratuita en <a href=\"https:\/\/www.bancor.com.ar\/\">www.bancor.com.ar<\/a> y a trav\u00e9s de un c\u00f3digo QR. Luego del trayecto hist\u00f3rico, el lector podr\u00e1 encontrarse con la Primera acta de directorio en 1873 y con un recorrido por las muestras y colecciones del Museo Tamburini. <\/p>\n<p>Tambi\u00e9n, se distingue un apartado especial sobre c\u00f3mo fue evolucionando la marca a lo largo de los a\u00f1os hasta llegar al presente con EO, el adorable personaje que lleg\u00f3 del futuro para protagonizar la era digital de BANCOR.<\/p>\n<p>Esta publicaci\u00f3n homenaje se destaca como un aporte valioso y fundamental para la comunidad cordobesa y realza la funci\u00f3n clave del Banco en el crecimiento de la provincia. Y, adem\u00e1s, se presenta como un faro hacia el futuro para continuar consolid\u00e1ndose como un impulsor clave del progreso de todos los cordobeses.<\/p>\n<p>C\u00f3digo de descarga \u201c<strong>150 a\u00f1os de historia. El banco de los cordobeses\u201d<\/strong>:<\/p>\n<figure class=\"wp-block-image size-full\"><img decoding=\"async\" loading=\"lazy\" width=\"323\" height=\"320\" src=\"http:\/\/nuevacordoba.net\/wp-content\/uploads\/2023\/11\/los-150-anos-de-historia-de-bancor-llegan-al-libro.png\" alt class=\"wp-image-576750\" srcset=\"http:\/\/nuevacordoba.net\/wp-content\/uploads\/2023\/11\/los-150-anos-de-historia-de-bancor-llegan-al-libro.png 323w, http:\/\/nuevacordoba.net\/wp-content\/uploads\/2023\/11\/los-150-anos-de-historia-de-bancor-llegan-al-libro-1.png 300w, http:\/\/nuevacordoba.net\/wp-content\/uploads\/2023\/11\/los-150-anos-de-historia-de-bancor-llegan-al-libro-2.png 150w\" sizes=\"(max-width: 323px) 100vw, 323px\"><\/figure>\n","protected":false},"excerpt":{"rendered":"<p>Se trata de un volumen publicado con motivo del aniversario del banco provincial. Repasa la historia econ\u00f3mica y del sistema financiero argentino, y las pol\u00edticas de los gobiernos cordobeses. La versi\u00f3n digital se puede descargar de las web de Bancor. Bancor present\u00f3 el libro \u201c150 a\u00f1os de historia. El banco de los cordobeses\u201d, una edici\u00f3n [&hellip;]<\/p>\n","protected":false},"author":1,"featured_media":38984,"comment_status":"closed","ping_status":"closed","sticky":false,"template":"","format":"standard","meta":[],"categories":[14],"tags":[],"_links":{"self":[{"href":"http:\/\/nuevacordoba.net\/index.php\/wp-json\/wp\/v2\/posts\/38983"}],"collection":[{"href":"http:\/\/nuevacordoba.net\/index.php\/wp-json\/wp\/v2\/posts"}],"about":[{"href":"http:\/\/nuevacordoba.net\/index.php\/wp-json\/wp\/v2\/types\/post"}],"author":[{"embeddable":true,"href":"http:\/\/nuevacordoba.net\/index.php\/wp-json\/wp\/v2\/users\/1"}],"replies":[{"embeddable":true,"href":"http:\/\/nuevacordoba.net\/index.php\/wp-json\/wp\/v2\/comments?post=38983"}],"version-history":[{"count":0,"href":"http:\/\/nuevacordoba.net\/index.php\/wp-json\/wp\/v2\/posts\/38983\/revisions"}],"wp:featuredmedia":[{"embeddable":true,"href":"http:\/\/nuevacordoba.net\/index.php\/wp-json\/wp\/v2\/media\/38984"}],"wp:attachment":[{"href":"http:\/\/nuevacordoba.net\/index.php\/wp-json\/wp\/v2\/media?parent=38983"}],"wp:term":[{"taxonomy":"category","embeddable":true,"href":"http:\/\/nuevacordoba.net\/index.php\/wp-json\/wp\/v2\/categories?post=38983"},{"taxonomy":"post_tag","embeddable":true,"href":"http:\/\/nuevacordoba.net\/index.php\/wp-json\/wp\/v2\/tags?post=38983"}],"curies":[{"name":"wp","href":"https:\/\/api.w.org\/{rel}","templated":true}]}}