{"id":38995,"date":"2023-11-20T20:14:53","date_gmt":"2023-11-20T20:14:53","guid":{"rendered":"http:\/\/nuevacordoba.net\/index.php\/2023\/11\/20\/el-regreso-de-roger-waters-a-river-record-polemicas-y-despedida\/"},"modified":"2023-11-20T20:14:53","modified_gmt":"2023-11-20T20:14:53","slug":"el-regreso-de-roger-waters-a-river-record-polemicas-y-despedida","status":"publish","type":"post","link":"http:\/\/nuevacordoba.net\/index.php\/2023\/11\/20\/el-regreso-de-roger-waters-a-river-record-polemicas-y-despedida\/","title":{"rendered":"El regreso de Roger Waters a River: r\u00e9cord, pol\u00e9micas y \u00bfdespedida?"},"content":{"rendered":"<figure class=\"mb-3\"><img loading=\"lazy\" data-src=\"http:\/\/nuevacordoba.net\/wp-content\/uploads\/2023\/11\/el-regreso-de-roger-waters-a-river-record-polemicas-y-despedida.jpg\" src=\"https:\/\/www.telam.com.ar\/assets\/img\/not_image.png\" class=\" lazy \" width=\"100%\" height=\"100%\" alt=\"El msico completar un rcord de recitales en el Monumental \"><figcaption> El m\u00fasico completar\u00e1 un r\u00e9cord de recitales en el Monumental. <\/figcaption><\/figure>\n<p>En lo que ser\u00e1 su quinta visita al pa\u00eds, desde aquella so\u00f1ada primera vez en marzo de 2002 en V\u00e9lez; Roger Waters, exl\u00edder y gran cerebro creativo de Pink Floyd, protagonizar\u00e1 este martes 21 y mi\u00e9rcoles 22 dos conciertos en River, <strong>un acontecimiento que marcar\u00e1 un r\u00e9cord absoluto, en el marco de un tour que probablemente sea su despedida<\/strong> de los escenarios; aunque estos hist\u00f3ricos hechos parecieran quedar ocultos detr\u00e1s de las pol\u00e9micas que despert\u00f3 su figura en los \u00faltimos tiempos a partir de sus posturas pol\u00edticas.<\/p>\n<p>Cuando el m\u00fasico brit\u00e1nico pise el martes el escenario, empatar\u00e1 en 12 la marca de Los Rolling Stones de ser los artistas con m\u00e1s shows en el Monumental; pero habr\u00e1 superado esa cifra y lo ubicar\u00e1 en el tope de este podio cuando repita el mi\u00e9rcoles, con transmisi\u00f3n en vivo por Flow.<\/p>\n<p>Y cuando el d\u00eda del r\u00e9cord absoluto, se despida del p\u00fablico argentino, tal vez lo est\u00e9 haciendo para siempre, de acuerdo a algunas pistas que podr\u00edan leerse en el equ\u00edvoco t\u00edtulo de este tour: \u00abThis is not a Drill\u00bb (\u00abEsto no es un simulacro\u00bb).<\/p>\n<p>Desde que se puso en marcha esta recorrida, la pregunta que sobrevuela es si esto alude al concepto del espect\u00e1culo o a las sospechas de que se trata de la gira despedida de este artista que en septiembre pasado cumpli\u00f3 80 a\u00f1os.<\/p>\n<p>Pero a pesar de la excitaci\u00f3n que provoca la posibilidad de ver una vez m\u00e1s a una indiscutible leyenda en la historia del rock y de escuchar en vivo obras del repertorio de Pink Floyd, con obvia supremac\u00eda en los discos \u00abThe Wall\u00bb y \u00abDark Side of the Moon\u00bb;<strong> la llegada de Waters a la Argentina se produce en medio de un clima enrarecido, que fue tomando forma en otros lugares del mundo y encontr\u00f3 eco por aqu\u00ed.<\/strong><\/p>\n<figure class=\"mb-3\"><img loading=\"lazy\" data-src=\"http:\/\/nuevacordoba.net\/wp-content\/uploads\/2023\/11\/el-regreso-de-roger-waters-a-river-record-polemicas-y-despedida-1.jpg\" src=\"https:\/\/www.telam.com.ar\/assets\/img\/not_image.png\" class=\" lazy \" width=\"100%\" height=\"100%\" alt=\"Roger Water llega con su tour This is not a Drill\"><figcaption> Roger Water llega con su tour \u00abThis is not a Drill\u00bb. <\/figcaption><\/figure>\n<p><\/p>\n<h2 class>La pol\u00e9mica<\/h2>\n<p>&nbsp;Aunque es famoso porque siempre tom\u00f3 claras posturas pol\u00edticas, b\u00e1sicamente antib\u00e9licas y antiimperialistas, que expres\u00f3 a trav\u00e9s de su arte y de declaraciones p\u00fablicas; <strong>esta vez sus manifestaciones en torno al conflicto en Palestina provocaron represalias concretas.<\/strong><\/p>\n<p>En todo el mundo proliferaron censuras a su frase en la que sentenciaba que <strong>\u00abla poblaci\u00f3n de Gaza tiene derecho a defenderse de las agresiones de Israel\u00bb, y acusaciones de antisemitismo<\/strong>; pero en Argentina la bomba explot\u00f3 la semana pasada.<\/p>\n<p>Fue cuando el m\u00fasico confirm\u00f3 en una entrevista con P\u00e1gina\/12 que en Montevideo y Buenos Aires -concretamente en el hotel Alvear y en el Faena-, le hab\u00edan cancelado las reservas que ten\u00eda para todo su equipo, por estas acusaciones.<\/p>\n<p>Seg\u00fan sus propias palabras a ese diario, iba a permanecer alojado en San Pablo y desde ah\u00ed viajar\u00eda a ambas ciudades para el momento de los conciertos. En las \u00faltimas horas, <strong>varios hoteles sindicales de Buenos Aires ofrecieron recibirlo en sus instalaciones, pero no existe informaci\u00f3n oficial sobre el paradero del m\u00fasico en nuestro pa\u00eds.<\/strong><\/p>\n<p>Acto seguido, <strong>hubo presentaciones de un grupo de legisladores opositores que repudian su visita,<\/strong> advertencias de organizaciones jud\u00edas y distintas denuncias a la Justicia.<\/p>\n<p>Una de las m\u00e1s absurdas acusaciones ponen el ojo en el pasaje de sus shows en el que aborda \u00abIn the Flesh\u00bb, tema apertura de \u00abThe Wall\u00bb, en el que a modo perform\u00e1tico se calza un uniforme militar similar al nazi y encarna en un dictador. Los denunciantes sostienen lo que se expres\u00f3 en muchas de las cr\u00edticas al m\u00fasico, que ese acto no es m\u00e1s que una celebraci\u00f3n al nazismo.<\/p>\n<p>La realidad es que es impensable un show de Roger Waters en el que no haya alusiones a cuestiones relacionadas con la pol\u00edtica y los derechos humanos, por lo que es de esperar que haya alguna manifestaci\u00f3n sobre Gaza.<\/p>\n<p><strong>Pero este no fue el \u00fanico foco de conflicto que mantuvo el m\u00fasico en los \u00faltimos meses<\/strong>, pues en el plano art\u00edstico reaviv\u00f3 el eterno enfrentamiento con sus excompa\u00f1eros en Pink Floyd. La chispa la encendi\u00f3 el propio Waters cuando puso en marcha el proyecto de regrabar en solitario el emblem\u00e1tico disco \u00abDark Side of the Moon\u00bb en su 50\u00ba aniversario.<\/p>\n<p>En esa ocasi\u00f3n, remarc\u00f3 que hab\u00eda que terminar \u00abcon esa mierda de idea\u00bb de que se trat\u00f3 de la obra de un grupo, al reivindicarse como responsable creativo absoluto.<\/p>\n<p><strong>Hubo dardos cruzados en declaraciones period\u00edsticas y en redes sociales con el actual l\u00edder de la marca Pink Floyd, el guitarrista David Gilmour<\/strong>, en una escalada verbal que lleg\u00f3 a su punto m\u00e1ximo cuando cop\u00f3 la parada su esposa Polly Samson, quien tild\u00f3 a Waters de \u00abd\u00e9spota, antisemita, mis\u00f3gino, ladr\u00f3n, evasor de impuestos y de hacer playback\u00bb, entre otras cosas.<\/p>\n<p>Finalmente, se public\u00f3 \u00abDark Side of the Moon Redux\u00bb y tanto Waters como Gilmour bajaron los decibeles y se dedicaron mensajes m\u00e1s conciliadores.<\/p>\n<figure class=\"mb-3\"><img loading=\"lazy\" data-src=\"http:\/\/nuevacordoba.net\/wp-content\/uploads\/2023\/11\/el-regreso-de-roger-waters-a-river-record-polemicas-y-despedida-2.jpg\" src=\"https:\/\/www.telam.com.ar\/assets\/img\/not_image.png\" class=\" lazy \" width=\"100%\" height=\"100%\" alt=\"Foto prensa\"><figcaption> Foto: prensa. <\/figcaption><\/figure>\n<p>La guerra fr\u00eda entre partes hab\u00eda sumado un nuevo cap\u00edtulo en los \u00faltimos a\u00f1os, <strong>cuando Waters tom\u00f3 postura por Rusia en el conflicto con Ucrania, en tanto que Pink Floyd, con Gilmour a la cabeza, dedic\u00f3 una canci\u00f3n a Ucrania.<\/strong><\/p>\n<p>Pero como se mencion\u00f3 antes, este contexto no deber\u00eda obturar el fenomenal hecho art\u00edstico que se vivir\u00e1 en las dos noches en River, un acontecimiento hist\u00f3rico que marcar\u00e1 un r\u00e9cord y en el que tal vez sea la \u00faltima vez que podamos escuchar en vivo los cl\u00e1sicos de Pink Floyd en boca de su propio creador.<\/p>\n<p><strong>Ese ser\u00eda el cierre a una relaci\u00f3n que tuvo su primer contacto cara a cara en marzo de 2002 en V\u00e9lez; repiti\u00f3 en marzo de 2007 en River<\/strong>; toc\u00f3 la cima en marzo de 2012 cuando protagoniz\u00f3 nueve noches en las que puso en escena el espect\u00e1culo \u00abThe Wall; y tuvo su \u00faltimo cap\u00edtulo hasta ahora en noviembre de 2018 en el Estadio \u00danico de La Plata.<\/p>\n<p>En total, <strong>el exPink Floyd acumula 11 shows en River<\/strong>, una cifra que lo empata con Coldplay y lo deja a solo un concierto del r\u00e9cord de Los Rolling Stones con 12 presentaciones en el Monumental. Y hasta los diez recitales que la banda de Chris Martin ofreci\u00f3 en octubre y noviembre del a\u00f1o pasado, Waters ostentaba el honor de haber sido con sus nueve funciones de \u00abThe Wall\u00bb el artista con m\u00e1s noches en River en una misma visita.<\/p>\n<p>Por todo esto, <strong>la pol\u00e9mica no debe distraernos y hacer que dejemos de preguntarnos si acaso el t\u00edtulo del tour efectivamente alude a muchos grupos que bajo el enga\u00f1oso gancho de la \u00abgira despedida\u00bb<\/strong> encaran un lucrativo y duradero negocio, y nos est\u00e1 advirtiendo que esta vez no se trata de \u00abun simulacro\u00bb. Estar\u00edamos hablando de la \u00faltima funci\u00f3n en nuestro pa\u00eds del genio creativo de Pink Floyd. No es poca cosa.<\/p>\n<div class=\"card col-md-10 offset-md-1 mb-4\">\n<h3 class=\"pt-2\">Relacionadas<\/h3>\n<\/p><\/div>\n","protected":false},"excerpt":{"rendered":"<p>El m\u00fasico completar\u00e1 un r\u00e9cord de recitales en el Monumental. En lo que ser\u00e1 su quinta visita al pa\u00eds, desde aquella so\u00f1ada primera vez en marzo de 2002 en V\u00e9lez; Roger Waters, exl\u00edder y gran cerebro creativo de Pink Floyd, protagonizar\u00e1 este martes 21 y mi\u00e9rcoles 22 dos conciertos en River, un acontecimiento que marcar\u00e1 [&hellip;]<\/p>\n","protected":false},"author":1,"featured_media":38996,"comment_status":"closed","ping_status":"closed","sticky":false,"template":"","format":"standard","meta":[],"categories":[9],"tags":[],"_links":{"self":[{"href":"http:\/\/nuevacordoba.net\/index.php\/wp-json\/wp\/v2\/posts\/38995"}],"collection":[{"href":"http:\/\/nuevacordoba.net\/index.php\/wp-json\/wp\/v2\/posts"}],"about":[{"href":"http:\/\/nuevacordoba.net\/index.php\/wp-json\/wp\/v2\/types\/post"}],"author":[{"embeddable":true,"href":"http:\/\/nuevacordoba.net\/index.php\/wp-json\/wp\/v2\/users\/1"}],"replies":[{"embeddable":true,"href":"http:\/\/nuevacordoba.net\/index.php\/wp-json\/wp\/v2\/comments?post=38995"}],"version-history":[{"count":0,"href":"http:\/\/nuevacordoba.net\/index.php\/wp-json\/wp\/v2\/posts\/38995\/revisions"}],"wp:featuredmedia":[{"embeddable":true,"href":"http:\/\/nuevacordoba.net\/index.php\/wp-json\/wp\/v2\/media\/38996"}],"wp:attachment":[{"href":"http:\/\/nuevacordoba.net\/index.php\/wp-json\/wp\/v2\/media?parent=38995"}],"wp:term":[{"taxonomy":"category","embeddable":true,"href":"http:\/\/nuevacordoba.net\/index.php\/wp-json\/wp\/v2\/categories?post=38995"},{"taxonomy":"post_tag","embeddable":true,"href":"http:\/\/nuevacordoba.net\/index.php\/wp-json\/wp\/v2\/tags?post=38995"}],"curies":[{"name":"wp","href":"https:\/\/api.w.org\/{rel}","templated":true}]}}