{"id":39012,"date":"2023-11-21T03:04:15","date_gmt":"2023-11-21T03:04:15","guid":{"rendered":"https:\/\/puntoapunto.com.ar\/?p=353410"},"modified":"2023-11-21T03:04:15","modified_gmt":"2023-11-21T03:04:15","slug":"milei-presidente-sus-primeros-pasos-y-las-definiciones-que-va-tomando","status":"publish","type":"post","link":"http:\/\/nuevacordoba.net\/index.php\/2023\/11\/21\/milei-presidente-sus-primeros-pasos-y-las-definiciones-que-va-tomando\/","title":{"rendered":"Milei presidente: sus primeros pasos y las definiciones que va tomando"},"content":{"rendered":"<div class=\"g g-36\">\n<div class=\"g-dyn a-29 c-1\"><a class=\"gofollow\" data-track=\"MjksMzYsMSw2MA==\" href=\"https:\/\/www.harmoniechateau.com.ar\/\" target=\"_blank\" rel=\"noopener\"><img class=\"lazyload\" src=\"http:\/\/nuevacordoba.net\/wp-content\/uploads\/2023\/11\/milei-presidente-sus-primeros-pasos-y-las-definiciones-que-va-tomando.jpg\"><\/a><\/div>\n<\/div>\n<p>&nbsp;\n<\/p>\n<p>El presidente electo,&nbsp;<strong>Javier Milei,<\/strong> asegur\u00f3 ayer que su intenci\u00f3n es \u00abser el primer eslab\u00f3n de una reconstrucci\u00f3n de la Argentina\u00bb, sostuvo que aspira a formar un Gobierno que \u00abmarque un punto de inflexi\u00f3n en la historia\u00bb y dijo que el ministro de Econom\u00eda, Sergio Massa, \u00abdebe hacerse cargo de todo lo que hizo en este tiempo\u00bb y \u00abcumplir con sus funciones y su mandato, que termina el 10 de diciembre\u00bb.\n<\/p>\n<p><strong>\u00abMi intenci\u00f3n es ser el primer eslab\u00f3n de la reconstrucci\u00f3n argentina.<\/strong>&nbsp;Despu\u00e9s veremos si tengo que gobernar cuatro u ocho a\u00f1os. Quiero que mi gobierno marque un punto de inflexi\u00f3n en la historia argentina\u00bb, dijo Milei en declaraciones que realiz\u00f3 a las radios Rivadavia, Continental, El Observador, La Red y Mitre.\n<\/p>\n<p><strong>Al d\u00eda siguiente de&nbsp;<a href=\"https:\/\/www.telam.com.ar\/notas\/202311\/647101-milei-presidente-balotaje.html\" target=\"_blank\" rel=\"noopener\">imponerse con el 55,69% de los votos<\/a><\/strong><a href=\"https:\/\/www.telam.com.ar\/notas\/202311\/647101-milei-presidente-balotaje.html\" target=\"_blank\" rel=\"noopener\">&nbsp;en el balotaje<\/a>&nbsp;al ministro de Econom\u00eda y candidato de Uni\u00f3n por la Patria (UxP), Sergio Massa (44,30%),&nbsp;<a href=\"https:\/\/www.telam.com.ar\/notas\/202311\/647121-milei-gabinete-cuneo-libarona-justicia-piparo-anses.html\" target=\"_blank\" rel=\"noopener\">el electo mandatario comenz\u00f3 a dar detalles de qui\u00e9nes integrar\u00e1n su gabinete<\/a>&nbsp;y cu\u00e1les ser\u00e1n algunas de las principales medidas que tomar\u00e1 al frente del pa\u00eds.\n<\/p>\n<h2 class>Econom\u00eda<\/h2>\n<p>En materia econ\u00f3mica,&nbsp;<strong>ratific\u00f3 la decisi\u00f3n de eliminar el Banco Central<\/strong>&nbsp;(BCRA) por tratarse de una \u00abcuesti\u00f3n moral\u00bb; establecer una estrategia financiera para \u00abresolver el problema de las Lelics\u00bb, en la cual intervendr\u00eda una entidad de cr\u00e9dito extranjera; privatizar empresas p\u00fablicas como<strong>&nbsp;YPF, la Televisi\u00f3n P\u00fablica, Radio Nacional y T\u00e9lam<\/strong>&nbsp;\u00abm\u00e1s por motivos simb\u00f3licos que presupuestarios\u00bb;&nbsp;<strong>derogar la Ley de Alquileres<\/strong>; y establecer una pol\u00edtica de \u00abcielos abiertos\u00bb en materia a\u00e9rea que incluir\u00e1&nbsp;<strong>cederle el manejo de Aerol\u00edneas Argentinas a sus trabajadores<\/strong>.<\/p>\n<p><strong>\u00abAl Fondo le resulta m\u00e1s amigable dialogar con nosotros porque estamos convencidos de la necesidad de un equilibrio fiscal\u00bb<\/strong>, coment\u00f3 Milei, y asegur\u00f3 que el acuerdo de renegociaci\u00f3n firmado en su momento por el Gobierno con el organismo internacional de cr\u00e9dito \u00abest\u00e1 ca\u00eddo\u00bb.\n<\/p>\n<p>Horas despu\u00e9s del triunfo conseguido en el balotaje,&nbsp;<a href=\"https:\/\/www.telam.com.ar\/notas\/202311\/647113-fmi-georgieva-felicitaciones-milei.html\" target=\"_blank\" rel=\"noopener\">la directora gerenta del FMI, Kristalina Georgieva, felicit\u00f3 a Milei<\/a>&nbsp;y expres\u00f3 que espera trabajar con su administraci\u00f3n en \u00abun plan s\u00f3lido para salvaguarda la estabilidad econ\u00f3mica\u00bb del pa\u00eds.\n<\/p>\n<p>Consultado acerca de qui\u00e9n ser\u00e1 el ministro de Econom\u00eda,&nbsp;<strong>Milei elogi\u00f3 al expresidente del Banco Central Federico Sturzenegger<\/strong>, a quien defini\u00f3 como una persona que admira y a la que le tiene \u00abafecto\u00bb, aunque no confirm\u00f3 su nombre al frente del Palacio de Hacienda.&nbsp;Tambi\u00e9n, destac\u00f3 la figura del exministro de Finanzas macrista&nbsp;<strong>Luis \u00abToto\u00bb Caputo&nbsp;<\/strong>y del diputado del PRO&nbsp;<strong>Luciano Laspina.<\/strong>\n<\/p>\n<p><strong>Milei destac\u00f3 una coincidencia \u00abdel 90% en la agenda\u00bb de gobierno con sus aliados pol\u00edticos del PRO<\/strong>, especialmente con el expresidente<strong>&nbsp;Mauricio Macri&nbsp;<\/strong>y quien fuera la candidata a presidenta de Juntos por el Cambio (JxC) en las elecciones generales,&nbsp;<strong>Patricia Bullrich<\/strong>, a quien dijo que recibir\u00eda \u00abcon felicidad\u00bb en su gabinete, aunque sin determinarle un puesto espec\u00edfico, porque \u00abtodas sus gestiones fueron exitosas\u00bb.\n<\/p>\n<p>Milei precis\u00f3 que<strong>&nbsp;la vicepresidenta electa, Victoria Villarruel, est\u00e1 analizando los nombres de los dirigentes que podr\u00edan ocupar el Ministerio de Seguridad, as\u00ed como el de Defensa.<\/strong>\n<\/p>\n<div class=\"g g-38\">\n<div class=\"g-dyn a-12 c-1\"><a class=\"gofollow\" data-track=\"MTIsMzgsMSw2MA==\" href=\"https:\/\/hospitalprivado.com.ar\/landing-trasplante.html\" target=\"_blank\" rel=\"noopener\"><img class=\"lazyload\" src=\"http:\/\/nuevacordoba.net\/wp-content\/uploads\/2023\/11\/milei-presidente-sus-primeros-pasos-y-las-definiciones-que-va-tomando.gif\"><\/a><\/div>\n<\/div>\n","protected":false},"excerpt":{"rendered":"<p>&nbsp; El presidente electo,&nbsp;Javier Milei, asegur\u00f3 ayer que su intenci\u00f3n es \u00abser el primer eslab\u00f3n de una reconstrucci\u00f3n de la Argentina\u00bb, sostuvo que aspira a formar un Gobierno que \u00abmarque un punto de inflexi\u00f3n en la historia\u00bb y dijo que el ministro de Econom\u00eda, Sergio Massa, \u00abdebe hacerse cargo de todo lo que hizo en [&hellip;]<\/p>\n","protected":false},"author":1,"featured_media":39013,"comment_status":"open","ping_status":"closed","sticky":false,"template":"","format":"standard","meta":[],"categories":[14],"tags":[],"_links":{"self":[{"href":"http:\/\/nuevacordoba.net\/index.php\/wp-json\/wp\/v2\/posts\/39012"}],"collection":[{"href":"http:\/\/nuevacordoba.net\/index.php\/wp-json\/wp\/v2\/posts"}],"about":[{"href":"http:\/\/nuevacordoba.net\/index.php\/wp-json\/wp\/v2\/types\/post"}],"author":[{"embeddable":true,"href":"http:\/\/nuevacordoba.net\/index.php\/wp-json\/wp\/v2\/users\/1"}],"replies":[{"embeddable":true,"href":"http:\/\/nuevacordoba.net\/index.php\/wp-json\/wp\/v2\/comments?post=39012"}],"version-history":[{"count":0,"href":"http:\/\/nuevacordoba.net\/index.php\/wp-json\/wp\/v2\/posts\/39012\/revisions"}],"wp:featuredmedia":[{"embeddable":true,"href":"http:\/\/nuevacordoba.net\/index.php\/wp-json\/wp\/v2\/media\/39013"}],"wp:attachment":[{"href":"http:\/\/nuevacordoba.net\/index.php\/wp-json\/wp\/v2\/media?parent=39012"}],"wp:term":[{"taxonomy":"category","embeddable":true,"href":"http:\/\/nuevacordoba.net\/index.php\/wp-json\/wp\/v2\/categories?post=39012"},{"taxonomy":"post_tag","embeddable":true,"href":"http:\/\/nuevacordoba.net\/index.php\/wp-json\/wp\/v2\/tags?post=39012"}],"curies":[{"name":"wp","href":"https:\/\/api.w.org\/{rel}","templated":true}]}}