{"id":39026,"date":"2023-11-21T11:42:47","date_gmt":"2023-11-21T11:42:47","guid":{"rendered":"https:\/\/prensa.cba.gov.ar\/?p=576955"},"modified":"2023-11-21T11:42:47","modified_gmt":"2023-11-21T11:42:47","slug":"podcast-booktubers-y-textos-en-el-festival-de-la-palabra","status":"publish","type":"post","link":"http:\/\/nuevacordoba.net\/index.php\/2023\/11\/21\/podcast-booktubers-y-textos-en-el-festival-de-la-palabra\/","title":{"rendered":"Podcast, booktubers y textos en el Festival de la Palabra"},"content":{"rendered":"<ul>\n<li><strong>M\u00e1s de 200 estudiantes cordobeses estuvieron presentes en la edici\u00f3n 2023.<\/strong><\/li>\n<li><strong>Realizaron 1.364 producciones provenientes 835 escuelas provinciales.<\/strong><\/li>\n<\/ul>\n<p>El Ministerio de Educaci\u00f3n de la Provincia, a trav\u00e9s del <strong>Programa Pedag\u00f3gico Priorizado \u201cLeer y escribir el mundo desde las escuelas cordobesas\u201d<\/strong>, coordinado por la <strong>Direcci\u00f3n General de Desarrollo Curricular, Capacitaci\u00f3n y Acompa\u00f1amiento Institucional<\/strong>, llev\u00f3 adelante el segundo <strong>Festival de la Palabra, <\/strong>bajo el lema<strong> \u201cLeamos al mundo<\/strong>\u201d.<\/p>\n<p>En este encuentro, realizado en las instalaciones del ISEP, estuvieron presentes m\u00e1s de 200 estudiantes de todos los niveles educativos y modalidades, de gesti\u00f3n estatal y privada, quienes recorrieron diversos espacios compartiendo lecturas literarias, p\u00f3dcast, y producciones de booktubers.<\/p>\n<p>Estuvieron presentes, el director general de <strong>Desarrollo Curricular, Capacitaci\u00f3n y Acompa\u00f1amiento Institucional, Edgardo Carandino<\/strong>; directora general de <strong>Educaci\u00f3n Superior Liliana Abrate<\/strong>; directora general de <strong>Educaci\u00f3n Inicial, Edith Flores<\/strong>; directora general de <strong>Educaci\u00f3n Especial y Hospitalaria<\/strong>, Alicia Bonetto; y el equipo t\u00e9cnico del <strong>Plan Provincial de Lectura<\/strong>.<\/p>\n<figure class=\"wp-block-gallery has-nested-images columns-default is-cropped wp-block-gallery-1 is-layout-flex wp-block-gallery-is-layout-flex\">\n<figure class=\"wp-block-image size-large\"><img loading=\"lazy\" decoding=\"async\" width=\"990\" height=\"660\" data-id=\"576959\" src=\"http:\/\/nuevacordoba.net\/wp-content\/uploads\/2023\/11\/podcast-booktubers-y-textos-en-el-festival-de-la-palabra.jpg\" alt class=\"wp-image-576959\" srcset=\"http:\/\/nuevacordoba.net\/wp-content\/uploads\/2023\/11\/podcast-booktubers-y-textos-en-el-festival-de-la-palabra.jpg 990w, http:\/\/nuevacordoba.net\/wp-content\/uploads\/2023\/11\/podcast-booktubers-y-textos-en-el-festival-de-la-palabra-2.jpg 300w, http:\/\/nuevacordoba.net\/wp-content\/uploads\/2023\/11\/podcast-booktubers-y-textos-en-el-festival-de-la-palabra-3.jpg 768w\" sizes=\"(max-width: 990px) 100vw, 990px\"><\/figure>\n<figure class=\"wp-block-image size-large\"><img decoding=\"async\" loading=\"lazy\" width=\"1024\" height=\"682\" data-id=\"576960\" src=\"http:\/\/nuevacordoba.net\/wp-content\/uploads\/2023\/11\/podcast-booktubers-y-textos-en-el-festival-de-la-palabra-1.jpg\" alt class=\"wp-image-576960\" srcset=\"http:\/\/nuevacordoba.net\/wp-content\/uploads\/2023\/11\/podcast-booktubers-y-textos-en-el-festival-de-la-palabra-1.jpg 1024w, http:\/\/nuevacordoba.net\/wp-content\/uploads\/2023\/11\/podcast-booktubers-y-textos-en-el-festival-de-la-palabra-4.jpg 300w, http:\/\/nuevacordoba.net\/wp-content\/uploads\/2023\/11\/podcast-booktubers-y-textos-en-el-festival-de-la-palabra-5.jpg 768w, http:\/\/nuevacordoba.net\/wp-content\/uploads\/2023\/11\/podcast-booktubers-y-textos-en-el-festival-de-la-palabra-6.jpg 1536w, http:\/\/nuevacordoba.net\/wp-content\/uploads\/2023\/11\/podcast-booktubers-y-textos-en-el-festival-de-la-palabra-7.jpg 1600w\" sizes=\"(max-width: 1024px) 100vw, 1024px\"><\/figure>\n<\/figure>\n<p><strong>Sobre el Festival<\/strong><\/p>\n<p>El Festival de la Palabra naci\u00f3, acompa\u00f1ado del Plan Provincial de Lectura, con la realizaci\u00f3n del Congreso de la Lengua Espa\u00f1ola, y en el a\u00f1o 2022 y 2023 se reedit\u00f3, con una participaci\u00f3n estimada de 20.000 estudiantes en total.<\/p>\n<p>Este a\u00f1o, 835 escuelas de todos los niveles y modalidades enviaron 1.364 producciones de booktubers, podcast y\/o escritura creativa, fortaleciendo la oralidad, la lectura y la escritura, en torno a los libros.<\/p>\n<p>Para acceder a todas las producciones realizadas ingres\u00e1 en: <a href=\"https:\/\/lecturacba.wixsite.com\/leeryescribirelmundo\/festival-de-la-palabra-2023\">FESTIVAL DE LA PALABRA 2023<\/a><\/p>\n","protected":false},"excerpt":{"rendered":"<p>M\u00e1s de 200 estudiantes cordobeses estuvieron presentes en la edici\u00f3n 2023. Realizaron 1.364 producciones provenientes 835 escuelas provinciales. El Ministerio de Educaci\u00f3n de la Provincia, a trav\u00e9s del Programa Pedag\u00f3gico Priorizado \u201cLeer y escribir el mundo desde las escuelas cordobesas\u201d, coordinado por la Direcci\u00f3n General de Desarrollo Curricular, Capacitaci\u00f3n y Acompa\u00f1amiento Institucional, llev\u00f3 adelante el [&hellip;]<\/p>\n","protected":false},"author":1,"featured_media":39027,"comment_status":"closed","ping_status":"closed","sticky":false,"template":"","format":"standard","meta":[],"categories":[14],"tags":[],"_links":{"self":[{"href":"http:\/\/nuevacordoba.net\/index.php\/wp-json\/wp\/v2\/posts\/39026"}],"collection":[{"href":"http:\/\/nuevacordoba.net\/index.php\/wp-json\/wp\/v2\/posts"}],"about":[{"href":"http:\/\/nuevacordoba.net\/index.php\/wp-json\/wp\/v2\/types\/post"}],"author":[{"embeddable":true,"href":"http:\/\/nuevacordoba.net\/index.php\/wp-json\/wp\/v2\/users\/1"}],"replies":[{"embeddable":true,"href":"http:\/\/nuevacordoba.net\/index.php\/wp-json\/wp\/v2\/comments?post=39026"}],"version-history":[{"count":0,"href":"http:\/\/nuevacordoba.net\/index.php\/wp-json\/wp\/v2\/posts\/39026\/revisions"}],"wp:featuredmedia":[{"embeddable":true,"href":"http:\/\/nuevacordoba.net\/index.php\/wp-json\/wp\/v2\/media\/39027"}],"wp:attachment":[{"href":"http:\/\/nuevacordoba.net\/index.php\/wp-json\/wp\/v2\/media?parent=39026"}],"wp:term":[{"taxonomy":"category","embeddable":true,"href":"http:\/\/nuevacordoba.net\/index.php\/wp-json\/wp\/v2\/categories?post=39026"},{"taxonomy":"post_tag","embeddable":true,"href":"http:\/\/nuevacordoba.net\/index.php\/wp-json\/wp\/v2\/tags?post=39026"}],"curies":[{"name":"wp","href":"https:\/\/api.w.org\/{rel}","templated":true}]}}