{"id":39030,"date":"2023-11-21T18:36:02","date_gmt":"2023-11-21T18:36:02","guid":{"rendered":"http:\/\/nuevacordoba.net\/index.php\/2023\/11\/21\/axel-cerrara-el-ano-con-un-show-en-el-luna-park\/"},"modified":"2023-11-21T18:36:02","modified_gmt":"2023-11-21T18:36:02","slug":"axel-cerrara-el-ano-con-un-show-en-el-luna-park","status":"publish","type":"post","link":"http:\/\/nuevacordoba.net\/index.php\/2023\/11\/21\/axel-cerrara-el-ano-con-un-show-en-el-luna-park\/","title":{"rendered":"Axel cerrar\u00e1 el a\u00f1o con un show en el Luna Park"},"content":{"rendered":"<figure class=\"mb-3\"><img loading=\"lazy\" data-src=\"http:\/\/nuevacordoba.net\/wp-content\/uploads\/2023\/11\/axel-cerrara-el-ano-con-un-show-en-el-luna-park.jpg\" src=\"https:\/\/www.telam.com.ar\/assets\/img\/not_image.png\" class=\" lazy \" width=\"100%\" height=\"100%\" alt=\"Foto archivo Prensa\"><figcaption> Foto archivo: Prensa. <\/figcaption><\/figure>\n<p>Despu\u00e9s de girar por Latinoam\u00e9rica y dos shows agotados en el Teatro \u00d3pera, el artista argentino Axel<strong> cerrar\u00e1 el a\u00f1o este s\u00e1bado con un concierto en el Estadio Luna Park.<\/strong><\/p>\n<p>Durante el show, Axel recorrer\u00e1 los temas cl\u00e1sicos del repertorio que construy\u00f3 a lo largo de dos d\u00e9cadas de carrera y sus lanzamientos m\u00e1s recientes.<\/p>\n<blockquote class><p>\u00abNo hay mejor forma que cerrar el a\u00f1o que en el Luna Park por lo que representa para todos los artistas\u00bb<cite class=\"author\">Axel<\/cite><\/p><\/blockquote>\n<p>\u00ab<strong>Este a\u00f1o fue muy movido a nivel musical no solo por todos los lanzamientos que tuvimos sino tambi\u00e9n por los conciertos que hice en toda Latinoam\u00e9rica.<\/strong> En abril hicimos dos Teatro \u00d3pera a sala llena y nos quedamos con ganas de m\u00e1s. No hay mejor forma que cerrar el a\u00f1o que en el Luna Park por lo que representa para todos los artistas\u00bb, asegur\u00f3 Axel en un comunicado de prensa.<\/p>\n<p>En sus 20 a\u00f1os de carrera, fue galardonado con numerosos premios de la industria, como los Premios Gardel, as\u00ed como reconocimientos sociales, entre los que se encuentra el Premio Mar\u00eda Elena Walsh.<\/p>\n<p><strong>Con ocho discos de estudio en su haber, el \u00faltimo trabajo editado fue \u00abSer\u00bb, en 2017<\/strong>, tras lo cual se embarc\u00f3 en varias giras por el pa\u00eds y el resto del continente. El a\u00f1o pasado public\u00f3 su canci\u00f3n \u00abHumano\u00bb, a la que defini\u00f3 como su tema m\u00e1s \u00edntimo y personal.<\/p>\n<blockquote class=\"instagram-media\" data-instgrm-captioned data-instgrm-permalink=\"https:\/\/www.instagram.com\/reel\/Czzia5lrjoR\/?utm_source=ig_embed&amp;utm_campaign=loading\" data-instgrm-version=\"14\" readability=\"-0.24418604651163\"><\/blockquote>\n<p>Las entradas se encuentran a la venta a trav\u00e9s de <a href=\"http:\/\/www.ticketportal.com.ar\/\" target=\"_blank\" rel=\"noopener\">ticketportal.com.ar<\/a>. <\/p>\n","protected":false},"excerpt":{"rendered":"<p>Foto archivo: Prensa. Despu\u00e9s de girar por Latinoam\u00e9rica y dos shows agotados en el Teatro \u00d3pera, el artista argentino Axel cerrar\u00e1 el a\u00f1o este s\u00e1bado con un concierto en el Estadio Luna Park. Durante el show, Axel recorrer\u00e1 los temas cl\u00e1sicos del repertorio que construy\u00f3 a lo largo de dos d\u00e9cadas de carrera y sus [&hellip;]<\/p>\n","protected":false},"author":1,"featured_media":39031,"comment_status":"closed","ping_status":"closed","sticky":false,"template":"","format":"standard","meta":[],"categories":[9],"tags":[],"_links":{"self":[{"href":"http:\/\/nuevacordoba.net\/index.php\/wp-json\/wp\/v2\/posts\/39030"}],"collection":[{"href":"http:\/\/nuevacordoba.net\/index.php\/wp-json\/wp\/v2\/posts"}],"about":[{"href":"http:\/\/nuevacordoba.net\/index.php\/wp-json\/wp\/v2\/types\/post"}],"author":[{"embeddable":true,"href":"http:\/\/nuevacordoba.net\/index.php\/wp-json\/wp\/v2\/users\/1"}],"replies":[{"embeddable":true,"href":"http:\/\/nuevacordoba.net\/index.php\/wp-json\/wp\/v2\/comments?post=39030"}],"version-history":[{"count":0,"href":"http:\/\/nuevacordoba.net\/index.php\/wp-json\/wp\/v2\/posts\/39030\/revisions"}],"wp:featuredmedia":[{"embeddable":true,"href":"http:\/\/nuevacordoba.net\/index.php\/wp-json\/wp\/v2\/media\/39031"}],"wp:attachment":[{"href":"http:\/\/nuevacordoba.net\/index.php\/wp-json\/wp\/v2\/media?parent=39030"}],"wp:term":[{"taxonomy":"category","embeddable":true,"href":"http:\/\/nuevacordoba.net\/index.php\/wp-json\/wp\/v2\/categories?post=39030"},{"taxonomy":"post_tag","embeddable":true,"href":"http:\/\/nuevacordoba.net\/index.php\/wp-json\/wp\/v2\/tags?post=39030"}],"curies":[{"name":"wp","href":"https:\/\/api.w.org\/{rel}","templated":true}]}}