{"id":39032,"date":"2023-11-21T13:34:13","date_gmt":"2023-11-21T13:34:13","guid":{"rendered":"https:\/\/puntoapunto.com.ar\/?p=353433"},"modified":"2023-11-21T13:34:13","modified_gmt":"2023-11-21T13:34:13","slug":"exclusivo-hombres-de-schiaretti-se-reunen-con-la-elite-de-milei-y-se-sumarian-al-nuevo-gobierno","status":"publish","type":"post","link":"http:\/\/nuevacordoba.net\/index.php\/2023\/11\/21\/exclusivo-hombres-de-schiaretti-se-reunen-con-la-elite-de-milei-y-se-sumarian-al-nuevo-gobierno\/","title":{"rendered":"Exclusivo: hombres de Schiaretti se re\u00fanen con la elite de Milei y se sumar\u00edan al nuevo Gobierno"},"content":{"rendered":"<div class=\"g g-36\">\n<div class=\"g-dyn a-29 c-1\"><a class=\"gofollow\" data-track=\"MjksMzYsMSw2MA==\" href=\"https:\/\/www.harmoniechateau.com.ar\/\" target=\"_blank\" rel=\"noopener\"><img class=\"lazyload\" src=\"http:\/\/nuevacordoba.net\/wp-content\/uploads\/2023\/11\/exclusivo-hombres-de-schiaretti-se-reunen-con-la-elite-de-milei-y-se-sumarian-al-nuevo-gobierno.jpg\"><\/a><\/div>\n<\/div>\n<p>&nbsp;\n<\/p>\n<p><strong>Por Eduardo Bocco.<\/strong> Este mi\u00e9rcoles habr\u00e1 una reuni\u00f3n importante en la ciudad de Buenos Aires que tendr\u00e1 como protagonistas centrales a ministros designados o miembros de la elite del presidente electo Javier Milei y un grupo de funcionarios y ex funcionarios de la administraci\u00f3n del gobernador saliente Juan Schiaretti.\n<\/p>\n<p>Las conversaciones se vienen repitiendo desde hace m\u00e1s de un mes pero la que viene tiene una importancia singular: es la primera que se realiza luego de la segunda vuelta electoral que consagr\u00f3 a Javier Milei.\n<\/p>\n<p>Schiaretti sabe de la existencia de estas reuniones y \u00e9l mismo las auspici\u00f3 en determinado momento, lo cual quiere decir que van m\u00e1s all\u00e1 de las convocatorias personales, como las que los libertarios le hicieron a Florencio Randazzo, excandidato a vicepresidente de Schiaretti.\n<\/p>\n<p>Randazzo trab\u00f3 una muy buena relaci\u00f3n con la vice electa, Victoria Villarruel, luego del debate de los n\u00famero dos organizado por el canal de cable Todo Noticias (TN). All\u00ed la compa\u00f1era de f\u00f3rmula de Milei tuvo una muy buena impresi\u00f3n del desempe\u00f1o del exministro de Transporte de la gesti\u00f3n de Cristina Kirchner.&nbsp; Por eso, esa misma noche intercambiaron tel\u00e9fonos y mantuvieron algunas reuniones.<\/p>\n<p>Randazzo podr\u00eda sumarse al nuevo gobierno, pero lo suyo es una incorporaci\u00f3n personal, aunque tambi\u00e9n notific\u00f3 a Schiaretti de la situaci\u00f3n.\n<\/p>\n<p>Ahora la situaci\u00f3n es diferente porque Milei llam\u00f3 a Schiaretti antes de las elecciones y le hizo consultas espec\u00edficas sobre puntos centrales como el equilibrio fiscal, algunas concesiones realizadas por la provincia como el servicio de agua, por ejemplo.\n<\/p>\n<p>Digamos que el garante de todos los hombres del peronismo cordob\u00e9s es el gobernador saliente, quien l\u00f3gicamente nunca habl\u00f3 con Milei de sumarse a su gesti\u00f3n. S\u00ed queda ratificada la idea del caudillo justicialista de tener a partir del a\u00f1o pr\u00f3ximo una fuerte presencia en la ciudad de Buenos Aires para intentar tener un rol central en el reordenamiento del peronismo.\n<\/p>\n<p>\u201cLa presidencia del Consejo Nacional del peronismo es un viejo anhelo de \u2018El Gringo\u2019, eso no se puede negar\u201d, reconocieron calificados voceros del Centro C\u00edvico. En ese sentido hay que tener en cuenta que el gobernador electo, Mart\u00edn Llaryora, act\u00faa como la segunda pata de esta estructura, que tendr\u00eda como objetivo central, adem\u00e1s, que Schiaretti sea candidato a diputado nacional en 2025, se\u00f1alan las fuentes.\n<\/p>\n<p>En el actual panorama nacional del peronismo, uno de los pocos que qued\u00f3 bien parado fue Axel Kicillof, quien gan\u00f3 en forma clara en la provincia de Buenos Aires en octubre pasado, aunque los n\u00fameros no se repitieron en el balotaje, ya que el kirchnerismo logr\u00f3 una victoria exigua.\n<\/p>\n<p>De todos modos, el a\u00f1o que viene la disputa en el peronismo nacional ser\u00e1 m\u00e1s que interesante y Schiaretti se siente con los pergaminos suficientes como para participar y tener un rol central en las definiciones.\n<\/p>\n<p>En el PJ cordob\u00e9s creen que la victoria de Milei es \u201cpol\u00edticamente conveniente\u201d para el futuro de los gobernadores salientes y entrante, porque pone al primero en una situaci\u00f3n importante a la hora de redefinir el perfil del Consejo Nacional Justicialista, y al segundo con capacidad de armar su estrategia para disputar la Presidencia dentro de cuatro a\u00f1os.\n<\/p>\n<p>Mientras tanto, en C\u00f3rdoba comenzaron los pases de factura tras la elecci\u00f3n del domingo pasado y el jefe de bloque del oficialismo, Leonardo Limia, fustig\u00f3 a los dirigentes que apoyaron a Massa. Si bien no los nombr\u00f3, hay destinatarios claros como la vicepresidenta de la Legislatura Nadia Fern\u00e1ndez y el funcionario municipal Juan Domingo Viola, entre otros.\n<\/p>\n<p>Del otro lado recogi\u00f3 el guante la legisladora Tania Kyshakevych quien hizo campa\u00f1a por Massa: \u201cTe cuento que <a href=\"https:\/\/twitter.com\/SergioMassa\">@SergioMassa<\/a> saco el 25%, 570.000 no crees que muchos de esos votos, votaron a Llaryora para gobernador? Esta bien que seas un empleado, ese es el rol que elegiste, pero ya que pierdas el razonamiento pol\u00edtico preocupa. Porque Sos el presidente de un bloque\u201d, dispar\u00f3.\n<\/p>\n<p>&nbsp;\n<\/p>\n<p>&nbsp;\n<\/p>\n<p>&nbsp;\n<\/p>\n<div class=\"g g-38\">\n<div class=\"g-dyn a-12 c-1\"><a class=\"gofollow\" data-track=\"MTIsMzgsMSw2MA==\" href=\"https:\/\/hospitalprivado.com.ar\/landing-trasplante.html\" target=\"_blank\" rel=\"noopener\"><img class=\"lazyload\" src=\"http:\/\/nuevacordoba.net\/wp-content\/uploads\/2023\/11\/exclusivo-hombres-de-schiaretti-se-reunen-con-la-elite-de-milei-y-se-sumarian-al-nuevo-gobierno.gif\"><\/a><\/div>\n<\/div>\n","protected":false},"excerpt":{"rendered":"<p>&nbsp; Por Eduardo Bocco. Este mi\u00e9rcoles habr\u00e1 una reuni\u00f3n importante en la ciudad de Buenos Aires que tendr\u00e1 como protagonistas centrales a ministros designados o miembros de la elite del presidente electo Javier Milei y un grupo de funcionarios y ex funcionarios de la administraci\u00f3n del gobernador saliente Juan Schiaretti. Las conversaciones se vienen repitiendo [&hellip;]<\/p>\n","protected":false},"author":1,"featured_media":39033,"comment_status":"open","ping_status":"closed","sticky":false,"template":"","format":"standard","meta":[],"categories":[12,14],"tags":[],"_links":{"self":[{"href":"http:\/\/nuevacordoba.net\/index.php\/wp-json\/wp\/v2\/posts\/39032"}],"collection":[{"href":"http:\/\/nuevacordoba.net\/index.php\/wp-json\/wp\/v2\/posts"}],"about":[{"href":"http:\/\/nuevacordoba.net\/index.php\/wp-json\/wp\/v2\/types\/post"}],"author":[{"embeddable":true,"href":"http:\/\/nuevacordoba.net\/index.php\/wp-json\/wp\/v2\/users\/1"}],"replies":[{"embeddable":true,"href":"http:\/\/nuevacordoba.net\/index.php\/wp-json\/wp\/v2\/comments?post=39032"}],"version-history":[{"count":0,"href":"http:\/\/nuevacordoba.net\/index.php\/wp-json\/wp\/v2\/posts\/39032\/revisions"}],"wp:featuredmedia":[{"embeddable":true,"href":"http:\/\/nuevacordoba.net\/index.php\/wp-json\/wp\/v2\/media\/39033"}],"wp:attachment":[{"href":"http:\/\/nuevacordoba.net\/index.php\/wp-json\/wp\/v2\/media?parent=39032"}],"wp:term":[{"taxonomy":"category","embeddable":true,"href":"http:\/\/nuevacordoba.net\/index.php\/wp-json\/wp\/v2\/categories?post=39032"},{"taxonomy":"post_tag","embeddable":true,"href":"http:\/\/nuevacordoba.net\/index.php\/wp-json\/wp\/v2\/tags?post=39032"}],"curies":[{"name":"wp","href":"https:\/\/api.w.org\/{rel}","templated":true}]}}