{"id":39038,"date":"2023-11-21T11:57:45","date_gmt":"2023-11-21T11:57:45","guid":{"rendered":"http:\/\/cordobanewsnet.wordpress.com\/?p=8526"},"modified":"2023-11-21T11:57:45","modified_gmt":"2023-11-21T11:57:45","slug":"milei-se-reune-con-alberto-en-olivos-y-comienza-la-transicion","status":"publish","type":"post","link":"http:\/\/nuevacordoba.net\/index.php\/2023\/11\/21\/milei-se-reune-con-alberto-en-olivos-y-comienza-la-transicion\/","title":{"rendered":"Milei se re\u00fane con Alberto en Olivos y comienza la transici\u00f3n"},"content":{"rendered":"<p><!-- \/featured-media --> <\/p>\n<div class=\"post-content clear\" readability=\"40.068181818182\">\n<p>En el segundo d\u00eda de<strong>&nbsp;Javier Milei<\/strong>&nbsp;como presidente electo hay expectativas por la reuni\u00f3n con&nbsp;<strong>Alberto Fern\u00e1ndez<\/strong>&nbsp;para ordenar la transici\u00f3n. El candidato de La Libertad Avanza que gan\u00f3 en el balotaje por casi 12 puntos sobre&nbsp;<strong>Sergio Massa (Uni\u00f3n por la Patria)<\/strong>&nbsp;desayunar\u00e1 con el presidente saliente.&nbsp;<\/p>\n<p>Ser\u00e1 el primer encuentro formal entre ambos. Pasadas las 7:30, Javier Milei sali\u00f3 del Hotel Libertador custodiado por un operativo de seguridad y se dirigi\u00f3 hacia la Quinta de Olivos, donde el presidente electo dijo que trabajar\u00e1 durante su mandato y no en Casa Rosada.&nbsp;<\/p>\n<div id=\"jp-post-flair\" class=\"sharedaddy sd-like-enabled sd-sharing-enabled\">\n<div class=\"sharedaddy sd-sharing-enabled\">\n<div class=\"robots-nocontent sd-block sd-social sd-social-icon-text sd-sharing\">\n<h3 class=\"sd-title\">Share this:<\/h3>\n<\/div>\n<\/div>\n<div class=\"sharedaddy sd-block sd-like jetpack-likes-widget-wrapper jetpack-likes-widget-unloaded\" id=\"like-post-wrapper-143108178-8526-655d42a241bc7\" data-src=\"\/\/widgets.wp.com\/likes\/index.html?ver=20230906#blog_id=143108178&amp;post_id=8526&amp;origin=cordobanewsnet.wordpress.com&amp;obj_id=143108178-8526-655d42a241bc7\" data-name=\"like-post-frame-143108178-8526-655d42a241bc7\" data-title=\"Me gusta o Compartir\">\n<h3 class=\"sd-title\">Me gusta esto:<\/h3>\n<p><span class=\"button\"><span>Me gusta<\/span><\/span> <span class=\"loading\">Cargando&#8230;<\/span><\/p>\n<p><span class=\"sd-text-color\"><\/span><\/div>\n<p><h3 class=\"jp-relatedposts-headline\"><em>Relacionado<\/em><\/h3>\n<\/p>\n<\/div><\/div>\n<p><!--\/.post-content--> <\/p>\n<footer class=\"post-meta-container clear\" readability=\"0.34146341463415\">\n<div class=\"entry-author author-avatar-show\" readability=\"13.114754098361\">\n<div class=\"author-avatar\"> <img alt src=\"http:\/\/nuevacordoba.net\/wp-content\/uploads\/2023\/11\/milei-se-reune-con-alberto-en-olivos-y-comienza-la-transicion.png\" srcset=\"http:\/\/nuevacordoba.net\/wp-content\/uploads\/2023\/11\/milei-se-reune-con-alberto-en-olivos-y-comienza-la-transicion.png 1x, http:\/\/nuevacordoba.net\/wp-content\/uploads\/2023\/11\/milei-se-reune-con-alberto-en-olivos-y-comienza-la-transicion-1.png 1.5x, http:\/\/nuevacordoba.net\/wp-content\/uploads\/2023\/11\/milei-se-reune-con-alberto-en-olivos-y-comienza-la-transicion-2.png 2x, http:\/\/nuevacordoba.net\/wp-content\/uploads\/2023\/11\/milei-se-reune-con-alberto-en-olivos-y-comienza-la-transicion-3.png 3x, http:\/\/nuevacordoba.net\/wp-content\/uploads\/2023\/11\/milei-se-reune-con-alberto-en-olivos-y-comienza-la-transicion-4.png 4x\" class=\"avatar avatar-90\" height=\"90\" width=\"90\" loading=\"lazy\" decoding=\"async\"> <\/div>\n<p><!-- .author-avatar --> <\/p>\n<p><h2 class=\"author-title\">Publicado por <span class=\"author-name\">Redacci\u00f3n<\/span><\/h2>\n<\/p>\n<p><!-- .author-heading --> <\/p>\n<p class=\"author-bio\"> <a class=\"author-link\" href=\"https:\/\/cordobanewsnet.wordpress.com\/author\/prettomatias\/\" rel=\"author\"> Ver todas las entradas de Redacci\u00f3n <\/a> <\/p>\n<p><!-- .author-bio --> <\/div>\n<p><!-- .entry-auhtor --> <\/footer>\n<p> <!-- \/post-meta-container --> <!-- #respond --> <\/p>\n","protected":false},"excerpt":{"rendered":"<p>En el segundo d\u00eda de&nbsp;Javier Milei&nbsp;como presidente electo hay expectativas por la reuni\u00f3n con&nbsp;Alberto Fern\u00e1ndez&nbsp;para ordenar la transici\u00f3n. El candidato de La Libertad Avanza que gan\u00f3 en el balotaje por casi 12 puntos sobre&nbsp;Sergio Massa (Uni\u00f3n por la Patria)&nbsp;desayunar\u00e1 con el presidente saliente.&nbsp; Ser\u00e1 el primer encuentro formal entre ambos. Pasadas las 7:30, Javier Milei [&hellip;]<\/p>\n","protected":false},"author":1,"featured_media":39039,"comment_status":"closed","ping_status":"closed","sticky":false,"template":"","format":"standard","meta":[],"categories":[14],"tags":[],"_links":{"self":[{"href":"http:\/\/nuevacordoba.net\/index.php\/wp-json\/wp\/v2\/posts\/39038"}],"collection":[{"href":"http:\/\/nuevacordoba.net\/index.php\/wp-json\/wp\/v2\/posts"}],"about":[{"href":"http:\/\/nuevacordoba.net\/index.php\/wp-json\/wp\/v2\/types\/post"}],"author":[{"embeddable":true,"href":"http:\/\/nuevacordoba.net\/index.php\/wp-json\/wp\/v2\/users\/1"}],"replies":[{"embeddable":true,"href":"http:\/\/nuevacordoba.net\/index.php\/wp-json\/wp\/v2\/comments?post=39038"}],"version-history":[{"count":0,"href":"http:\/\/nuevacordoba.net\/index.php\/wp-json\/wp\/v2\/posts\/39038\/revisions"}],"wp:featuredmedia":[{"embeddable":true,"href":"http:\/\/nuevacordoba.net\/index.php\/wp-json\/wp\/v2\/media\/39039"}],"wp:attachment":[{"href":"http:\/\/nuevacordoba.net\/index.php\/wp-json\/wp\/v2\/media?parent=39038"}],"wp:term":[{"taxonomy":"category","embeddable":true,"href":"http:\/\/nuevacordoba.net\/index.php\/wp-json\/wp\/v2\/categories?post=39038"},{"taxonomy":"post_tag","embeddable":true,"href":"http:\/\/nuevacordoba.net\/index.php\/wp-json\/wp\/v2\/tags?post=39038"}],"curies":[{"name":"wp","href":"https:\/\/api.w.org\/{rel}","templated":true}]}}