{"id":3904,"date":"2021-04-30T13:08:40","date_gmt":"2021-04-30T13:08:40","guid":{"rendered":"http:\/\/cordobanewsnet.wordpress.com\/?p=5417"},"modified":"2021-04-30T13:08:40","modified_gmt":"2021-04-30T13:08:40","slug":"coronavirus-las-restricciones-que-anunciarian-en-cordoba","status":"publish","type":"post","link":"http:\/\/nuevacordoba.net\/index.php\/2021\/04\/30\/coronavirus-las-restricciones-que-anunciarian-en-cordoba\/","title":{"rendered":"Coronavirus: Las restricciones que anunciar\u00edan en C\u00f3rdoba"},"content":{"rendered":"<p><!-- \/featured-media --> <\/p>\n<div class=\"post-content clear\" readability=\"55.227941176471\">\n<p>La Provincia de C\u00f3rdoba tr\u00e1nsito el mes de abril con medidas m\u00e1s livianas y pocas restricciones,&nbsp;pero de todas maneras <strong>se espera que el Gobierno provincial tambi\u00e9n decrete algunas decisiones este viernes<\/strong>, luego del incremento de contagios y muertes por coronavirus en las \u00faltimas semanas.&nbsp;<\/p>\n<p>La medidas que anunciar\u00eda la <strong>Provincia<\/strong>:<\/p>\n<p><strong>\u2013 Sector gastron\u00f3mico:<\/strong>&nbsp;los bares y restaurantes abrir\u00edan hasta las 23 de lunes a viernes y hasta la medianoche los fines de semana.<\/p>\n<p><strong>\u2013 Comercios no esenciales:<\/strong>&nbsp;el horario permitido ser\u00eda de 9 a 21 horas, horario de cierre similar al que tienen ahora los shoppings.<\/p>\n<p><strong>\u2013 Deporte amateur:<\/strong>&nbsp;quedar\u00edan suspendidos los campeonatos de todas las disciplinas.<\/p>\n<p><strong>\u2013 Salones de fiesta:<\/strong>&nbsp;a pesar de la preocupaci\u00f3n por contagios en eventos realizados en estos lugares, los salones de fiesta se mantendr\u00edan abiertos, con un m\u00e1ximo de 250 asistentes.&nbsp;<\/p>\n<p><strong>\u2013 Clases:<\/strong>&nbsp;habr\u00eda mayor control en las escuelas, aunque se mantendr\u00eda la modalidad presencial y virtual como hasta ahora.&nbsp;<\/p>\n<div id=\"jp-post-flair\" class=\"sharedaddy sd-like-enabled sd-sharing-enabled\">\n<div class=\"sharedaddy sd-sharing-enabled\">\n<div class=\"robots-nocontent sd-block sd-social sd-social-icon-text sd-sharing\">\n<h3 class=\"sd-title\">Share this:<\/h3>\n<\/div>\n<\/div>\n<div class=\"sharedaddy sd-block sd-like jetpack-likes-widget-wrapper jetpack-likes-widget-unloaded\" id=\"like-post-wrapper-143108178-5417-608c3de057801\" data-src=\"\/\/widgets.wp.com\/likes\/index.html?ver=20210413#blog_id=143108178&amp;post_id=5417&amp;origin=cordobanewsnet.wordpress.com&amp;obj_id=143108178-5417-608c3de057801\" data-name=\"like-post-frame-143108178-5417-608c3de057801\">\n<h3 class=\"sd-title\">Me gusta esto:<\/h3>\n<p><span class=\"button\"><span>Me gusta<\/span><\/span> <span class=\"loading\">Cargando&#8230;<\/span><\/p>\n<p><span class=\"sd-text-color\"><\/span><\/div>\n<p><h3 class=\"jp-relatedposts-headline\"><em>Relacionado<\/em><\/h3>\n<\/p>\n<\/div><\/div>\n<p><!--\/.post-content--> <\/p>\n<footer class=\"post-meta-container clear\" readability=\"0.3219512195122\">\n<div class=\"entry-author author-avatar-show\" readability=\"13.114754098361\">\n<div class=\"author-avatar\"> <img loading=\"lazy\" alt src=\"http:\/\/nuevacordoba.net\/wp-content\/uploads\/2021\/04\/coronavirus-las-restricciones-que-anunciarian-en-cordoba.png\" class=\"avatar avatar-90\" height=\"90\" width=\"90\"> <\/div>\n<p><!-- .author-avatar --> <\/p>\n<p><h2 class=\"author-title\">Publicado por <span class=\"author-name\">Redacci\u00f3n<\/span><\/h2>\n<\/p>\n<p><!-- .author-heading --> <\/p>\n<p class=\"author-bio\"> <a class=\"author-link\" href=\"https:\/\/cordobanewsnet.wordpress.com\/author\/prettomatias\/\" rel=\"author\"> Ver todas las entradas de Redacci\u00f3n <\/a> <\/p>\n<p><!-- .author-bio --> <\/div>\n<p><!-- .entry-auhtor --> <\/footer>\n<p> <!-- \/post-meta-container --> <!-- #respond --> <\/p>\n","protected":false},"excerpt":{"rendered":"<p>La Provincia de C\u00f3rdoba tr\u00e1nsito el mes de abril con medidas m\u00e1s livianas y pocas restricciones,&nbsp;pero de todas maneras se espera que el Gobierno provincial tambi\u00e9n decrete algunas decisiones este viernes, luego del incremento de contagios y muertes por coronavirus en las \u00faltimas semanas.&nbsp; La medidas que anunciar\u00eda la Provincia: \u2013 Sector gastron\u00f3mico:&nbsp;los bares y [&hellip;]<\/p>\n","protected":false},"author":1,"featured_media":3905,"comment_status":"closed","ping_status":"closed","sticky":false,"template":"","format":"standard","meta":[],"categories":[14],"tags":[],"_links":{"self":[{"href":"http:\/\/nuevacordoba.net\/index.php\/wp-json\/wp\/v2\/posts\/3904"}],"collection":[{"href":"http:\/\/nuevacordoba.net\/index.php\/wp-json\/wp\/v2\/posts"}],"about":[{"href":"http:\/\/nuevacordoba.net\/index.php\/wp-json\/wp\/v2\/types\/post"}],"author":[{"embeddable":true,"href":"http:\/\/nuevacordoba.net\/index.php\/wp-json\/wp\/v2\/users\/1"}],"replies":[{"embeddable":true,"href":"http:\/\/nuevacordoba.net\/index.php\/wp-json\/wp\/v2\/comments?post=3904"}],"version-history":[{"count":0,"href":"http:\/\/nuevacordoba.net\/index.php\/wp-json\/wp\/v2\/posts\/3904\/revisions"}],"wp:featuredmedia":[{"embeddable":true,"href":"http:\/\/nuevacordoba.net\/index.php\/wp-json\/wp\/v2\/media\/3905"}],"wp:attachment":[{"href":"http:\/\/nuevacordoba.net\/index.php\/wp-json\/wp\/v2\/media?parent=3904"}],"wp:term":[{"taxonomy":"category","embeddable":true,"href":"http:\/\/nuevacordoba.net\/index.php\/wp-json\/wp\/v2\/categories?post=3904"},{"taxonomy":"post_tag","embeddable":true,"href":"http:\/\/nuevacordoba.net\/index.php\/wp-json\/wp\/v2\/tags?post=3904"}],"curies":[{"name":"wp","href":"https:\/\/api.w.org\/{rel}","templated":true}]}}