{"id":39048,"date":"2023-11-22T03:04:05","date_gmt":"2023-11-22T03:04:05","guid":{"rendered":"https:\/\/puntoapunto.com.ar\/?p=353446"},"modified":"2023-11-22T03:04:05","modified_gmt":"2023-11-22T03:04:05","slug":"dudas-sobre-la-gobernabilidad-de-milei-la-mirada-de-moodys-barclays-y-jp-morgan","status":"publish","type":"post","link":"http:\/\/nuevacordoba.net\/index.php\/2023\/11\/22\/dudas-sobre-la-gobernabilidad-de-milei-la-mirada-de-moodys-barclays-y-jp-morgan\/","title":{"rendered":"Dudas sobre la gobernabilidad de Milei: la mirada de Moodys, Barclays y JP Morgan"},"content":{"rendered":"<div class=\"g g-36\">\n<div class=\"g-dyn a-29 c-1\"><a class=\"gofollow\" data-track=\"MjksMzYsMSw2MA==\" href=\"https:\/\/www.harmoniechateau.com.ar\/\" target=\"_blank\" rel=\"noopener\"><img class=\"lazyload\" src=\"http:\/\/nuevacordoba.net\/wp-content\/uploads\/2023\/11\/dudas-sobre-la-gobernabilidad-de-milei-la-mirada-de-moodys-barclays-y-jp-morgan.jpg\"><\/a><\/div>\n<\/div>\n<p>&nbsp;\n<\/p>\n<p>Distintas&nbsp;<strong>entidades financieras plantearon dudas sobre la gobernabilidad del <a href=\"https:\/\/puntoapunto.com.ar\/milei-presidente-sus-primeros-pasos-y-las-definiciones-que-va-tomando\/\" target=\"_blank\" rel=\"noopener\">Presidente electo, Javier Milei<\/a>, para llevar a cabo las reformas que prometi\u00f3 durante la campa\u00f1a<\/strong>, al trazar sus previsiones para los pr\u00f3ximos meses luego del balotaje que consagr\u00f3 al l\u00edder libertario como el nuevo mandatario del pa\u00eds.\n<\/p>\n<p>La calificadora de riesgo, <a href=\"https:\/\/puntoapunto.com.ar\/diagnostico-moodys-para-la-economia-argentina-post-balotaje\/\" target=\"_blank\" rel=\"noopener\"><strong>Moodys<\/strong><\/a>, a trav\u00e9s de su vicepresidente<strong> Jaime Reusche<\/strong>, expres\u00f3 en un informe que \u201cel presidente electo de Argentina, Javier&nbsp;<strong>Milei, enfrenta desaf\u00edos extremos con resultados altamente inciertos\u201d<\/strong>, indicando que \u201csi bien Milei propuso medidas contundentes durante su campa\u00f1a, que podr\u00edan abordar con el tiempo los fuertes desequilibrios que actualmente paralizan la actividad econ\u00f3mica de Argentina, distorsionan los precios relativos y reducen el poder adquisitivo, estas medidas,&nbsp;<strong>si se promulgan tal como se describieron, causar\u00edan un ajuste econ\u00f3mico abrupto y profundo, colapsando la demanda interna y amenazando la estabilidad financiera\u00bb.<\/strong>\n<\/p>\n<p>Al mismo tiempo, puso el foco en lo<strong>s consensos necesarios que necesitar\u00e1 Milei para llevar adelante las reformas propuestas<\/strong> asegurando que \u00abun Congreso dividido y las presiones sociales tambi\u00e9n influir\u00e1n en la capacidad del presidente entrante para implementar pol\u00edticas correctivas\u201d.\n<\/p>\n<p>El reporte indic\u00f3 que Milei enfrentar\u00e1&nbsp;<strong>\u201cun ajuste macrofiscal inevitable a causa de los importantes desequilibrios macroecon\u00f3micos y fiscales\u201d<\/strong>, lo que vendr\u00e1 de la mano con \u201caumentos m\u00e1s pronunciados de tarifas, una menor intervenci\u00f3n del gobierno y una eliminaci\u00f3n m\u00e1s r\u00e1pida de los subsidios\u201d. Aunque advirtieron que&nbsp;<strong>\u201cla falta de capital pol\u00edtico y la tensi\u00f3n social implicar\u00e1n importantes dificultades para su implementaci\u00f3n\u201d.<\/strong><\/p>\n<p>El banco de inversi\u00f3n<strong> JP Morgan<\/strong>, por su parte, analiz\u00f3 en un informe que comparti\u00f3 con sus clientes que \u00abel presidente electo Milei ofrece una agenda de reformas audaz, pero&nbsp;<strong>el principal desaf\u00edo es que puede verse obstaculizada por la maniobrabilidad pol\u00edtica\u201d<\/strong>&nbsp;y consider\u00f3 que&nbsp;<strong>\u201cse avecinan riesgos de gobernabilidad dada la falta de estructura partidaria y tambi\u00e9n la distribuci\u00f3n del poder en el Congreso despu\u00e9s de las elecciones generales\u201d<\/strong>, se\u00f1alando que \u201cel presidente Milei necesitar\u00e1 negociar con otros partidos, en particular con el PRO\u00bb.\n<\/p>\n<p>Asimismo, el banco estadounidense sostuvo que a partir del acuerdo de Milei con Mauricio Macri y Patricia Bullrich, que incluir\u00eda el arribo de referentes del PRO al Gabinete,&nbsp;<strong>\u00abpuede mitigar los intentos de reformas m\u00e1s audaces, en particular la dolarizaci\u00f3n\u00bb<\/strong>&nbsp;y en ese sentido pronostic\u00f3 que el libertario podr\u00eda optar por un esquema cambiario bimonetario.\n<\/p>\n<p>Adem\u00e1s, desde la entidad estimaron que \u00aben el corto plazo, al asumir el cargo, esperamos un realineamiento del tipo de cambio anticipado, con un nivel consistente con el tipo de cambio paralelo, para realinear los precios relativos de manera firme, permitiendo que los controles de capital se eliminen gradualmente\u00bb.\n<\/p>\n<p>Al respecto de la capacidad de ajuste, para el JP Morgan \u00abla necesidad de cerrar r\u00e1pidamente la brecha fiscal de manera sostenible deber\u00eda ser el eje de cualquier programa de estabilizaci\u00f3n y un ancla necesaria para generar credibilidad en el futuro\u00bb y manifestaron que \u00abcreemos que el programa fiscal de Milei abogar\u00eda por un&nbsp;<strong>fuerte ajuste del gasto tanto a nivel central como federal, con el objetivo de eventualmente reducir la carga tributaria en el futuro\u201d.<\/strong>\n<\/p>\n<p>En esa l\u00ednea, se\u00f1alaron que \u201csi bien reconocemos las limitaciones pol\u00edticas, pronosticamos un esfuerzo considerable de consolidaci\u00f3n fiscal para el pr\u00f3ximo a\u00f1o, con un<strong>&nbsp;saldo fiscal primario consistente con un resultado general del -1,7%\u00bb.<\/strong>\n<\/p>\n<p>La entidad brit\u00e1nica<strong> Barclays<\/strong>, en tanto, alertaron que \u201clos resultados econ\u00f3micos ser\u00e1n clave, ya que determinar\u00e1n si Milei es capaz o no de mantener el apoyo de los sectores de ingresos medios\u201d y sostuvieron que \u201ccuanto m\u00e1s r\u00e1pido sea capaz la nueva administraci\u00f3n de lograr una estabilizaci\u00f3n y una fuerte recuperaci\u00f3n econ\u00f3mica, mayores ser\u00e1n las posibilidades de que se desarrolle un c\u00edrculo virtuoso de reformas\u201d.\n<\/p>\n<div class=\"g g-38\">\n<div class=\"g-dyn a-12 c-1\"><a class=\"gofollow\" data-track=\"MTIsMzgsMSw2MA==\" href=\"https:\/\/hospitalprivado.com.ar\/landing-trasplante.html\" target=\"_blank\" rel=\"noopener\"><img class=\"lazyload\" src=\"http:\/\/nuevacordoba.net\/wp-content\/uploads\/2023\/11\/dudas-sobre-la-gobernabilidad-de-milei-la-mirada-de-moodys-barclays-y-jp-morgan.gif\"><\/a><\/div>\n<\/div>\n","protected":false},"excerpt":{"rendered":"<p>&nbsp; Distintas&nbsp;entidades financieras plantearon dudas sobre la gobernabilidad del Presidente electo, Javier Milei, para llevar a cabo las reformas que prometi\u00f3 durante la campa\u00f1a, al trazar sus previsiones para los pr\u00f3ximos meses luego del balotaje que consagr\u00f3 al l\u00edder libertario como el nuevo mandatario del pa\u00eds. La calificadora de riesgo, Moodys, a trav\u00e9s de su [&hellip;]<\/p>\n","protected":false},"author":1,"featured_media":39049,"comment_status":"open","ping_status":"closed","sticky":false,"template":"","format":"standard","meta":[],"categories":[14],"tags":[],"_links":{"self":[{"href":"http:\/\/nuevacordoba.net\/index.php\/wp-json\/wp\/v2\/posts\/39048"}],"collection":[{"href":"http:\/\/nuevacordoba.net\/index.php\/wp-json\/wp\/v2\/posts"}],"about":[{"href":"http:\/\/nuevacordoba.net\/index.php\/wp-json\/wp\/v2\/types\/post"}],"author":[{"embeddable":true,"href":"http:\/\/nuevacordoba.net\/index.php\/wp-json\/wp\/v2\/users\/1"}],"replies":[{"embeddable":true,"href":"http:\/\/nuevacordoba.net\/index.php\/wp-json\/wp\/v2\/comments?post=39048"}],"version-history":[{"count":0,"href":"http:\/\/nuevacordoba.net\/index.php\/wp-json\/wp\/v2\/posts\/39048\/revisions"}],"wp:featuredmedia":[{"embeddable":true,"href":"http:\/\/nuevacordoba.net\/index.php\/wp-json\/wp\/v2\/media\/39049"}],"wp:attachment":[{"href":"http:\/\/nuevacordoba.net\/index.php\/wp-json\/wp\/v2\/media?parent=39048"}],"wp:term":[{"taxonomy":"category","embeddable":true,"href":"http:\/\/nuevacordoba.net\/index.php\/wp-json\/wp\/v2\/categories?post=39048"},{"taxonomy":"post_tag","embeddable":true,"href":"http:\/\/nuevacordoba.net\/index.php\/wp-json\/wp\/v2\/tags?post=39048"}],"curies":[{"name":"wp","href":"https:\/\/api.w.org\/{rel}","templated":true}]}}