{"id":39102,"date":"2023-11-23T11:48:32","date_gmt":"2023-11-23T11:48:32","guid":{"rendered":"https:\/\/prensa.cba.gov.ar\/?p=577326"},"modified":"2023-11-23T11:48:32","modified_gmt":"2023-11-23T11:48:32","slug":"rio-cuarto-jornada-de-concientizacion-sobre-los-derechos-de-ninas-ninos-y-adolescentes","status":"publish","type":"post","link":"http:\/\/nuevacordoba.net\/index.php\/2023\/11\/23\/rio-cuarto-jornada-de-concientizacion-sobre-los-derechos-de-ninas-ninos-y-adolescentes\/","title":{"rendered":"R\u00edo Cuarto: jornada de concientizaci\u00f3n sobre los Derechos de Ni\u00f1as, Ni\u00f1os y Adolescentes"},"content":{"rendered":"<ul>\n<li><strong>La iniciativa, que tuvo lugar en la Plaza Roca, fue organizada por la Delegaci\u00f3n local de Senaf. Se entreg\u00f3 folleter\u00eda informativa y stickers de la l\u00ednea telef\u00f3nica 102<\/strong>.<\/li>\n<li><strong>Dicha acci\u00f3n se enmarc\u00f3 en el 34\u00ba aniversario de la Convenci\u00f3n sobre los Derechos de los Ni\u00f1os, Ni\u00f1as, y Adolescentes, que se celebr\u00f3 el pasado lunes 20 de noviembre<\/strong>.&nbsp;<\/li>\n<li><strong>Alumnos de 4\u00b0 a\u00f1o del nivel secundario del Colegio Santa Eufrasia acompa\u00f1aron la actividad con su tradicional batucada.<\/strong><\/li>\n<\/ul>\n<p>En la <strong>Plaza Roca<\/strong> de la ciudad de <strong>R\u00edo Cuarto<\/strong>, la <strong>Delegaci\u00f3n local<\/strong> de <strong>SENAF <\/strong>llev\u00f3 adelante una <strong>jornada de concientizaci\u00f3n y visibilizaci\u00f3n sobre los Derechos de Ni\u00f1as, Ni\u00f1os y Adolescentes.<\/strong><\/p>\n<p>La actividad se enmarc\u00f3 en el <strong>34\u00ba aniversario de la Convenci\u00f3n sobre los Derechos de los Ni\u00f1os, Ni\u00f1as, y Adolescentes<\/strong>, que se celebr\u00f3 el pasado lunes 20 de noviembre.&nbsp;<\/p>\n<p>En la oportunidad, se entreg\u00f3 <strong>folleter\u00eda informativa<\/strong>, y stickers relacionados a la <strong>l\u00ednea telef\u00f3nica 102<\/strong>. Cabe destacar que alumnos de 4\u00b0 a\u00f1o del nivel secundario del <strong>Colegio Santa Eufrasia<\/strong> acompa\u00f1aron la iniciativa con su tradicional batucada.<\/p>\n<figure class=\"wp-block-gallery has-nested-images columns-default is-cropped wp-block-gallery-1 is-layout-flex wp-block-gallery-is-layout-flex\">\n<figure class=\"wp-block-image size-large\"><a href=\"http:\/\/nuevacordoba.net\/wp-content\/uploads\/2023\/11\/rio-cuarto-jornada-de-concientizacion-sobre-los-derechos-de-ninas-ninos-y-adolescentes.jpg\"><img loading=\"lazy\" decoding=\"async\" width=\"990\" height=\"660\" data-id=\"577327\" src=\"http:\/\/nuevacordoba.net\/wp-content\/uploads\/2023\/11\/rio-cuarto-jornada-de-concientizacion-sobre-los-derechos-de-ninas-ninos-y-adolescentes.jpg\" alt class=\"wp-image-577327\" srcset=\"http:\/\/nuevacordoba.net\/wp-content\/uploads\/2023\/11\/rio-cuarto-jornada-de-concientizacion-sobre-los-derechos-de-ninas-ninos-y-adolescentes.jpg 990w, http:\/\/nuevacordoba.net\/wp-content\/uploads\/2023\/11\/rio-cuarto-jornada-de-concientizacion-sobre-los-derechos-de-ninas-ninos-y-adolescentes-2.jpg 300w, http:\/\/nuevacordoba.net\/wp-content\/uploads\/2023\/11\/rio-cuarto-jornada-de-concientizacion-sobre-los-derechos-de-ninas-ninos-y-adolescentes-3.jpg 768w\" sizes=\"(max-width: 990px) 100vw, 990px\"><\/a><\/figure>\n<figure class=\"wp-block-image size-large\"><a href=\"http:\/\/nuevacordoba.net\/wp-content\/uploads\/2023\/11\/rio-cuarto-jornada-de-concientizacion-sobre-los-derechos-de-ninas-ninos-y-adolescentes-1.jpg\"><img decoding=\"async\" loading=\"lazy\" width=\"990\" height=\"660\" data-id=\"577329\" src=\"http:\/\/nuevacordoba.net\/wp-content\/uploads\/2023\/11\/rio-cuarto-jornada-de-concientizacion-sobre-los-derechos-de-ninas-ninos-y-adolescentes-1.jpg\" alt class=\"wp-image-577329\" srcset=\"http:\/\/nuevacordoba.net\/wp-content\/uploads\/2023\/11\/rio-cuarto-jornada-de-concientizacion-sobre-los-derechos-de-ninas-ninos-y-adolescentes-1.jpg 990w, http:\/\/nuevacordoba.net\/wp-content\/uploads\/2023\/11\/rio-cuarto-jornada-de-concientizacion-sobre-los-derechos-de-ninas-ninos-y-adolescentes-4.jpg 300w, http:\/\/nuevacordoba.net\/wp-content\/uploads\/2023\/11\/rio-cuarto-jornada-de-concientizacion-sobre-los-derechos-de-ninas-ninos-y-adolescentes-5.jpg 768w\" sizes=\"(max-width: 990px) 100vw, 990px\"><\/a><\/figure>\n<\/figure>\n<p><strong>Estela Larrarte, delegada de SENAF, <\/strong>quien particip\u00f3 de la actividad, junto al equipo t\u00e9cnico de la secretar\u00eda, subray\u00f3:\u201c<em>Elegimos un lugar muy transitado de la ciudad como lo es la Plaza Roca, porque creemos que es importante que se conozcan los derechos de la ni\u00f1ez y de los adolescentes<\/em>\u201d.<\/p>\n<p>\u201c<em>Valoro que muchas familias se hayan acercado, mostrando inter\u00e9s en este tema tan importante. Adem\u00e1s, les informamos sobre el funcionamiento de la l\u00ednea telef\u00f3nica 102, una l\u00ednea gratuita que recibe informaci\u00f3n y denuncias de situaciones de trabajo infantil<\/em>\u201d, agreg\u00f3 la funcionaria.&nbsp;<\/p>\n<p>Larrarte destac\u00f3 que <strong>L\u00ednea 102<\/strong> es una v\u00eda confidencial y gratuita para la ayuda y orientaci\u00f3n en la protecci\u00f3n de derechos de ni\u00f1as, ni\u00f1os y adolescentes.<\/p>\n<p> <iframe loading=\"lazy\" width=\"560\" height=\"315\" src=\"https:\/\/www.youtube.com\/embed\/EaTuHrCFtcw?si=XdalZ-Vo-bxBqPuI\" title=\"YouTube video player\" frameborder=\"0\" allow=\"accelerometer; autoplay; clipboard-write; encrypted-media; gyroscope; picture-in-picture; web-share\" allowfullscreen>[embedded content]<\/iframe> <\/p>\n","protected":false},"excerpt":{"rendered":"<p>La iniciativa, que tuvo lugar en la Plaza Roca, fue organizada por la Delegaci\u00f3n local de Senaf. Se entreg\u00f3 folleter\u00eda informativa y stickers de la l\u00ednea telef\u00f3nica 102. Dicha acci\u00f3n se enmarc\u00f3 en el 34\u00ba aniversario de la Convenci\u00f3n sobre los Derechos de los Ni\u00f1os, Ni\u00f1as, y Adolescentes, que se celebr\u00f3 el pasado lunes 20 [&hellip;]<\/p>\n","protected":false},"author":1,"featured_media":39103,"comment_status":"closed","ping_status":"closed","sticky":false,"template":"","format":"standard","meta":[],"categories":[14],"tags":[],"_links":{"self":[{"href":"http:\/\/nuevacordoba.net\/index.php\/wp-json\/wp\/v2\/posts\/39102"}],"collection":[{"href":"http:\/\/nuevacordoba.net\/index.php\/wp-json\/wp\/v2\/posts"}],"about":[{"href":"http:\/\/nuevacordoba.net\/index.php\/wp-json\/wp\/v2\/types\/post"}],"author":[{"embeddable":true,"href":"http:\/\/nuevacordoba.net\/index.php\/wp-json\/wp\/v2\/users\/1"}],"replies":[{"embeddable":true,"href":"http:\/\/nuevacordoba.net\/index.php\/wp-json\/wp\/v2\/comments?post=39102"}],"version-history":[{"count":0,"href":"http:\/\/nuevacordoba.net\/index.php\/wp-json\/wp\/v2\/posts\/39102\/revisions"}],"wp:featuredmedia":[{"embeddable":true,"href":"http:\/\/nuevacordoba.net\/index.php\/wp-json\/wp\/v2\/media\/39103"}],"wp:attachment":[{"href":"http:\/\/nuevacordoba.net\/index.php\/wp-json\/wp\/v2\/media?parent=39102"}],"wp:term":[{"taxonomy":"category","embeddable":true,"href":"http:\/\/nuevacordoba.net\/index.php\/wp-json\/wp\/v2\/categories?post=39102"},{"taxonomy":"post_tag","embeddable":true,"href":"http:\/\/nuevacordoba.net\/index.php\/wp-json\/wp\/v2\/tags?post=39102"}],"curies":[{"name":"wp","href":"https:\/\/api.w.org\/{rel}","templated":true}]}}