{"id":39120,"date":"2023-11-24T02:08:02","date_gmt":"2023-11-24T02:08:02","guid":{"rendered":"http:\/\/nuevacordoba.net\/index.php\/2023\/11\/24\/destacados-artistas-acompanaran-a-la-mona-jimenez-en-el-festival-del-bum-bum-en-enero\/"},"modified":"2023-11-24T02:08:02","modified_gmt":"2023-11-24T02:08:02","slug":"destacados-artistas-acompanaran-a-la-mona-jimenez-en-el-festival-del-bum-bum-en-enero","status":"publish","type":"post","link":"http:\/\/nuevacordoba.net\/index.php\/2023\/11\/24\/destacados-artistas-acompanaran-a-la-mona-jimenez-en-el-festival-del-bum-bum-en-enero\/","title":{"rendered":"Destacados artistas acompa\u00f1ar\u00e1n a \u00abLa Mona\u00bb Jim\u00e9nez en el Festival del Bum Bum en enero"},"content":{"rendered":"<figure class=\"mb-3\"><img loading=\"lazy\" data-src=\"http:\/\/nuevacordoba.net\/wp-content\/uploads\/2023\/11\/destacados-artistas-acompanaran-a-la-mona-jimenez-en-el-festival-del-bum-bum-en-enero.jpg\" src=\"https:\/\/www.telam.com.ar\/assets\/img\/not_image.png\" class=\" lazy \" width=\"100%\" height=\"100%\" alt=\"Carlos La Mona Gimnez Foto Eliana Obregn\"><figcaption> Carlos \u00abLa Mona\u00bb Gim\u00e9nez. \/ Foto: Eliana Obreg\u00f3n <\/figcaption><\/figure>\n<p>La quinta edici\u00f3n del <strong>Festival Bum Bum<\/strong>, que tiene como principal protagonista al cuartetero <strong>Carlos \u00abLa Mona\u00bb Jim\u00e9nez<\/strong> se realizar\u00e1 en el predio que rodea al estadio Mario Alberto Kempes las noches del 12 y 13 de enero venidero.<\/p>\n<p>El reconocido m\u00fasico cordob\u00e9s, m\u00e1ximo exponente del cuarteto en la provincia y el pa\u00eds, ser\u00e1 el encargado de cerrar ambas jornadas con extensos recitales que finalizar\u00e1n a la madrugada del d\u00eda siguiente, aunque la grilla de artistas se nutre de otras destacadas figuras del g\u00e9nero y de otros ritmos.<\/p>\n<p>En la primera noche se destaca la presencia de <strong>Ulises Bueno y L-Gante<\/strong>, en un escenario que tendr\u00e1 tambi\u00e9n la participaci\u00f3n de <strong>DJ Tambao, Callejero Fino, Monada y Puli Moreno<\/strong>, entre otros.<\/p>\n<p>En la segunda y \u00faltima velada estar\u00e1n <strong>Ratones Paranoicos, Q\u2019Lokura, Los Caligaris, Damas Gratis, Cony La Tuquera, Lore Jim\u00e9nez y Cuatro al Hilo<\/strong>, entre m\u00e1s.<\/p>\n<p>El pr\u00f3ximo lunes se pondr\u00e1n a la venta las entradas.<br type=\"_moz\"> <\/p>\n","protected":false},"excerpt":{"rendered":"<p>Carlos \u00abLa Mona\u00bb Gim\u00e9nez. \/ Foto: Eliana Obreg\u00f3n La quinta edici\u00f3n del Festival Bum Bum, que tiene como principal protagonista al cuartetero Carlos \u00abLa Mona\u00bb Jim\u00e9nez se realizar\u00e1 en el predio que rodea al estadio Mario Alberto Kempes las noches del 12 y 13 de enero venidero. El reconocido m\u00fasico cordob\u00e9s, m\u00e1ximo exponente del cuarteto [&hellip;]<\/p>\n","protected":false},"author":1,"featured_media":39121,"comment_status":"closed","ping_status":"closed","sticky":false,"template":"","format":"standard","meta":[],"categories":[9],"tags":[],"_links":{"self":[{"href":"http:\/\/nuevacordoba.net\/index.php\/wp-json\/wp\/v2\/posts\/39120"}],"collection":[{"href":"http:\/\/nuevacordoba.net\/index.php\/wp-json\/wp\/v2\/posts"}],"about":[{"href":"http:\/\/nuevacordoba.net\/index.php\/wp-json\/wp\/v2\/types\/post"}],"author":[{"embeddable":true,"href":"http:\/\/nuevacordoba.net\/index.php\/wp-json\/wp\/v2\/users\/1"}],"replies":[{"embeddable":true,"href":"http:\/\/nuevacordoba.net\/index.php\/wp-json\/wp\/v2\/comments?post=39120"}],"version-history":[{"count":0,"href":"http:\/\/nuevacordoba.net\/index.php\/wp-json\/wp\/v2\/posts\/39120\/revisions"}],"wp:featuredmedia":[{"embeddable":true,"href":"http:\/\/nuevacordoba.net\/index.php\/wp-json\/wp\/v2\/media\/39121"}],"wp:attachment":[{"href":"http:\/\/nuevacordoba.net\/index.php\/wp-json\/wp\/v2\/media?parent=39120"}],"wp:term":[{"taxonomy":"category","embeddable":true,"href":"http:\/\/nuevacordoba.net\/index.php\/wp-json\/wp\/v2\/categories?post=39120"},{"taxonomy":"post_tag","embeddable":true,"href":"http:\/\/nuevacordoba.net\/index.php\/wp-json\/wp\/v2\/tags?post=39120"}],"curies":[{"name":"wp","href":"https:\/\/api.w.org\/{rel}","templated":true}]}}