{"id":39132,"date":"2023-11-24T12:33:56","date_gmt":"2023-11-24T12:33:56","guid":{"rendered":"https:\/\/prensa.cba.gov.ar\/?p=577520"},"modified":"2023-11-24T12:33:56","modified_gmt":"2023-11-24T12:33:56","slug":"el-isep-abrio-prematriculaciones-para-ateneos-y-seminarios","status":"publish","type":"post","link":"http:\/\/nuevacordoba.net\/index.php\/2023\/11\/24\/el-isep-abrio-prematriculaciones-para-ateneos-y-seminarios\/","title":{"rendered":"El ISEP abri\u00f3 prematriculaciones para ateneos y seminarios"},"content":{"rendered":"<div><img src=\"http:\/\/nuevacordoba.net\/wp-content\/uploads\/2023\/11\/el-isep-abrio-prematriculaciones-para-ateneos-y-seminarios.png\" class=\"ff-og-image-inserted\"><\/div>\n<ul>\n<li><strong>El per\u00edodo de inscripci\u00f3n permanecer\u00e1 abierto hasta completar el cupo disponible en cada una de las propuestas.<\/strong><\/li>\n<\/ul>\n<p>El Ministerio de Educaci\u00f3n de la Provincia informa que el Instituto Superior de Estudios Pedag\u00f3gicos abri\u00f3 sus inscripciones para seminarios&nbsp;y ateneos que se llevar\u00e1n a cabo durante el primer semestre del pr\u00f3ximo a\u00f1o.&nbsp;<\/p>\n<p>El per\u00edodo permanecer\u00e1 abierto hasta completar el cupo disponible en cada una de las propuestas. <\/p>\n<p>Los interesados <strong>podr\u00e1n realizar el tr\u00e1mite de prematriculaci\u00f3n a trav\u00e9s del portal web institucional:<\/strong><a href=\"http:\/\/www.isep-cba.edu.ar\/\" target=\"_blank\" rel=\"noreferrer noopener\"><strong> www.isep-cba.edu.ar<\/strong><\/a><strong>, ingresando a la pesta\u00f1a<\/strong><a href=\"https:\/\/isep-cba.edu.ar\/web\/inscripciones\/\" target=\"_blank\" rel=\"noreferrer noopener\"><strong> Inscripciones<\/strong><\/a><strong>, o haciendo<\/strong><a href=\"https:\/\/isep-cba.edu.ar\/autogestion\/prematriculacion\/inicio\" target=\"_blank\" rel=\"noreferrer noopener\"><strong> clic aqu\u00ed<\/strong><\/a><strong>.&nbsp;<\/strong><\/p>\n<p>Cada una de las propuestas permanecer\u00e1 abierta hasta completar el cupo disponible. En ese sentido, es importante tener en cuenta que el proceso de prematriculaci\u00f3n considerar\u00e1 el <strong>orden de inscripci\u00f3n<\/strong>.&nbsp;<\/p>\n<h4 class=\"wp-block-heading\">ATENEOS:&nbsp;<\/h4>\n<ul>\n<li><strong>Ateneo de Ingl\u00e9s | Quinta Hora \u2013 Primer Ciclo de la Educaci\u00f3n Primaria<\/strong><\/li>\n<\/ul>\n<ul>\n<li><strong>Ateneo Did\u00e1ctico de Ingl\u00e9s en Jornada Extendida&nbsp;<\/strong><\/li>\n<\/ul>\n<h4 class=\"wp-block-heading\">CICLOS DE SEMINARIOS:&nbsp;<\/h4>\n<ul>\n<li><strong>Ciclo de Seminarios \u201cMatem\u00e1tica y su Ense\u00f1anza\u201d<\/strong><\/li>\n<\/ul>\n<ul>\n<li><strong>Ciclo de seminarios \u201cLengua y su Ense\u00f1anza\u201d<\/strong><\/li>\n<\/ul>\n<ul>\n<li><strong>Ciclo de seminarios \u201cEnse\u00f1ar en la Modalidad Combinada en el Nivel Superior\u201d<\/strong><\/li>\n<\/ul>\n<p>En el caso de los ciclos de Matem\u00e1tica, Lengua, Ciencias de la Computaci\u00f3n y Modalidad Combinada, se ofrecen los dos seminarios que se cursar\u00e1n durante el primer semestre del 2024, no de forma simult\u00e1nea, sino consecutiva (marzo \/ mayo). Por lo tanto, quienes quieran dar continuidad al ciclo deber\u00e1n inscribirse ahora a los dos seminarios.<\/p>\n<p>Por cualquier duda, se encuentra disponible el servicio de Mesa de Ayuda. Personalmente, en Agust\u00edn Garz\u00f3n 1221, barrio San Vicente (C\u00f3rdoba); telef\u00f3nicamente, al (0351) 433-8615; escribiendo un correo electr\u00f3nico a mesadeayuda@isep-cba.edu.ar, o a trav\u00e9s de la p\u00e1gina institucional de Facebook:<a href=\"https:\/\/www.facebook.com\/ISEPCba\/\" target=\"_blank\" rel=\"noreferrer noopener\"> Instituto Superior de Estudios Pedag\u00f3gicos \u2013 ISEP<\/a>.<\/p>\n","protected":false},"excerpt":{"rendered":"<p>El per\u00edodo de inscripci\u00f3n permanecer\u00e1 abierto hasta completar el cupo disponible en cada una de las propuestas. El Ministerio de Educaci\u00f3n de la Provincia informa que el Instituto Superior de Estudios Pedag\u00f3gicos abri\u00f3 sus inscripciones para seminarios&nbsp;y ateneos que se llevar\u00e1n a cabo durante el primer semestre del pr\u00f3ximo a\u00f1o.&nbsp; El per\u00edodo permanecer\u00e1 abierto hasta [&hellip;]<\/p>\n","protected":false},"author":1,"featured_media":39133,"comment_status":"closed","ping_status":"closed","sticky":false,"template":"","format":"standard","meta":[],"categories":[14],"tags":[],"_links":{"self":[{"href":"http:\/\/nuevacordoba.net\/index.php\/wp-json\/wp\/v2\/posts\/39132"}],"collection":[{"href":"http:\/\/nuevacordoba.net\/index.php\/wp-json\/wp\/v2\/posts"}],"about":[{"href":"http:\/\/nuevacordoba.net\/index.php\/wp-json\/wp\/v2\/types\/post"}],"author":[{"embeddable":true,"href":"http:\/\/nuevacordoba.net\/index.php\/wp-json\/wp\/v2\/users\/1"}],"replies":[{"embeddable":true,"href":"http:\/\/nuevacordoba.net\/index.php\/wp-json\/wp\/v2\/comments?post=39132"}],"version-history":[{"count":0,"href":"http:\/\/nuevacordoba.net\/index.php\/wp-json\/wp\/v2\/posts\/39132\/revisions"}],"wp:featuredmedia":[{"embeddable":true,"href":"http:\/\/nuevacordoba.net\/index.php\/wp-json\/wp\/v2\/media\/39133"}],"wp:attachment":[{"href":"http:\/\/nuevacordoba.net\/index.php\/wp-json\/wp\/v2\/media?parent=39132"}],"wp:term":[{"taxonomy":"category","embeddable":true,"href":"http:\/\/nuevacordoba.net\/index.php\/wp-json\/wp\/v2\/categories?post=39132"},{"taxonomy":"post_tag","embeddable":true,"href":"http:\/\/nuevacordoba.net\/index.php\/wp-json\/wp\/v2\/tags?post=39132"}],"curies":[{"name":"wp","href":"https:\/\/api.w.org\/{rel}","templated":true}]}}