{"id":3918,"date":"2021-04-30T12:47:20","date_gmt":"2021-04-30T12:47:20","guid":{"rendered":"http:\/\/cordobanewsnet.wordpress.com\/?p=5413"},"modified":"2021-04-30T12:47:20","modified_gmt":"2021-04-30T12:47:20","slug":"alberto-anuncio-que-seguiran-las-medidas-de-restriccion-en-el-amba-hasta-el-21-de-mayo","status":"publish","type":"post","link":"http:\/\/nuevacordoba.net\/index.php\/2021\/04\/30\/alberto-anuncio-que-seguiran-las-medidas-de-restriccion-en-el-amba-hasta-el-21-de-mayo\/","title":{"rendered":"Alberto anunci\u00f3 que seguir\u00e1n las medidas de restricci\u00f3n en el AMBA hasta el 21 de mayo"},"content":{"rendered":"<div><img src=\"http:\/\/nuevacordoba.net\/wp-content\/uploads\/2021\/05\/alberto-anuncio-que-seguiran-las-medidas-de-restriccion-en-el-amba-hasta-el-21-de-mayo.jpg\" class=\"ff-og-image-inserted\"><\/div>\n<p>El presidente Alberto Fern\u00e1ndez anunci\u00f3 esta ma\u00f1ana que, en las zonas de \u201calarma epidemiol\u00f3gica y sanitaria\u201d, como el \u00c1rea Metropolitana de Buenos Aires, \u201clas clases ser\u00e1n exclusivamente a distancia hasta el 21 de mayo pr\u00f3ximo\u201d, como parte de las medidas sanitarias para mitigar la expansi\u00f3n del coronavirus.<\/p>\n<p>\u201cSolo se dictan clases a distancia donde la pandemia lo exige\u201d, sostuvo el Presidente, quien abog\u00f3 por \u201cpoder lograr una presencialidad cuidada\u201d en las escuelas y, tras se\u00f1alar que para el Gobierno \u201cla educaci\u00f3n es prioritaria\u201d, remarc\u00f3 que \u201cen m\u00e1s de 20 provincias argentinas hay clases presenciales\u201d.<\/p>\n<p>Fern\u00e1ndez remarc\u00f3 esta ma\u00f1ana que \u201cdeben continuar las medidas\u201d restrictivas para \u201cgarantizar que a nadie le falte la cama para ser atendido\u201d, ya que advirti\u00f3 que el n\u00famero de contagios diarios \u201ces realmente elevado\u201d y hace que si se mantiene, \u201clas pr\u00f3ximas semanas puedan ser muy duras en la ocupaci\u00f3n de camas de terapia\u201d.<\/p>\n<p>\u201cLas medidas est\u00e1n mostrando buenos resultados, pero la situaci\u00f3n no se encuentra resuelta: la cantidad de casos es realmente elevada. La situaci\u00f3n epidemiol\u00f3gica en el AMBA es cr\u00edtica y tenemos otras zonas con alto tensi\u00f3n sanitaria\u201d, sostuvo el mandatario.<\/p>\n<div id=\"jp-post-flair\" class=\"sharedaddy sd-like-enabled sd-sharing-enabled\">\n<div class=\"sharedaddy sd-sharing-enabled\">\n<div class=\"robots-nocontent sd-block sd-social sd-social-icon-text sd-sharing\">\n<h3 class=\"sd-title\">Share this:<\/h3>\n<\/div>\n<\/div>\n<div class=\"sharedaddy sd-block sd-like jetpack-likes-widget-wrapper jetpack-likes-widget-unloaded\" id=\"like-post-wrapper-143108178-5413-608d2a732829a\" data-src=\"\/\/widgets.wp.com\/likes\/index.html?ver=20210413#blog_id=143108178&amp;post_id=5413&amp;origin=cordobanewsnet.wordpress.com&amp;obj_id=143108178-5413-608d2a732829a\" data-name=\"like-post-frame-143108178-5413-608d2a732829a\">\n<h3 class=\"sd-title\">Me gusta esto:<\/h3>\n<p><span class=\"button\"><span>Me gusta<\/span><\/span> <span class=\"loading\">Cargando&#8230;<\/span><\/p>\n<p><span class=\"sd-text-color\"><\/span><\/div>\n<p><h3 class=\"jp-relatedposts-headline\"><em>Relacionado<\/em><\/h3>\n<\/p>\n<\/div>\n","protected":false},"excerpt":{"rendered":"<p>El presidente Alberto Fern\u00e1ndez anunci\u00f3 esta ma\u00f1ana que, en las zonas de \u201calarma epidemiol\u00f3gica y sanitaria\u201d, como el \u00c1rea Metropolitana de Buenos Aires, \u201clas clases ser\u00e1n exclusivamente a distancia hasta el 21 de mayo pr\u00f3ximo\u201d, como parte de las medidas sanitarias para mitigar la expansi\u00f3n del coronavirus. \u201cSolo se dictan clases a distancia donde la [&hellip;]<\/p>\n","protected":false},"author":1,"featured_media":3919,"comment_status":"closed","ping_status":"closed","sticky":false,"template":"","format":"standard","meta":[],"categories":[14],"tags":[],"_links":{"self":[{"href":"http:\/\/nuevacordoba.net\/index.php\/wp-json\/wp\/v2\/posts\/3918"}],"collection":[{"href":"http:\/\/nuevacordoba.net\/index.php\/wp-json\/wp\/v2\/posts"}],"about":[{"href":"http:\/\/nuevacordoba.net\/index.php\/wp-json\/wp\/v2\/types\/post"}],"author":[{"embeddable":true,"href":"http:\/\/nuevacordoba.net\/index.php\/wp-json\/wp\/v2\/users\/1"}],"replies":[{"embeddable":true,"href":"http:\/\/nuevacordoba.net\/index.php\/wp-json\/wp\/v2\/comments?post=3918"}],"version-history":[{"count":0,"href":"http:\/\/nuevacordoba.net\/index.php\/wp-json\/wp\/v2\/posts\/3918\/revisions"}],"wp:featuredmedia":[{"embeddable":true,"href":"http:\/\/nuevacordoba.net\/index.php\/wp-json\/wp\/v2\/media\/3919"}],"wp:attachment":[{"href":"http:\/\/nuevacordoba.net\/index.php\/wp-json\/wp\/v2\/media?parent=3918"}],"wp:term":[{"taxonomy":"category","embeddable":true,"href":"http:\/\/nuevacordoba.net\/index.php\/wp-json\/wp\/v2\/categories?post=3918"},{"taxonomy":"post_tag","embeddable":true,"href":"http:\/\/nuevacordoba.net\/index.php\/wp-json\/wp\/v2\/tags?post=3918"}],"curies":[{"name":"wp","href":"https:\/\/api.w.org\/{rel}","templated":true}]}}