{"id":39234,"date":"2023-11-27T11:47:16","date_gmt":"2023-11-27T11:47:16","guid":{"rendered":"http:\/\/cordobanewsnet.wordpress.com\/?p=8557"},"modified":"2023-11-27T11:47:16","modified_gmt":"2023-11-27T11:47:16","slug":"milei-llamara-a-extraordinarias-y-califico-a-caputo-como-el-mayor-experto-financiero-del-pais","status":"publish","type":"post","link":"http:\/\/nuevacordoba.net\/index.php\/2023\/11\/27\/milei-llamara-a-extraordinarias-y-califico-a-caputo-como-el-mayor-experto-financiero-del-pais\/","title":{"rendered":"Milei llamar\u00e1 a extraordinarias y calific\u00f3 a Caputo como el mayor experto financiero del Pa\u00eds"},"content":{"rendered":"<div><img src=\"http:\/\/nuevacordoba.net\/wp-content\/uploads\/2023\/11\/milei-llamara-a-extraordinarias-y-califico-a-caputo-como-el-mayor-experto-financiero-del-pais.jpg\" class=\"ff-og-image-inserted\"><\/div>\n<p>Antes de partir hacia Estados Unidos, el presidente electo,&nbsp;Javier Milei, adelant\u00f3 este domingo que convocar\u00e1 a&nbsp;<strong>sesiones extraordinarias<\/strong>&nbsp;al Congreso de la Naci\u00f3n y elogi\u00f3 al ex funcionario macrista,&nbsp;Luis<a href=\"https:\/\/www.cadena3.com\/Luis\" target=\"_blank\" rel=\"noreferrer noopener\"> Caputo<\/a>, quien ser\u00eda su futuro ministro de Econom\u00eda.&nbsp;<\/p>\n<p>En una entrevista con&nbsp;<em>LN+<\/em>, en el programa \u201cLa Cornisa\u201d, que conduce el periodista Luis Majul, Milei revel\u00f3 que llamar\u00e1 al Parlamento a trabajar durante el verano, porque los problemas de Argentina son<strong>&nbsp;\u201curgentes\u201d<\/strong>.<\/p>\n<p>Al respecto, el l\u00edder libertario inform\u00f3 que enviar\u00e1 un paquete de proyectos de ley de reformas del Estado para comenzar a enfrentar la inflaci\u00f3n.<\/p>\n<p>\u201cEl d\u00eda 11 entra un paquete enorme con reformas del Estado. No vamos a esperar a marzo a que vengan las ordinarias\u201d, afirm\u00f3.&nbsp;<\/p>\n<p>Nuevo gobierno<\/p>\n<p>Por otra parte, Milei respald\u00f3 enf\u00e1ticamente al ex ministro de Finanzas y ex presidente del Banco Central durante el gobierno de Mauricio Macri,&nbsp;<strong>Nicol\u00e1s \u201cToto\u201d Caputo<\/strong>, quien integra la comitiva que viaja hacia Estados Unidos y suena con fuerza como futuro titular de la cartera de Econom\u00eda.&nbsp;<\/p>\n<p>Al ser consultado sobre si Caputo se har\u00e1 cargo del Palacio de Hacienda, el presidente electo dijo que el funcionario macrista es la persona \u201cideal para arreglar el problema de las Leliqs\u201d, porque&nbsp;<strong>\u201cno hay mayor experto financiero\u201d<\/strong>en el pa\u00eds.<\/p>\n<div id=\"jp-post-flair\" class=\"sharedaddy sd-like-enabled sd-sharing-enabled\">\n<div class=\"sharedaddy sd-sharing-enabled\">\n<div class=\"robots-nocontent sd-block sd-social sd-social-icon-text sd-sharing\">\n<h3 class=\"sd-title\">Share this:<\/h3>\n<\/div>\n<\/div>\n<div class=\"sharedaddy sd-block sd-like jetpack-likes-widget-wrapper jetpack-likes-widget-unloaded\" id=\"like-post-wrapper-143108178-8557-656482006f797\" data-src=\"\/\/widgets.wp.com\/likes\/index.html?ver=20230906#blog_id=143108178&amp;post_id=8557&amp;origin=cordobanewsnet.wordpress.com&amp;obj_id=143108178-8557-656482006f797\" data-name=\"like-post-frame-143108178-8557-656482006f797\" data-title=\"Me gusta o Compartir\">\n<h3 class=\"sd-title\">Me gusta esto:<\/h3>\n<p><span class=\"button\"><span>Me gusta<\/span><\/span> <span class=\"loading\">Cargando&#8230;<\/span><\/p>\n<p><span class=\"sd-text-color\"><\/span><\/div>\n<p><h3 class=\"jp-relatedposts-headline\"><em>Relacionado<\/em><\/h3>\n<\/p>\n<\/div>\n","protected":false},"excerpt":{"rendered":"<p>Antes de partir hacia Estados Unidos, el presidente electo,&nbsp;Javier Milei, adelant\u00f3 este domingo que convocar\u00e1 a&nbsp;sesiones extraordinarias&nbsp;al Congreso de la Naci\u00f3n y elogi\u00f3 al ex funcionario macrista,&nbsp;Luis Caputo, quien ser\u00eda su futuro ministro de Econom\u00eda.&nbsp; En una entrevista con&nbsp;LN+, en el programa \u201cLa Cornisa\u201d, que conduce el periodista Luis Majul, Milei revel\u00f3 que llamar\u00e1 al [&hellip;]<\/p>\n","protected":false},"author":1,"featured_media":39235,"comment_status":"closed","ping_status":"closed","sticky":false,"template":"","format":"standard","meta":[],"categories":[14],"tags":[],"_links":{"self":[{"href":"http:\/\/nuevacordoba.net\/index.php\/wp-json\/wp\/v2\/posts\/39234"}],"collection":[{"href":"http:\/\/nuevacordoba.net\/index.php\/wp-json\/wp\/v2\/posts"}],"about":[{"href":"http:\/\/nuevacordoba.net\/index.php\/wp-json\/wp\/v2\/types\/post"}],"author":[{"embeddable":true,"href":"http:\/\/nuevacordoba.net\/index.php\/wp-json\/wp\/v2\/users\/1"}],"replies":[{"embeddable":true,"href":"http:\/\/nuevacordoba.net\/index.php\/wp-json\/wp\/v2\/comments?post=39234"}],"version-history":[{"count":0,"href":"http:\/\/nuevacordoba.net\/index.php\/wp-json\/wp\/v2\/posts\/39234\/revisions"}],"wp:featuredmedia":[{"embeddable":true,"href":"http:\/\/nuevacordoba.net\/index.php\/wp-json\/wp\/v2\/media\/39235"}],"wp:attachment":[{"href":"http:\/\/nuevacordoba.net\/index.php\/wp-json\/wp\/v2\/media?parent=39234"}],"wp:term":[{"taxonomy":"category","embeddable":true,"href":"http:\/\/nuevacordoba.net\/index.php\/wp-json\/wp\/v2\/categories?post=39234"},{"taxonomy":"post_tag","embeddable":true,"href":"http:\/\/nuevacordoba.net\/index.php\/wp-json\/wp\/v2\/tags?post=39234"}],"curies":[{"name":"wp","href":"https:\/\/api.w.org\/{rel}","templated":true}]}}