{"id":39246,"date":"2023-11-27T16:29:43","date_gmt":"2023-11-27T16:29:43","guid":{"rendered":"https:\/\/cordoba.gob.ar\/?p=53570"},"modified":"2023-11-27T16:29:43","modified_gmt":"2023-11-27T16:29:43","slug":"el-programa-de-salud-bucal-escolar-es-una-politica-publica","status":"publish","type":"post","link":"http:\/\/nuevacordoba.net\/index.php\/2023\/11\/27\/el-programa-de-salud-bucal-escolar-es-una-politica-publica\/","title":{"rendered":"El programa de salud bucal escolar es una pol\u00edtica p\u00fablica"},"content":{"rendered":"<div><img src=\"http:\/\/nuevacordoba.net\/wp-content\/uploads\/2023\/11\/el-programa-de-salud-bucal-escolar-es-una-politica-publica.jpg\" class=\"ff-og-image-inserted\"><\/div>\n<ul>\n<li><strong>El Servicio Odontol\u00f3gico Municipal (SOM) recorre escuelas y jardines maternales.<\/strong><\/li>\n<li><strong>Se articula desde los centros de salud, que ahora cuentan con moderno equipamiento odontol\u00f3gico.<\/strong><\/li>\n<li><strong>En 2023, lleg\u00f3 con atenci\u00f3n y acciones de promoci\u00f3n a 5.500 ni\u00f1as y ni\u00f1os.<\/strong><\/li>\n<\/ul>\n<hr>\n<p>En un acto que sirvi\u00f3 de reconocimiento a una larga y silenciosa labor del personal del Servicio Odontol\u00f3gico Municipal (SOM) en escuelas y jardines maternales, la secretaria de Prevenci\u00f3n y Atenci\u00f3n en Salud Comunitaria, Liliana Montero, firm\u00f3 la resoluci\u00f3n que establece en el \u00e1mbito de la ciudad de C\u00f3rdoba el Programa de salud bucodental.<\/p>\n<p>La medida procura ser un instrumento que permita fijar metas, objetivos, par\u00e1metros y metodolog\u00edas de aplicaci\u00f3n a una tarea que surgi\u00f3 como innovaci\u00f3n entre 1983 y 1987, durante el gobierno de Ram\u00f3n Mestre, que se despleg\u00f3 con gran compromiso durante m\u00e1s de tres d\u00e9cadas y ahora encuentra una herramienta formal para garantizar el v\u00ednculo, la continuidad y la integralidad de las acciones.<\/p>\n<p>Durante 2023, lleg\u00f3 con acciones de prevenci\u00f3n a 5.500 ni\u00f1as y ni\u00f1os. Luego de la exposici\u00f3n de la coordinadora del Programa, Victoria Galindez, sobre los \u00edndices del trabajo en la comunidad, el director del Servicio Odontol\u00f3gico Municipal (SOM), Cristian Baglini, destac\u00f3 los resultados y agradeci\u00f3 la decisi\u00f3n de institucionalizar el programa. <em>\u00abEs muy importante haber logrado dotarlo de formalidad legal, jur\u00eddica e institucional, porque permitir\u00e1 seguir avanzando con lo que falta, enfocados en la salud\u00bb<\/em>, se\u00f1al\u00f3.<\/p>\n<p>La secretaria Liliana Montero destac\u00f3 la vocaci\u00f3n de servicio y la mirada comunitaria de quienes llevaron adelante el programa durante casi 40 a\u00f1os e inst\u00f3 a seguir profundizando las estrategias de abordaje comunitario para fortalecer el primer nivel de atenci\u00f3n de la salud<\/p>\n<p><em>\u00abSin lugar a dudas, el desaf\u00edo ahora ser\u00e1 ver c\u00f3mo hacemos para extender este programa, para involucrar a m\u00e1s profesionales, a m\u00e1s centros de salud. El concepto de salud comunitaria est\u00e1 afuera del consultorio, no est\u00e1 en el sill\u00f3n odontol\u00f3gico. Nos cabe preguntarnos d\u00f3nde vamos ahora a hacer prevenci\u00f3n con estos datos, y es en las escuelas, en los clubes, en las iglesias. Ah\u00ed est\u00e1 la salud comunitaria\u00bb<\/em>, expres\u00f3.<\/p>\n<p><strong>Acceso a la salud<\/strong><\/p>\n<p>El programa de salud bucodental est\u00e1 dirigido a ni\u00f1os y ni\u00f1as de 1 a 6 a\u00f1os que asisten a los 38 jardines maternales y a las 38 escuelas municipales de la ciudad, a sus grupos familiares y a la comunidad docente y auxiliares de los establecimientos con el objetivo de mejorar el acceso a la salud bucal como un derecho de las infancias.<\/p>\n<p><em>\u201cLas enfermedades bucodentales afectan de forma desproporcionada a las personas, existiendo una relaci\u00f3n directa entre la situaci\u00f3n socioecon\u00f3mica y la prevalencia y gravedad de las enfermedades bucodentales. Esta asociaci\u00f3n existe desde la infancia hasta la vejez, y en todos los grupos de poblaci\u00f3n\u201d<\/em>, se\u00f1ala un p\u00e1rrafo de la resoluci\u00f3n.<\/p>\n<p>En funci\u00f3n de ello, el programa se articula desde la red de atenci\u00f3n primaria conformada por los 100 centros de salud, en articulaci\u00f3n con las escuelas municipales y jardines maternales de la zona, planificando visitas peri\u00f3dicas para realizar charlas, talleres y actividades, con los ni\u00f1os y ni\u00f1os y tambi\u00e9n con sus familias. Los 5.500 ni\u00f1os y ni\u00f1as abordados durante 2023 con el programa asisten a 61 instituciones escolares municipales.<\/p>\n<p>La participaci\u00f3n del equipo docente del grado o de la sala resulta vital como mediador de conductas saludables para reforzar los buenos h\u00e1bitos y compartir los recursos did\u00e1cticos que ayuden a internalizarlos. De all\u00ed que la resoluci\u00f3n tambi\u00e9n se env\u00eda con copia a la Secretar\u00eda de Educaci\u00f3n, protagonista tambi\u00e9n de la experiencia.<\/p>\n","protected":false},"excerpt":{"rendered":"<p>El Servicio Odontol\u00f3gico Municipal (SOM) recorre escuelas y jardines maternales. Se articula desde los centros de salud, que ahora cuentan con moderno equipamiento odontol\u00f3gico. En 2023, lleg\u00f3 con atenci\u00f3n y acciones de promoci\u00f3n a 5.500 ni\u00f1as y ni\u00f1os. En un acto que sirvi\u00f3 de reconocimiento a una larga y silenciosa labor del personal del Servicio [&hellip;]<\/p>\n","protected":false},"author":1,"featured_media":39247,"comment_status":"closed","ping_status":"closed","sticky":false,"template":"","format":"standard","meta":[],"categories":[14],"tags":[],"_links":{"self":[{"href":"http:\/\/nuevacordoba.net\/index.php\/wp-json\/wp\/v2\/posts\/39246"}],"collection":[{"href":"http:\/\/nuevacordoba.net\/index.php\/wp-json\/wp\/v2\/posts"}],"about":[{"href":"http:\/\/nuevacordoba.net\/index.php\/wp-json\/wp\/v2\/types\/post"}],"author":[{"embeddable":true,"href":"http:\/\/nuevacordoba.net\/index.php\/wp-json\/wp\/v2\/users\/1"}],"replies":[{"embeddable":true,"href":"http:\/\/nuevacordoba.net\/index.php\/wp-json\/wp\/v2\/comments?post=39246"}],"version-history":[{"count":0,"href":"http:\/\/nuevacordoba.net\/index.php\/wp-json\/wp\/v2\/posts\/39246\/revisions"}],"wp:featuredmedia":[{"embeddable":true,"href":"http:\/\/nuevacordoba.net\/index.php\/wp-json\/wp\/v2\/media\/39247"}],"wp:attachment":[{"href":"http:\/\/nuevacordoba.net\/index.php\/wp-json\/wp\/v2\/media?parent=39246"}],"wp:term":[{"taxonomy":"category","embeddable":true,"href":"http:\/\/nuevacordoba.net\/index.php\/wp-json\/wp\/v2\/categories?post=39246"},{"taxonomy":"post_tag","embeddable":true,"href":"http:\/\/nuevacordoba.net\/index.php\/wp-json\/wp\/v2\/tags?post=39246"}],"curies":[{"name":"wp","href":"https:\/\/api.w.org\/{rel}","templated":true}]}}