{"id":39250,"date":"2023-11-27T18:45:40","date_gmt":"2023-11-27T18:45:40","guid":{"rendered":"http:\/\/nuevacordoba.net\/index.php\/2023\/11\/27\/ivan-de-pineda-se-pone-al-frente-de-una-nueva-version-de-escape-perfecto\/"},"modified":"2023-11-27T18:45:40","modified_gmt":"2023-11-27T18:45:40","slug":"ivan-de-pineda-se-pone-al-frente-de-una-nueva-version-de-escape-perfecto","status":"publish","type":"post","link":"http:\/\/nuevacordoba.net\/index.php\/2023\/11\/27\/ivan-de-pineda-se-pone-al-frente-de-una-nueva-version-de-escape-perfecto\/","title":{"rendered":"Iv\u00e1n de Pineda se pone al frente de una nueva versi\u00f3n de \u00abEscape perfecto\u00bb"},"content":{"rendered":"<figure class=\"mb-3\"><img loading=\"lazy\" data-src=\"http:\/\/nuevacordoba.net\/wp-content\/uploads\/2023\/11\/ivan-de-pineda-se-pone-al-frente-de-una-nueva-version-de-escape-perfecto.jpg\" src=\"https:\/\/www.telam.com.ar\/assets\/img\/not_image.png\" class=\" lazy \" width=\"100%\" height=\"100%\" alt=\"El modelo y la conductora presentarn el programa de domingo a jueves Foto Prensa\"><figcaption> El modelo y la conductora presentar\u00e1n el programa de domingo a jueves. Foto: Prensa <\/figcaption><\/figure>\n<p>Iv\u00e1n de Pineda asumir\u00e1 desde en la noche de este lunes<strong> un nuevo desaf\u00edo televisivo cuando se ponga al frente, junto a Josefina \u00abChina\u00bb Ansa de una renovada versi\u00f3n del ciclo \u00abEscape perfecto\u00bb<\/strong> a trav\u00e9s de Telefe que, destac\u00f3, \u00abmezcla un poco el mundo de las preguntas y las respuestas con la adrenalina del juego y de desaf\u00edos entre unas jaulas espectaculares en un estudio enorme\u00bb.<\/p>\n<p>\u00abTener la oportunidad de hacer un programa de este tipo, s\u00faper familiar, divertido y din\u00e1mico es muy divertido. La verdad que la estamos pasando muy pero muy bien grabando los programas\u00bb,<strong> resalt\u00f3 De Pineda a T\u00e9lam sobre el env\u00edo que este lunes volver\u00e1 a partir de las 21.45 y que contempla emisiones diarias de domingo a jueves en esa franja nocturna.<\/strong><\/p>\n<p>El programa, que junto a una nueva mirada sobre la popular telenovela \u00abCaf\u00e9 con Aroma de Mujer\u00bb (a emitirse desde las 17) renovar\u00e1 parte de la grilla de la se\u00f1al l\u00edder en audiencia, tendr\u00e1 compitiendo a duplas de participantes que deber\u00e1n dividirse las tareas y responder preguntas trivia con cuatro opciones y entrar a una jaula para tomar la mayor cantidad de premios antes de que las puertas se cierren, con un tiempo determinado por la cantidad de respuestas correctas.<\/p>\n<p>\u00ab&#8216;Escape perfecto&#8217; es un cl\u00e1sico, no solo en Argentina sino tambi\u00e9n en muchos pa\u00edses alrededor del mundo y durante los a\u00f1os que pasaron desde la \u00faltima temporada ha cambiado la tecnolog\u00eda, lo mismo que muchas de las c\u00e1maras que se utilizan o tecnolog\u00eda para armar desaf\u00edos y para hacer juegos\u00bb, cont\u00f3 Iv\u00e1n.<\/p>\n<figure class=\"mb-3\"><img loading=\"lazy\" data-src=\"http:\/\/nuevacordoba.net\/wp-content\/uploads\/2023\/11\/ivan-de-pineda-se-pone-al-frente-de-una-nueva-version-de-escape-perfecto-1.jpg\" src=\"https:\/\/www.telam.com.ar\/assets\/img\/not_image.png\" class=\" lazy \" width=\"100%\" height=\"100%\" alt=\"Josefina China Ansa ser una de las conductoras del programa Foto Prensa\"><figcaption> Josefina \u00abChina\u00bb Ansa ser\u00e1 una de las conductoras del programa. Foto: Prensa <\/figcaption><\/figure>\n<p>El modelo agreg\u00f3 que al nuevo a\u00f1o del programa<strong> \u00abse le suma a la vieja receta de las preguntas con la jaula muchos desaf\u00edos y juegos para llevarse la mayor cantidad de premios\u00bb.<\/strong><\/p>\n<p>Con esta labor, el animador a\u00f1ade otro t\u00edtulo a su recorrido en la pantalla chica donde tambi\u00e9n comanda \u201cPasapalabra\u201d (los domingos por la noche) y, antes, \u201cResto del mundo\u201d (que hizo entre 2008 y 2017) y \u201cUn peque\u00f1o gran viaje en 48 hs\u201d (2018-2021), entre otros ciclos.<\/p>\n<p><strong>&#8211; \u00bfQu\u00e9 ejes y t\u00f3picos tiene la parte de preguntas y respuestas?<\/strong><br \/><strong>&#8211;&nbsp;<\/strong>A las preguntas de la cultura sumamos cosas cotidianas. M\u00fasica o neologismos que se van utilizando en estos \u00faltimos tiempos\u2026 preguntas que tengan que ver con lo emp\u00edrico de la vida cotidiana, un poco de historia, un poco de todo. Las preguntas, a medida que te van dando m\u00e1s segundos, van subiendo un poquito en el nivel de dificultad. Los participantes que contestan las preguntas pueden utilizar comodines, entonces se establece tambi\u00e9n una manera muy interesante en ver c\u00f3mo es la estrategia, no solo a la hora de jugar de la jaula sino tambi\u00e9n c\u00f3mo contestar las preguntas.<\/p>\n<p><strong>&#8211; Ten\u00e9s una trayectoria televisiva muy vinculada a los programas de preguntas y respuestas, \u00bfc\u00f3mo es el origen de esa preferencia y c\u00f3mo se fue dando?<\/strong><br \/>&#8211; Siempre, desde muy chico, me gustaron los juegos de mesa que ten\u00edan que ver con las preguntas y respuestas. Con la llegada de las plataformas, aplicaciones y los smartphones, no he dejado de hacerlo nunca y son, de alguna manera u otra, programas con los que me siento muy identificado y me gustan y me divierten. Si estuviste del otro lado, lo ver\u00eda, jugar\u00eda y me divertir\u00eda.<\/p>\n<figure class=\"mb-3\"><img loading=\"lazy\" data-src=\"http:\/\/nuevacordoba.net\/wp-content\/uploads\/2023\/11\/ivan-de-pineda-se-pone-al-frente-de-una-nueva-version-de-escape-perfecto-2.jpg\" src=\"https:\/\/www.telam.com.ar\/assets\/img\/not_image.png\" class=\" lazy \" width=\"100%\" height=\"100%\" alt=\"Ivn de Pineda se pone al frente de una nueva versin de Escape perfecto Foto Prensa\"><figcaption> Iv\u00e1n de Pineda se pone al frente de una nueva versi\u00f3n de \u00abEscape perfecto\u00bb. Foto: Prensa <\/figcaption><\/figure>\n<p><strong>&#8211; \u00bfCre\u00e9s que tu extensa experiencia en viajes alrededor del mundo tiene alguna vinculaci\u00f3n con estos t\u00f3picos de cultura general?<\/strong><br \/>&#8211; S\u00ed porque viajar te lleva a aprender constantemente, abrir la mente y conocer, tener inquietudes y poder satisfacerlas, volver de cada uno de los viajes con cosas que te queden y con experiencias que a lo largo de la vida te vayan sumando. Siempre me gusta ir a los lugares y conocerlos, saber sobre su idiosincrasia, cultura y sus cosas m\u00e1s profundas. Tambi\u00e9n sobre sus peque\u00f1as banalidades, que son muy importantes para la vida cotidiana. Las preguntas en el programa tienen que ver tambi\u00e9n con las experiencias de todo el mundo: est\u00e1 la pregunta de historia, de matem\u00e1ticas y adem\u00e1s est\u00e1 la de las cosas cotidianas de la vida.<\/p>\n<p><strong>&#8211; \u00bfC\u00f3mo eval\u00faas el desempe\u00f1o del programa en un contexto de ca\u00edda de la televisi\u00f3n en favor de las nuevas tecnolog\u00edas?<\/strong><br \/>&#8211; \u00abEscape perfecto\u00bb es para ver con toda tu familia, con tu pareja, con amigos, solo, en el trabajo con colegas, con compa\u00f1eros de trabajo, es importante que lo puedas ver en casi en tiempo real para que puedas jugar y emocionarte, que puedas divertirte y brindarle a la pantalla porque quer\u00e9s que la persona salga de la jaula, porque sele acaba el tiempo. Quiz\u00e1s te vas a alegrar cuando algunos participantes consigan su objetivo o entristecerte cuando no sea as\u00ed. Hoy, m\u00e1s all\u00e1 de la cuesti\u00f3n de d\u00f3nde ponemos el foco con tantas plataformas se trata sobre todo de qu\u00e9 tipo de contenido nos llama la atenci\u00f3n y nos gusta, y c\u00f3mo queremos verlo. <\/p>\n","protected":false},"excerpt":{"rendered":"<p>El modelo y la conductora presentar\u00e1n el programa de domingo a jueves. Foto: Prensa Iv\u00e1n de Pineda asumir\u00e1 desde en la noche de este lunes un nuevo desaf\u00edo televisivo cuando se ponga al frente, junto a Josefina \u00abChina\u00bb Ansa de una renovada versi\u00f3n del ciclo \u00abEscape perfecto\u00bb a trav\u00e9s de Telefe que, destac\u00f3, \u00abmezcla un [&hellip;]<\/p>\n","protected":false},"author":1,"featured_media":39251,"comment_status":"closed","ping_status":"closed","sticky":false,"template":"","format":"standard","meta":[],"categories":[9],"tags":[],"_links":{"self":[{"href":"http:\/\/nuevacordoba.net\/index.php\/wp-json\/wp\/v2\/posts\/39250"}],"collection":[{"href":"http:\/\/nuevacordoba.net\/index.php\/wp-json\/wp\/v2\/posts"}],"about":[{"href":"http:\/\/nuevacordoba.net\/index.php\/wp-json\/wp\/v2\/types\/post"}],"author":[{"embeddable":true,"href":"http:\/\/nuevacordoba.net\/index.php\/wp-json\/wp\/v2\/users\/1"}],"replies":[{"embeddable":true,"href":"http:\/\/nuevacordoba.net\/index.php\/wp-json\/wp\/v2\/comments?post=39250"}],"version-history":[{"count":0,"href":"http:\/\/nuevacordoba.net\/index.php\/wp-json\/wp\/v2\/posts\/39250\/revisions"}],"wp:featuredmedia":[{"embeddable":true,"href":"http:\/\/nuevacordoba.net\/index.php\/wp-json\/wp\/v2\/media\/39251"}],"wp:attachment":[{"href":"http:\/\/nuevacordoba.net\/index.php\/wp-json\/wp\/v2\/media?parent=39250"}],"wp:term":[{"taxonomy":"category","embeddable":true,"href":"http:\/\/nuevacordoba.net\/index.php\/wp-json\/wp\/v2\/categories?post=39250"},{"taxonomy":"post_tag","embeddable":true,"href":"http:\/\/nuevacordoba.net\/index.php\/wp-json\/wp\/v2\/tags?post=39250"}],"curies":[{"name":"wp","href":"https:\/\/api.w.org\/{rel}","templated":true}]}}