{"id":39252,"date":"2023-11-27T19:07:20","date_gmt":"2023-11-27T19:07:20","guid":{"rendered":"https:\/\/www.bbc.com\/mundo\/articles\/c72r3lw1rr7o"},"modified":"2023-11-27T19:07:20","modified_gmt":"2023-11-27T19:07:20","slug":"la-linea-azul-la-frontera-que-marca-el-frente-oculto-de-la-guerra-entre-israel-y-hamas","status":"publish","type":"post","link":"http:\/\/nuevacordoba.net\/index.php\/2023\/11\/27\/la-linea-azul-la-frontera-que-marca-el-frente-oculto-de-la-guerra-entre-israel-y-hamas\/","title":{"rendered":"La \u201cL\u00ednea Azul\u201d, la frontera que marca el frente oculto de la guerra entre Israel y Ham\u00e1s"},"content":{"rendered":"<figure class=\"bbc-1qn0xuy\">\n<div class=\"bbc-sni631\"><picture><img loading=\"lazy\" src=\"http:\/\/nuevacordoba.net\/wp-content\/uploads\/2023\/11\/la-linea-azul-la-frontera-que-marca-el-frente-oculto-de-la-guerra-entre-israel-y-hamas.jpg\" srcset=\"http:\/\/nuevacordoba.net\/wp-content\/uploads\/2023\/11\/la-linea-azul-la-frontera-que-marca-el-frente-oculto-de-la-guerra-entre-israel-y-hamas-7.jpg 240w, http:\/\/nuevacordoba.net\/wp-content\/uploads\/2023\/11\/la-linea-azul-la-frontera-que-marca-el-frente-oculto-de-la-guerra-entre-israel-y-hamas-8.jpg 320w, http:\/\/nuevacordoba.net\/wp-content\/uploads\/2023\/11\/la-linea-azul-la-frontera-que-marca-el-frente-oculto-de-la-guerra-entre-israel-y-hamas-9.jpg 480w, http:\/\/nuevacordoba.net\/wp-content\/uploads\/2023\/11\/la-linea-azul-la-frontera-que-marca-el-frente-oculto-de-la-guerra-entre-israel-y-hamas-10.jpg 624w, http:\/\/nuevacordoba.net\/wp-content\/uploads\/2023\/11\/la-linea-azul-la-frontera-que-marca-el-frente-oculto-de-la-guerra-entre-israel-y-hamas-11.jpg 800w\" sizes=\"(min-width: 1008px) 760px, 100vw\" alt=\"Soldado dentro de un veh\u00edculo blindado. \" width=\"1024\" height=\"576\" class=\"bbc-1uwua2r\"><\/picture><\/div><figcaption dir=\"ltr\" class=\"bbc-847f6b e6i104o0\" readability=\"1.5\"><span role=\"text\" readability=\"3\"><span class=\"bbc-m04vo2\">Pie de foto, <\/span><\/p>\n<p>Fuerzas de paz irlandesas llevan d\u00e9cadas monitoreando la tensa situaci\u00f3n fronteriza entre Israel y L\u00edbano. <\/p>\n<p><\/span><\/figcaption><\/figure>\n<section role=\"region\" aria-labelledby=\"article-byline\" class=\"bbc-1vjaf6b\"><strong id=\"article-byline\" aria-hidden=\"true\" class=\"bbc-m04vo2\">Article information<\/strong><\/p>\n<ul role=\"list\" class=\"bbc-1rvtlej\">\n<li><span role=\"text\"><span class=\"bbc-m04vo2\">Author, <\/span><span class=\"bbc-1ypcc2\">Nafiseh Kohnavard<\/span><\/span><\/li>\n<li><span role=\"text\"><span class=\"bbc-m04vo2\">Role, <!-- --> <\/span><span class=\"bbc-1y5sx98\">Corresponsal en Medio Oriente, servicio persa de la BBC<\/span><\/span><\/li>\n<li class=\"bbc-v8pmqw\">\n<p><time datetime=\"2023-11-27\" class=\"bbc-1dafq0j e1mklfmt0\">1 hora<\/time><\/p>\n<\/li>\n<\/ul>\n<\/section>\n<div dir=\"ltr\" class=\"bbc-19j92fr ebmt73l0\" readability=\"9\">\n<p dir=\"ltr\" class=\"bbc-hhl7in e17g058b0\"><b>\u00abSi escuchas una alarma sonar significa que tienes que correr al b\u00fanker m\u00e1s cercano\u00bb, dice el capit\u00e1n A\u00f3dhan Mc Guinness cuando llegamos a Camp Shamrock.<\/b><\/p>\n<\/div>\n<div dir=\"ltr\" class=\"bbc-19j92fr ebmt73l0\" readability=\"8\">\n<p dir=\"ltr\" class=\"bbc-hhl7in e17g058b0\">Mc Guinness es el director de operaciones t\u00e1cticas de las tropas irlandesas que gestionan esta base de mantenimiento de paz de las Naciones Unidas (ONU) cerca de la frontera entre Israel y L\u00edbano. <\/p>\n<\/div>\n<div dir=\"ltr\" class=\"bbc-19j92fr ebmt73l0\" readability=\"11\">\n<p dir=\"ltr\" class=\"bbc-hhl7in e17g058b0\">Podemos escuchar el zumbido de los drones israel\u00edes sobre nuestras cabezas. Suenan como secadores de pelo o cuchillas el\u00e9ctricas y son ahora una presencia constante, d\u00eda y noche, sobre ciudades y pueblos en el sur de L\u00edbano.<\/p>\n<\/div>\n<div dir=\"ltr\" class=\"bbc-19j92fr ebmt73l0\" readability=\"8\">\n<p dir=\"ltr\" class=\"bbc-hhl7in e17g058b0\">Mientras contin\u00faa la instrucci\u00f3n de seguridad, se escucha una fuerte explosi\u00f3n no muy lejos. <\/p>\n<\/div>\n<div dir=\"ltr\" class=\"bbc-19j92fr ebmt73l0\" readability=\"9\">\n<p dir=\"ltr\" class=\"bbc-hhl7in e17g058b0\">\u00abBien, comenz\u00f3 la ronda de hoy\u00bb, dice el capit\u00e1n Mc Guinness. <\/p>\n<\/div>\n<div dir=\"ltr\" class=\"bbc-19j92fr ebmt73l0\" readability=\"8\">\n<p dir=\"ltr\" class=\"bbc-hhl7in e17g058b0\"><b>La explosi\u00f3n es otra muestra de la escalada de tensiones en esta zona desde que comenz\u00f3 el conflicto entre Israel y Ham\u00e1s. <\/b><\/p>\n<\/div>\n<div dir=\"ltr\" class=\"bbc-19j92fr ebmt73l0\" readability=\"11\">\n<p dir=\"ltr\" class=\"bbc-hhl7in e17g058b0\">La misi\u00f3n de mantenimiento de paz de la ONU, conocida como Unifil, se encarga de vigilar la L\u00ednea Azul, la frontera extraoficial entre L\u00edbano e Israel. <\/p>\n<\/div>\n<div dir=\"ltr\" class=\"bbc-19j92fr ebmt73l0\" readability=\"10\">\n<p dir=\"ltr\" class=\"bbc-hhl7in e17g058b0\">En las \u00faltimas cuatro d\u00e9cadas la zona fue testigo de enfrentamientos intermitentes entre <b>Hezbol\u00e1<\/b>, el grupo musulm\u00e1n chiita liban\u00e9s, y el ej\u00e9rcito israel\u00ed.<\/p>\n<\/div>\n<div dir=\"ltr\" class=\"bbc-19j92fr ebmt73l0\" readability=\"12\">\n<p dir=\"ltr\" class=\"bbc-hhl7in e17g058b0\">Hezbol\u00e1 es considerado una organizaci\u00f3n terrorista por Estados Unidos, Reino Unido y otros pa\u00edses, pero en L\u00edbano es un partido pol\u00edtico convencional, l\u00edder de una alianza que casi alcanz\u00f3 la mayor\u00eda en las elecciones nacionales parlamentarias el a\u00f1o pasado. <\/p>\n<\/div>\n<p><h2 id=\"Atrapados-en-el-cruce-de-ataques\" tabindex=\"-1\" class=\"bbc-1f03ibc eglt09e0\">Atrapados en el cruce de ataques<\/h2>\n<\/p>\n<figure class=\"bbc-1qn0xuy\">\n<div class=\"bbc-sni631\"><picture><img src=\"http:\/\/nuevacordoba.net\/wp-content\/uploads\/2023\/11\/la-linea-azul-la-frontera-que-marca-el-frente-oculto-de-la-guerra-entre-israel-y-hamas-1.jpg\" srcset=\"http:\/\/nuevacordoba.net\/wp-content\/uploads\/2023\/11\/la-linea-azul-la-frontera-que-marca-el-frente-oculto-de-la-guerra-entre-israel-y-hamas-12.jpg 240w, http:\/\/nuevacordoba.net\/wp-content\/uploads\/2023\/11\/la-linea-azul-la-frontera-que-marca-el-frente-oculto-de-la-guerra-entre-israel-y-hamas-13.jpg 320w, http:\/\/nuevacordoba.net\/wp-content\/uploads\/2023\/11\/la-linea-azul-la-frontera-que-marca-el-frente-oculto-de-la-guerra-entre-israel-y-hamas-14.jpg 480w, http:\/\/nuevacordoba.net\/wp-content\/uploads\/2023\/11\/la-linea-azul-la-frontera-que-marca-el-frente-oculto-de-la-guerra-entre-israel-y-hamas-15.jpg 624w, http:\/\/nuevacordoba.net\/wp-content\/uploads\/2023\/11\/la-linea-azul-la-frontera-que-marca-el-frente-oculto-de-la-guerra-entre-israel-y-hamas-16.jpg 800w\" sizes=\"(min-width: 1008px) 760px, 100vw\" alt=\"Ataques en la frontera entre Israel y L\u00edbano. \" loading=\"lazy\" width=\"1280\" height=\"2182\" class=\"bbc-1uwua2r\"><\/picture><\/div>\n<\/figure>\n<div dir=\"ltr\" class=\"bbc-19j92fr ebmt73l0\" readability=\"10\">\n<p dir=\"ltr\" class=\"bbc-hhl7in e17g058b0\">Vistiendo chalecos y cascos, nos unimos a un grupo de fuerzas de paz fuertemente armado en un convoy de veh\u00edculos blindados en un trayecto de 20 minutos hacia otra base a solo 500 metros de la L\u00ednea Azul. <\/p>\n<\/div>\n<div dir=\"ltr\" class=\"bbc-19j92fr ebmt73l0\" readability=\"13\">\n<p dir=\"ltr\" class=\"bbc-hhl7in e17g058b0\">Con las instalaciones militares israel\u00edes al otro lado de la frontera, el comandante de la avanzada, el lugarteniente Dylan Cadogan, dice que con frecuencia deben refugiarse en b\u00fankeres durante los ataques, a veces durante horas. <\/p>\n<\/div>\n<div dir=\"ltr\" class=\"bbc-19j92fr ebmt73l0\" readability=\"9\">\n<p dir=\"ltr\" class=\"bbc-hhl7in e17g058b0\">\u00abHemos visto <b>casas destruidas y civiles atrapados<\/b> en fuego cruzado que necesitan nuestra ayuda\u00bb, dice Cadogan. <\/p>\n<\/div>\n<figure class=\"bbc-1qn0xuy\">\n<div class=\"bbc-sni631\"><picture><img src=\"http:\/\/nuevacordoba.net\/wp-content\/uploads\/2023\/11\/la-linea-azul-la-frontera-que-marca-el-frente-oculto-de-la-guerra-entre-israel-y-hamas-2.jpg\" srcset=\"http:\/\/nuevacordoba.net\/wp-content\/uploads\/2023\/11\/la-linea-azul-la-frontera-que-marca-el-frente-oculto-de-la-guerra-entre-israel-y-hamas-17.jpg 240w, http:\/\/nuevacordoba.net\/wp-content\/uploads\/2023\/11\/la-linea-azul-la-frontera-que-marca-el-frente-oculto-de-la-guerra-entre-israel-y-hamas-18.jpg 320w, http:\/\/nuevacordoba.net\/wp-content\/uploads\/2023\/11\/la-linea-azul-la-frontera-que-marca-el-frente-oculto-de-la-guerra-entre-israel-y-hamas-19.jpg 480w, http:\/\/nuevacordoba.net\/wp-content\/uploads\/2023\/11\/la-linea-azul-la-frontera-que-marca-el-frente-oculto-de-la-guerra-entre-israel-y-hamas-20.jpg 624w, http:\/\/nuevacordoba.net\/wp-content\/uploads\/2023\/11\/la-linea-azul-la-frontera-que-marca-el-frente-oculto-de-la-guerra-entre-israel-y-hamas-21.jpg 800w\" sizes=\"(min-width: 1008px) 760px, 100vw\" alt=\"Edificio con humo y da\u00f1os causados por la artiller\u00eda. \" loading=\"lazy\" width=\"976\" height=\"549\" class=\"bbc-1uwua2r\"><\/picture><\/div><figcaption dir=\"ltr\" class=\"bbc-847f6b e6i104o0\" readability=\"1.5\"><span role=\"text\" readability=\"3\"><span class=\"bbc-m04vo2\">Pie de foto, <\/span><\/p>\n<p>La fuerza irlandesa de Naciones Unidas ha ayudado a civiles cuyas casas fueron alcanzadas por el fuego de artiller\u00edas. <\/p>\n<p><\/span><\/figcaption><\/figure>\n<div dir=\"ltr\" class=\"bbc-19j92fr ebmt73l0\" readability=\"8\">\n<p dir=\"ltr\" class=\"bbc-hhl7in e17g058b0\">Desde la base de la torre de vigilancia, el lugarteniente se\u00f1ala una casa rosada en la distancia. <\/p>\n<\/div>\n<div dir=\"ltr\" class=\"bbc-19j92fr ebmt73l0\" readability=\"8\">\n<p dir=\"ltr\" class=\"bbc-hhl7in e17g058b0\">\u00abEn ese edificio a solo 200 metros hab\u00eda una madre y un ni\u00f1o. <b>Su casa fue bombardeada y tuvieron que correr aqu\u00ed para refugiarse<\/b>. Les dimos soporte m\u00e9dico y los llevamos hacia una zona segura\u00bb.<\/p>\n<\/div>\n<div dir=\"ltr\" class=\"bbc-19j92fr ebmt73l0\" readability=\"9\">\n<p dir=\"ltr\" class=\"bbc-hhl7in e17g058b0\">Las tropas de Unifil han recuperado cuerpos de personas muertas en la lucha pero no pueden decir cu\u00e1ntos corresponden a militantes de Hezbol\u00e1 debido a la sensibilidad de su misi\u00f3n y la necesidad de mantenerse neutrales entre los contendientes b\u00e9licos. <\/p>\n<\/div>\n<div dir=\"ltr\" class=\"bbc-19j92fr ebmt73l0\" readability=\"10\">\n<p dir=\"ltr\" class=\"bbc-hhl7in e17g058b0\">\u00abNo es nuestro trabajo comentar sobre esto. Solo observamos, vigilamos y reportamos lo que vemos\u00bb, explica Cadogan. <\/p>\n<\/div>\n<p><h2 id=\"Una-misi\u00f3n-que-dura-d\u00e9cadas\" tabindex=\"-1\" class=\"bbc-1f03ibc eglt09e0\">Una misi\u00f3n que dura d\u00e9cadas<\/h2>\n<\/p>\n<div dir=\"ltr\" class=\"bbc-19j92fr ebmt73l0\" readability=\"11\">\n<p dir=\"ltr\" class=\"bbc-hhl7in e17g058b0\">Desde que Israel lanz\u00f3 su ofensiva en Gaza tras los ataques de Ham\u00e1s del 7 de octubre, <b>Hezbol\u00e1 organiz\u00f3 con regularidad ataques con drones y misiles desde el sur de L\u00edbano<\/b>. Algunos apuntaron a objetivos militares, otros se lanzaron indiscriminadamente hacia el norte de Israel. <\/p>\n<\/div>\n<div dir=\"ltr\" class=\"bbc-19j92fr ebmt73l0\" readability=\"9\">\n<p dir=\"ltr\" class=\"bbc-hhl7in e17g058b0\">Las fuerzas israel\u00edes responden con fuertes bombardeos a\u00e9reos y art\u00edller\u00eda. Debido a la contienda, <b>60.000 personas han sido desplazadas<\/b> de la zona fronteriza en el lado liban\u00e9s.<\/p>\n<\/div>\n<div dir=\"ltr\" class=\"bbc-19j92fr ebmt73l0\" readability=\"10\">\n<p dir=\"ltr\" class=\"bbc-hhl7in e17g058b0\">Grupos de vigilancia dicen que en la primera semana desde el ataque de Ham\u00e1s en octubre se reportaron alrededor de 70 incidentes cerca de la L\u00ednea Azul. Para mediados de noviembre, el n\u00famero aument\u00f3 a cerca de <b>250 ataques por semana<\/b>. <\/p>\n<\/div>\n<div dir=\"ltr\" class=\"bbc-19j92fr ebmt73l0\" readability=\"9\">\n<p dir=\"ltr\" class=\"bbc-hhl7in e17g058b0\"><b>La fuerza de paz irlandesa fue desplegada por primera vez en 1978 <\/b>despu\u00e9s de que Israel invadiera el sur de L\u00edbano en respuesta a ataques en la frontera protagonizados por la Organizaci\u00f3n para la Liberaci\u00f3n de Palestina. <\/p>\n<\/div>\n<div dir=\"ltr\" class=\"bbc-19j92fr ebmt73l0\" readability=\"10\">\n<p dir=\"ltr\" class=\"bbc-hhl7in e17g058b0\">Desde entonces, 48 soldados irlandeses murieron, algo presente en las mentes de los familiares de las tropas. <\/p>\n<\/div>\n<figure class=\"bbc-1qn0xuy\">\n<div class=\"bbc-sni631\"><picture><img src=\"http:\/\/nuevacordoba.net\/wp-content\/uploads\/2023\/11\/la-linea-azul-la-frontera-que-marca-el-frente-oculto-de-la-guerra-entre-israel-y-hamas-3.jpg\" srcset=\"http:\/\/nuevacordoba.net\/wp-content\/uploads\/2023\/11\/la-linea-azul-la-frontera-que-marca-el-frente-oculto-de-la-guerra-entre-israel-y-hamas-22.jpg 240w, http:\/\/nuevacordoba.net\/wp-content\/uploads\/2023\/11\/la-linea-azul-la-frontera-que-marca-el-frente-oculto-de-la-guerra-entre-israel-y-hamas-23.jpg 320w, http:\/\/nuevacordoba.net\/wp-content\/uploads\/2023\/11\/la-linea-azul-la-frontera-que-marca-el-frente-oculto-de-la-guerra-entre-israel-y-hamas-24.jpg 480w, http:\/\/nuevacordoba.net\/wp-content\/uploads\/2023\/11\/la-linea-azul-la-frontera-que-marca-el-frente-oculto-de-la-guerra-entre-israel-y-hamas-25.jpg 624w, http:\/\/nuevacordoba.net\/wp-content\/uploads\/2023\/11\/la-linea-azul-la-frontera-que-marca-el-frente-oculto-de-la-guerra-entre-israel-y-hamas-26.jpg 800w\" sizes=\"(min-width: 1008px) 760px, 100vw\" alt=\"El capit\u00e1n Tony Smith mira a la c\u00e1mara looks mientras se sienta en un veh\u00edculo armado. \" loading=\"lazy\" width=\"976\" height=\"549\" class=\"bbc-1uwua2r\"><\/picture><\/div><figcaption dir=\"ltr\" class=\"bbc-847f6b e6i104o0\" readability=\"1\"><span role=\"text\" readability=\"2\"><span class=\"bbc-m04vo2\">Pie de foto, <\/span><\/p>\n<p>El capit\u00e1n Tony Smith intenta calmar los miedos de su familia sobre su peligroso trabajo. <\/p>\n<p><\/span><\/figcaption><\/figure>\n<div dir=\"ltr\" class=\"bbc-19j92fr ebmt73l0\" readability=\"11\">\n<p dir=\"ltr\" class=\"bbc-hhl7in e17g058b0\">El capit\u00e1n Tony Smith, de 27 a\u00f1os y participando en su segunda misi\u00f3n, calma con frecuencia a sus familiares en Wexford, en el sureste de Irlanda. <\/p>\n<\/div>\n<div dir=\"ltr\" class=\"bbc-19j92fr ebmt73l0\" readability=\"12\">\n<p dir=\"ltr\" class=\"bbc-hhl7in e17g058b0\">\u00abPor supuesto que mi madre quiere que regrese a casa ahora, algo que har\u00e9 en su momento, pero ella sabe porqu\u00e9 estoy aqu\u00ed y, a pesar de sus preocupaciones, apoya lo que hago\u00bb.<\/p>\n<\/div>\n<p><h2 id=\"A\u00f1os-de-convivencia\" tabindex=\"-1\" class=\"bbc-1f03ibc eglt09e0\">A\u00f1os de convivencia<\/h2>\n<\/p>\n<div dir=\"ltr\" class=\"bbc-19j92fr ebmt73l0\" readability=\"11\">\n<p dir=\"ltr\" class=\"bbc-hhl7in e17g058b0\">Acerc\u00e1ndonos a la ciudad cercana de <b>Tibnine<\/b>, en la carretera se ven carteles del l\u00edder de Hezbol\u00e1, Sheikh Hassan Nasrallah, y de combatientes ca\u00eddos del grupo.<\/p>\n<\/div>\n<div dir=\"ltr\" class=\"bbc-19j92fr ebmt73l0\" readability=\"7\">\n<p dir=\"ltr\" class=\"bbc-hhl7in e17g058b0\">Est\u00e1 a 10 km de la L\u00ednea Azul y ha sido severamente da\u00f1ada en conflictos previos. <\/p>\n<\/div>\n<div dir=\"ltr\" class=\"bbc-19j92fr ebmt73l0\" readability=\"9\">\n<p dir=\"ltr\" class=\"bbc-hhl7in e17g058b0\">Como en la mayor\u00eda de ciudades y pueblos en el sur de L\u00edbano, <b>Hezbol\u00e1 tiene mucha influencia aqu\u00ed <\/b>y controla la seguridad de la zona.<\/p>\n<\/div>\n<figure class=\"bbc-1qn0xuy\">\n<div class=\"bbc-sni631\"><picture><img src=\"http:\/\/nuevacordoba.net\/wp-content\/uploads\/2023\/11\/la-linea-azul-la-frontera-que-marca-el-frente-oculto-de-la-guerra-entre-israel-y-hamas-4.jpg\" srcset=\"http:\/\/nuevacordoba.net\/wp-content\/uploads\/2023\/11\/la-linea-azul-la-frontera-que-marca-el-frente-oculto-de-la-guerra-entre-israel-y-hamas-27.jpg 240w, http:\/\/nuevacordoba.net\/wp-content\/uploads\/2023\/11\/la-linea-azul-la-frontera-que-marca-el-frente-oculto-de-la-guerra-entre-israel-y-hamas-28.jpg 320w, http:\/\/nuevacordoba.net\/wp-content\/uploads\/2023\/11\/la-linea-azul-la-frontera-que-marca-el-frente-oculto-de-la-guerra-entre-israel-y-hamas-29.jpg 480w, http:\/\/nuevacordoba.net\/wp-content\/uploads\/2023\/11\/la-linea-azul-la-frontera-que-marca-el-frente-oculto-de-la-guerra-entre-israel-y-hamas-30.jpg 624w, http:\/\/nuevacordoba.net\/wp-content\/uploads\/2023\/11\/la-linea-azul-la-frontera-que-marca-el-frente-oculto-de-la-guerra-entre-israel-y-hamas-31.jpg 800w\" sizes=\"(min-width: 1008px) 760px, 100vw\" alt=\"Bassima and Ali sat on a sofa\" loading=\"lazy\" width=\"976\" height=\"549\" class=\"bbc-1uwua2r\"><\/picture><\/div><figcaption dir=\"ltr\" class=\"bbc-847f6b e6i104o0\" readability=\"1\"><span role=\"text\" readability=\"2\"><span class=\"bbc-m04vo2\">Pie de foto, <\/span><\/p>\n<p>Bassima y Ali han vivido varias guerras en la frontera entre Israel y L\u00edbano. <\/p>\n<p><\/span><\/figcaption><\/figure>\n<div dir=\"ltr\" class=\"bbc-19j92fr ebmt73l0\" readability=\"11\">\n<p dir=\"ltr\" class=\"bbc-hhl7in e17g058b0\">Uno de los residentes locales, <b>Ali Saad<\/b>, de 57 a\u00f1os, dice que creci\u00f3 con los soldados irlandeses de Unifil. <\/p>\n<\/div>\n<div dir=\"ltr\" class=\"bbc-19j92fr ebmt73l0\" readability=\"9\">\n<p dir=\"ltr\" class=\"bbc-hhl7in e17g058b0\">Hablando con un reconocible acento irland\u00e9s, Ali dice que uno de los integrantes de la fuerza de paz le ayud\u00f3 con su ingl\u00e9s cuando era joven. <\/p>\n<\/div>\n<div dir=\"ltr\" class=\"bbc-19j92fr ebmt73l0\" readability=\"8\">\n<p dir=\"ltr\" class=\"bbc-hhl7in e17g058b0\">Ese soldado es uno de tres generaciones de la misma familia irlandesa que ha servido en las filas de Unifil. <\/p>\n<\/div>\n<div dir=\"ltr\" class=\"bbc-19j92fr ebmt73l0\" readability=\"7\">\n<p dir=\"ltr\" class=\"bbc-hhl7in e17g058b0\">Su padre tambi\u00e9n particip\u00f3 hace varias d\u00e9cadas y su hijo est\u00e1 actualmente en L\u00edbano. <\/p>\n<\/div>\n<div dir=\"ltr\" class=\"bbc-19j92fr ebmt73l0\" readability=\"8\">\n<p dir=\"ltr\" class=\"bbc-hhl7in e17g058b0\">Ali incluso les da cr\u00e9dito a las tropas irlandesas por haberle salvado la vida cuando lo recogieron de la escuela y lo llevaron a uno de sus b\u00fankeres durante un ataque a\u00e9reo.<\/p>\n<\/div>\n<div dir=\"ltr\" class=\"bbc-19j92fr ebmt73l0\" readability=\"12\">\n<p dir=\"ltr\" class=\"bbc-hhl7in e17g058b0\">Desde entonces, ha trabajado como traductor para Unifil y un grupo de soldados irlandeses incluso asisti\u00f3 a su boda con su esposa, Bassima, quien tambi\u00e9n ayuda a las fuerzas de paz con los servicios ling\u00fc\u00edsticos.<\/p>\n<\/div>\n<figure class=\"bbc-1qn0xuy\" readability=\"1.5\">\n<div class=\"bbc-sni631\" readability=\"8\"><picture><img src=\"http:\/\/nuevacordoba.net\/wp-content\/uploads\/2023\/11\/la-linea-azul-la-frontera-que-marca-el-frente-oculto-de-la-guerra-entre-israel-y-hamas-5.jpg\" srcset=\"http:\/\/nuevacordoba.net\/wp-content\/uploads\/2023\/11\/la-linea-azul-la-frontera-que-marca-el-frente-oculto-de-la-guerra-entre-israel-y-hamas-32.jpg 240w, http:\/\/nuevacordoba.net\/wp-content\/uploads\/2023\/11\/la-linea-azul-la-frontera-que-marca-el-frente-oculto-de-la-guerra-entre-israel-y-hamas-33.jpg 320w, http:\/\/nuevacordoba.net\/wp-content\/uploads\/2023\/11\/la-linea-azul-la-frontera-que-marca-el-frente-oculto-de-la-guerra-entre-israel-y-hamas-34.jpg 480w, http:\/\/nuevacordoba.net\/wp-content\/uploads\/2023\/11\/la-linea-azul-la-frontera-que-marca-el-frente-oculto-de-la-guerra-entre-israel-y-hamas-35.jpg 624w, http:\/\/nuevacordoba.net\/wp-content\/uploads\/2023\/11\/la-linea-azul-la-frontera-que-marca-el-frente-oculto-de-la-guerra-entre-israel-y-hamas-36.jpg 800w\" sizes=\"(min-width: 1008px) 760px, 100vw\" alt=\"Fuerzas irlandesas de Unifil asistieron a la boda de Ali y Bassima. \" loading=\"lazy\" width=\"976\" height=\"549\" class=\"bbc-1uwua2r\"><\/picture>\n<p class=\"bbc-kaivkm\" role=\"text\"><span class=\"bbc-m04vo2\">Fuente de la imagen, <\/span><span lang=\"en-GB\">Familia Saad.<\/span><\/p>\n<\/div><figcaption dir=\"ltr\" class=\"bbc-847f6b e6i104o0\" readability=\"1\"><span role=\"text\" readability=\"2\"><span class=\"bbc-m04vo2\">Pie de foto, <\/span><\/p>\n<p>Fuerzas irlandesas de Unifil asistieron a la boda de Ali y Bassima. <\/p>\n<p><\/span><\/figcaption><\/figure>\n<div dir=\"ltr\" class=\"bbc-19j92fr ebmt73l0\" readability=\"9\">\n<p dir=\"ltr\" class=\"bbc-hhl7in e17g058b0\">Pero si bien Ali valora la presencia de las tropas, le entristece que el conflicto que vigilan se haya prolongado por tanto tiempo.<\/p>\n<\/div>\n<div dir=\"ltr\" class=\"bbc-19j92fr ebmt73l0\" readability=\"9\">\n<p dir=\"ltr\" class=\"bbc-hhl7in e17g058b0\">\u00abPara ser honesto, nunca pensamos que esta misi\u00f3n durar\u00eda m\u00e1s de 44 a\u00f1os\u00bb, dice.<\/p>\n<\/div>\n<p><h2 id=\"El-temor-a-la-escalada\" tabindex=\"-1\" class=\"bbc-1f03ibc eglt09e0\">El temor a la escalada<\/h2>\n<\/p>\n<div dir=\"ltr\" class=\"bbc-19j92fr ebmt73l0\" readability=\"10\">\n<p dir=\"ltr\" class=\"bbc-hhl7in e17g058b0\">A Bassima, los combates actuales le han tra\u00eddo dolorosos recuerdos de conflictos anteriores, como <b>la guerra entre Israel y Hezbol\u00e1 de 2006.<\/b><\/p>\n<\/div>\n<div dir=\"ltr\" class=\"bbc-19j92fr ebmt73l0\" readability=\"9\">\n<p dir=\"ltr\" class=\"bbc-hhl7in e17g058b0\">Bassima cree que crecer rodeada de conflictos ha afectado a su hijo, que ahora tiene 23 a\u00f1os. Todav\u00eda se pone nervioso cuando los helic\u00f3pteros de la Unifil sobrevuelan su hogar.<\/p>\n<\/div>\n<div dir=\"ltr\" class=\"bbc-19j92fr ebmt73l0\" readability=\"8\">\n<p dir=\"ltr\" class=\"bbc-hhl7in e17g058b0\">\u00abNo podemos volver a donde est\u00e1bamos\u00bb, a\u00f1ade. <\/p>\n<\/div>\n<div dir=\"ltr\" class=\"bbc-19j92fr ebmt73l0\" readability=\"8\">\n<p dir=\"ltr\" class=\"bbc-hhl7in e17g058b0\">\u00abEstamos desperdiciando nuestras vidas de un conflicto a otro. Simplemente no puedo soportar otra guerra\u00bb.<\/p>\n<\/div>\n<figure class=\"bbc-1qn0xuy\">\n<div class=\"bbc-sni631\"><picture><img src=\"http:\/\/nuevacordoba.net\/wp-content\/uploads\/2023\/11\/la-linea-azul-la-frontera-que-marca-el-frente-oculto-de-la-guerra-entre-israel-y-hamas-6.jpg\" srcset=\"http:\/\/nuevacordoba.net\/wp-content\/uploads\/2023\/11\/la-linea-azul-la-frontera-que-marca-el-frente-oculto-de-la-guerra-entre-israel-y-hamas-37.jpg 240w, http:\/\/nuevacordoba.net\/wp-content\/uploads\/2023\/11\/la-linea-azul-la-frontera-que-marca-el-frente-oculto-de-la-guerra-entre-israel-y-hamas-38.jpg 320w, http:\/\/nuevacordoba.net\/wp-content\/uploads\/2023\/11\/la-linea-azul-la-frontera-que-marca-el-frente-oculto-de-la-guerra-entre-israel-y-hamas-39.jpg 480w, http:\/\/nuevacordoba.net\/wp-content\/uploads\/2023\/11\/la-linea-azul-la-frontera-que-marca-el-frente-oculto-de-la-guerra-entre-israel-y-hamas-40.jpg 624w, http:\/\/nuevacordoba.net\/wp-content\/uploads\/2023\/11\/la-linea-azul-la-frontera-que-marca-el-frente-oculto-de-la-guerra-entre-israel-y-hamas-41.jpg 800w\" sizes=\"(min-width: 1008px) 760px, 100vw\" alt=\"El teniente coronel Cathal Keohane.\" loading=\"lazy\" width=\"976\" height=\"549\" class=\"bbc-1uwua2r\"><\/picture><\/div><figcaption dir=\"ltr\" class=\"bbc-847f6b e6i104o0\" readability=\"1\"><span role=\"text\" readability=\"2\"><span class=\"bbc-m04vo2\">Pie de foto, <\/span><\/p>\n<p>El teniente coronel Cathal Keohane teme que la crisis empeore en esta regi\u00f3n. <\/p>\n<p><\/span><\/figcaption><\/figure>\n<div dir=\"ltr\" class=\"bbc-19j92fr ebmt73l0\" readability=\"11\">\n<p dir=\"ltr\" class=\"bbc-hhl7in e17g058b0\">De vuelta en la base, el comandante de la Unifil, el teniente coronel Cathal Keohane, est\u00e1 preocupado porque el nivel de violencia en la zona ha ido aumentando.<\/p>\n<\/div>\n<div dir=\"ltr\" class=\"bbc-19j92fr ebmt73l0\" readability=\"11\">\n<p dir=\"ltr\" class=\"bbc-hhl7in e17g058b0\">\u00ab<b>Hemos visto una expansi\u00f3n y m\u00e1s ataques en el interior del L\u00edbano<\/b>, hemos visto el uso de una gama m\u00e1s amplia de armas\u00bb, dice, preocupado de que la situaci\u00f3n pueda empeorar.<\/p>\n<\/div>\n<div dir=\"ltr\" class=\"bbc-19j92fr ebmt73l0\" readability=\"9\">\n<p dir=\"ltr\" class=\"bbc-hhl7in e17g058b0\">\u00abYa sea que surja deliberadamente de un lado o que algunas circunstancias inadvertidas precipiten el estallido de una guerra total, eso es una seria preocupaci\u00f3n para nosotros\u00bb.<\/p>\n<\/div>\n<div dir=\"ltr\" class=\"bbc-19j92fr ebmt73l0\" readability=\"11\">\n<p dir=\"ltr\" class=\"bbc-hhl7in e17g058b0\">Espera que el alto el fuego en Gaza conduzca a un alivio de las tensiones en torno a la L\u00ednea Azul, pero dice que las personas desplazadas podr\u00edan tardar alg\u00fan tiempo en regresar a sus hogares, incluso si cesan los combates fronterizos. <\/p>\n<\/div>\n<div dir=\"ltr\" class=\"bbc-19j92fr ebmt73l0\" readability=\"8\">\n<p dir=\"ltr\" class=\"bbc-hhl7in e17g058b0\"><i class=\"bbc-h1y5j7 eih42320\">Recuerda que puedes recibir notificaciones de BBC Mundo. Descarga la nueva versi\u00f3n de nuestra app y act\u00edvalas para no perderte nuestro mejor contenido.<\/i><\/p>\n<\/div>\n","protected":false},"excerpt":{"rendered":"<p>Pie de foto, Fuerzas de paz irlandesas llevan d\u00e9cadas monitoreando la tensa situaci\u00f3n fronteriza entre Israel y L\u00edbano. Article information Author, Nafiseh Kohnavard Role, Corresponsal en Medio Oriente, servicio persa de la BBC 1 hora \u00abSi escuchas una alarma sonar significa que tienes que correr al b\u00fanker m\u00e1s cercano\u00bb, dice el capit\u00e1n A\u00f3dhan Mc Guinness [&hellip;]<\/p>\n","protected":false},"author":1,"featured_media":39253,"comment_status":"closed","ping_status":"closed","sticky":false,"template":"","format":"standard","meta":[],"categories":[13],"tags":[],"_links":{"self":[{"href":"http:\/\/nuevacordoba.net\/index.php\/wp-json\/wp\/v2\/posts\/39252"}],"collection":[{"href":"http:\/\/nuevacordoba.net\/index.php\/wp-json\/wp\/v2\/posts"}],"about":[{"href":"http:\/\/nuevacordoba.net\/index.php\/wp-json\/wp\/v2\/types\/post"}],"author":[{"embeddable":true,"href":"http:\/\/nuevacordoba.net\/index.php\/wp-json\/wp\/v2\/users\/1"}],"replies":[{"embeddable":true,"href":"http:\/\/nuevacordoba.net\/index.php\/wp-json\/wp\/v2\/comments?post=39252"}],"version-history":[{"count":0,"href":"http:\/\/nuevacordoba.net\/index.php\/wp-json\/wp\/v2\/posts\/39252\/revisions"}],"wp:featuredmedia":[{"embeddable":true,"href":"http:\/\/nuevacordoba.net\/index.php\/wp-json\/wp\/v2\/media\/39253"}],"wp:attachment":[{"href":"http:\/\/nuevacordoba.net\/index.php\/wp-json\/wp\/v2\/media?parent=39252"}],"wp:term":[{"taxonomy":"category","embeddable":true,"href":"http:\/\/nuevacordoba.net\/index.php\/wp-json\/wp\/v2\/categories?post=39252"},{"taxonomy":"post_tag","embeddable":true,"href":"http:\/\/nuevacordoba.net\/index.php\/wp-json\/wp\/v2\/tags?post=39252"}],"curies":[{"name":"wp","href":"https:\/\/api.w.org\/{rel}","templated":true}]}}