{"id":39340,"date":"2023-11-30T13:15:31","date_gmt":"2023-11-30T13:15:31","guid":{"rendered":"http:\/\/nuevacordoba.net\/index.php\/2023\/11\/30\/se-presento-la-cartelera-rottemberg-de-la-temporada-marplatense-con-un-evento-en-canitas\/"},"modified":"2023-11-30T13:15:31","modified_gmt":"2023-11-30T13:15:31","slug":"se-presento-la-cartelera-rottemberg-de-la-temporada-marplatense-con-un-evento-en-canitas","status":"publish","type":"post","link":"http:\/\/nuevacordoba.net\/index.php\/2023\/11\/30\/se-presento-la-cartelera-rottemberg-de-la-temporada-marplatense-con-un-evento-en-canitas\/","title":{"rendered":"Se present\u00f3 la Cartelera Rottemberg de la temporada marplatense con un evento en Ca\u00f1itas"},"content":{"rendered":"<figure class=\"mb-3\"><img loading=\"lazy\" data-src=\"http:\/\/nuevacordoba.net\/wp-content\/uploads\/2023\/11\/se-presento-la-cartelera-rottemberg-de-la-temporada-marplatense-con-un-evento-en-canitas.jpg\" src=\"https:\/\/www.telam.com.ar\/assets\/img\/not_image.png\" class=\" lazy \" width=\"100%\" height=\"100%\" alt=\"El empresario teatral Carlos Rottemberg Foto Cris Sille\"><figcaption> El empresario teatral Carlos Rottemberg. Foto: Cris Sille <\/figcaption><\/figure>\n<p>Elencos capitalinos que har\u00e1n temporada este verano en Mar del Plata, algunos con obras que son \u00e9xitos en calle Corrientes, otros con estrenos a cuestas, presentaron parte importante de la cartelera de la Ciudad Feliz en el verano teatral que arranca el mes pr\u00f3ximo y se extiende hasta fines de febrero.<\/p>\n<p>Ana Mar\u00eda Picchio, Leonor Benedetto, Emilia Mazer, Mauricio Dayub, Jean Pierre Noher, Luciano Castro, Mercedes Funes, Luciano C\u00e1ceres y Jorgelina Aruzzi, entre muchos, se dieron cita en un restaurante de Ca\u00f1itas para posar para los fot\u00f3grafos, dar notas a medios televisivos, ofrecer peque\u00f1os \u00abspeechs\u00bb y dejar formalmente anunciada la temporada que tendr\u00e1 lugar en los teatros Am\u00e9rica, Atlas, Bristol, Lido, Mar del Plata, Neptuno con obras del productor Carlos Rottemberg.<\/p>\n<p>Cuatro j\u00f3venes de la Guardia del Mar de la Ciudad Feliz, vestidas con uniformes salidos de la tapa del disco Sargent Peppers de Los Beatles, recib\u00edan al p\u00fablico y terminaban de ponerle el color al evento que anunciaba diez obras que ir\u00e1n a la temporada en que la ciudad festeja sus 150 a\u00f1os y que, dijo Rottemberg, \u00ab<strong>tambi\u00e9n se festejan 40 a\u00f1os ininterrumpidos de temporadas teatrales en Mar del Plata en democracia\u00bb<\/strong>, en una frase de feliz sinton\u00eda con el momento actual.<\/p>\n<figure class=\"mb-3\"><img loading=\"lazy\" data-src=\"http:\/\/nuevacordoba.net\/wp-content\/uploads\/2023\/11\/se-presento-la-cartelera-rottemberg-de-la-temporada-marplatense-con-un-evento-en-canitas-1.jpg\" src=\"https:\/\/www.telam.com.ar\/assets\/img\/not_image.png\" class=\" lazy \" width=\"100%\" height=\"100%\" alt=\"Leonor Benedetto Ana Mara Picchio Emiia Mazer Ileana Calabr y Mirta Won Foto Cris Sille\"><figcaption> Leonor Benedetto, Ana Mar\u00eda Picchio, Emiia Mazer, Ileana Calabr\u00f3 y Mirta Won. Foto: Cris Sille <\/figcaption><\/figure>\n<p>\u00abArmamos una progrmaci\u00f3n con <strong>10 espect\u00e1culos<\/strong> muy diferentes entre s\u00ed\u00bb, afirm\u00f3 Rottemberg para definir la temporada que comienza a fines de diciembre y que ir\u00e1 muriendo a fines de febrero, se extender\u00e1 a comienzos de marzo o terminar\u00e1 antes, seg\u00fan los dict\u00e1menes del \u00e9xito y de la situaci\u00f3n econ\u00f3mica de los verneantes.<\/p>\n<p>El empresario, que <strong>comenz\u00f3 en la actividad teatral en 1974<\/strong> en Buenos Aires y que desde <strong>hace 46 a\u00f1os programa y produce teatro para la temporarda marplatense,<\/strong> destac\u00f3: \u00abSeguimos apostando, obviamente por Argentina y vamos a seguir trabajando en lo que sabemos hacer, que tiene que ver con las artes esc\u00e9nicas, y defenderlas siempre\u00bb.<\/p>\n<figure class=\"mb-3\"><img loading=\"lazy\" data-src=\"http:\/\/nuevacordoba.net\/wp-content\/uploads\/2023\/11\/se-presento-la-cartelera-rottemberg-de-la-temporada-marplatense-con-un-evento-en-canitas-2.jpg\" src=\"https:\/\/www.telam.com.ar\/assets\/img\/not_image.png\" class=\" lazy \" width=\"100%\" height=\"100%\" alt=\"Muscari presenta Perdida Mente Foto Cris Sille\"><figcaption> Muscari presenta \u00abPerdida Mente\u00bb. Foto: Cris Sille <\/figcaption><\/figure>\n<p>Recordando su primera temporada en Mar del Plata en democracia como productor cont\u00f3 que decidi\u00f3 promocioar la obra \u00abSegundo tiempo\u00bb de Ricardo Halac, con una foto de sus dos protagonistas (Leonor Benedetto y Arnaldo Andr\u00e9) desnudos.<\/p>\n<p>Rottemberg asegur\u00f3 que la foto no mostraba nada prohibido, \u00abno se ve\u00eda nada\u00bb, dijo y despu\u00e9s agreg\u00f3: \u00abera muy art\u00edstica\u00bb. Benedetto (presente en el evento por su participaci\u00f3n en \u00abPerdida Mente\u00bb de Muscari) lo corrigi\u00f3: \u00abla foto era muy cuidada\u00bb, y luego Rottemberg cont\u00f3 que por esa foto \u00abtodos terminamos casi presos\u00bb y que tuvieron que afrontar una ardua demanda penal \u00abpor una abogado que se levant\u00f3 un d\u00eda y se olvi\u00f3 que ya viv\u00edamos en democracia\u00bb.<\/p>\n<p>\u00abLo bueno de hacer temporada en Mar del Plata -cont\u00f3 Aruzzi en otro lugar del evento, bajo el sol de las cuatro de la tarde y mientras saludaba gente y miraba hacia los costados- es que va gente de muchos lugares y el humor, si bien compartimos un humor nacional, se divide en regionales y entonces hay que tener en cuenta que cada p\u00fablico es un mar diferente en el que te met\u00e9s\u00bb.<\/p>\n<figure class=\"mb-3\"><img loading=\"lazy\" data-src=\"http:\/\/nuevacordoba.net\/wp-content\/uploads\/2023\/11\/se-presento-la-cartelera-rottemberg-de-la-temporada-marplatense-con-un-evento-en-canitas-3.jpg\" src=\"https:\/\/www.telam.com.ar\/assets\/img\/not_image.png\" class=\" lazy \" width=\"100%\" height=\"100%\" alt=\"Mauricio Dayub con El equilibrista y El amateur Foto Cris Sille\"><figcaption> Mauricio Dayub con \u00abEl equilibrista\u00bb y \u00abEl amateur\u00bb. Foto: Cris Sille <\/figcaption><\/figure>\n<p>Aruzzi junto con Luciano Castro, Mercedes Funes y Luciano C\u00e1ceres son los protagonistas de <strong>\u00abEl beso\u00bb<\/strong>, \u00abuna comedia de parejas de Nelson Valente (dirigida por \u00e9l) donde cada personaje cuenta sus miserias y expone sus distintas caras hasta que se produce un beso que divide a las parejas en dos\u00bb, cont\u00f3 Castro.<\/p>\n<p>\u00abLo que se pregunta la obra es si fracasamos en las parejas por nuestro propio comportamiento o por la otra persona?\u00bb, asegur\u00f3 Aruzzi.<\/p>\n<p>\u00abLo bueno que tiene la obra -agreg\u00f3 la actriz de \u00abEducando a Nina\u00bb, \u00abCien d\u00edas para enemorarse\u00bb y que hace poco remplaz\u00f3 a Erica Rivas en la puesta teatral de \u00abCasados con hijos\u00bb- es que es una comedia argentina que nos identifica y eso para m\u00ed suma un mont\u00f3n al estilo de humor que manejamos nosotros\u00bb.<\/p>\n<figure class=\"mb-3\"><img loading=\"lazy\" data-src=\"http:\/\/nuevacordoba.net\/wp-content\/uploads\/2023\/11\/se-presento-la-cartelera-rottemberg-de-la-temporada-marplatense-con-un-evento-en-canitas-4.jpg\" src=\"https:\/\/www.telam.com.ar\/assets\/img\/not_image.png\" class=\" lazy \" width=\"100%\" height=\"100%\" alt=\"Los archiconocidos marplatenses Eugenio y Culini Weinbaum Foto Cris Sille\"><figcaption> Los archiconocidos marplatenses Eugenio y Culini Weinbaum. Foto: Cris Sille <\/figcaption><\/figure>\n<p><strong>\u00abEl beso\u00bb<\/strong>, que ir\u00e1 de martes a domingos en el <strong>Teatro Lido<\/strong> y que imagina su desembarco en Buenos Aires despu\u00e9s de debutar en Mar del Plata; <strong>\u00abDos piratas y un tesoro\u00bb<\/strong>, un espect\u00e1culo familiar de aventuras y humor a cargo de los archiconocidos marplatenses Eugenio y Culini Weinbaum que incursionan por primera vez en las tablas en el teatro Am\u00e9rica; y <strong>\u00abPerdida Mente\u00bb<\/strong>, la comedia dram\u00e1tica de Jos\u00e9 Mar\u00eda Muscari que desembarca en el teatro Atlas con Leonor Benedetto, Ana Mar\u00eda Picchio Emiia Mazer, Ileana Calabr\u00f3 y Mirta Won, son algunas de las obras de la \u00abCartelera Rottemberg\u00bb, como se la comenz\u00f3 a llamar hoy.<\/p>\n<p>\u00abA m\u00ed no me gusta hablar en t\u00e9rminos de entretenimiento -asegur\u00f3 Benedetto refiri\u00e9ndose a \u00ab<strong>Perdida Mente\u00bb<\/strong>&#8211; , soy muy pretenciosa, prefieron optar, cada vez que salgo para hacer la funci\u00f3n, por elegir hacer algo que despierte la conciencia y el alma de la gente y de los que vienen a vernos\u00bb.<\/p>\n<p>Se suman a las propuestas de los teatros que gerenciar\u00e1 Rottemberg <strong>dos \u00e9xitos de Mauricio Dayub<\/strong>: el unipersonal \u00ab<strong>El equilibrista\u00bb ,<\/strong> dirigio por C\u00e9sar Brie, y <strong>El amateur<\/strong>\u00ab, donde comparte cartel con Gustavo Luppi, y que ir\u00e1n ambos los lunes al <strong>Teatro Atlas.<\/strong><\/p>\n<figure class=\"mb-3\"><img loading=\"lazy\" data-src=\"http:\/\/nuevacordoba.net\/wp-content\/uploads\/2023\/11\/se-presento-la-cartelera-rottemberg-de-la-temporada-marplatense-con-un-evento-en-canitas-5.jpg\" src=\"https:\/\/www.telam.com.ar\/assets\/img\/not_image.png\" class=\" lazy \" width=\"100%\" height=\"100%\" alt=\"Luciano Castro Mercedes Funes Luciano Cceres y Jorgelina Aruzzi Foto Cris Sille\"><figcaption> Luciano Castro, Mercedes Funes, Luciano C\u00e1ceres y Jorgelina Aruzzi. Foto: Cris Sille <\/figcaption><\/figure>\n<p><strong>En el Bristol <\/strong>se ver\u00e1n \u00ab<strong>La \u00faltima sesi\u00f3n de Freud\u00bb<\/strong>, drama dirigido por Daniel Veronese e interpretado por <strong>Luis Mach\u00edn y Javier Lorenzo,<\/strong> que viene de recibir los ACE a mejor interpretaci\u00f3n (Mach\u00edn) y mejor direcci\u00f3n; y \u00abEl cazador y el buen Nazi\u00bb (ACE a mejor obra de teatro alternativo), el drama que narra el encuentro entre Albert Speed y Simon Wisenthal, escrito por Mario Diamentt y dirigido por Daniel Marcove.<\/p>\n<p>\u00abDos polos, dos tipos completamente difertentes\u00bb, asegur\u00f3 Ernesto Caludio, uno de sus dos protagonistas; mientras que Jean Pierre Noher destac\u00f3 que \u00abes una obra incre\u00edblemente actual, habla de negacionismo y de antisimetismo\u00bb.<\/p>\n<p>\u00abLo que nos encanta de Mar del Plata es que con esta obra nunca tuvimos la posibilidad de encontrarnos con la gente del interior y a Mar del Plata va todo el pa\u00eds y eso es buen\u00edsimo\u00bb, agreg\u00f3.<\/p>\n<p><strong>El Bossi Live Comedy<\/strong> en el <strong>Teatro Mar del Plata<\/strong> y \u00ab<strong>La Jenny, \u00bfD\u00f3nde est\u00e1 Juan Carlos)<\/strong> del <strong>youtuber Wall Iturriaga<\/strong> en el <strong>teatro Neputno<\/strong>, completan las ofertas de Rottenberg que estar\u00e1n en Mar del Plata este verano.<\/p>\n<figure class=\"mb-3\"><img loading=\"lazy\" data-src=\"http:\/\/nuevacordoba.net\/wp-content\/uploads\/2023\/11\/se-presento-la-cartelera-rottemberg-de-la-temporada-marplatense-con-un-evento-en-canitas-6.jpg\" src=\"https:\/\/www.telam.com.ar\/assets\/img\/not_image.png\" class=\" lazy \" width=\"100%\" height=\"100%\" alt=\"Jean Pierre Noher y Ernesto Claudio Foto Cris Sille\"><figcaption> Jean Pierre Noher y Ernesto Claudio. Foto: Cris Sille <\/figcaption><\/figure>\n","protected":false},"excerpt":{"rendered":"<p>El empresario teatral Carlos Rottemberg. Foto: Cris Sille Elencos capitalinos que har\u00e1n temporada este verano en Mar del Plata, algunos con obras que son \u00e9xitos en calle Corrientes, otros con estrenos a cuestas, presentaron parte importante de la cartelera de la Ciudad Feliz en el verano teatral que arranca el mes pr\u00f3ximo y se extiende [&hellip;]<\/p>\n","protected":false},"author":1,"featured_media":39341,"comment_status":"closed","ping_status":"closed","sticky":false,"template":"","format":"standard","meta":[],"categories":[9],"tags":[],"_links":{"self":[{"href":"http:\/\/nuevacordoba.net\/index.php\/wp-json\/wp\/v2\/posts\/39340"}],"collection":[{"href":"http:\/\/nuevacordoba.net\/index.php\/wp-json\/wp\/v2\/posts"}],"about":[{"href":"http:\/\/nuevacordoba.net\/index.php\/wp-json\/wp\/v2\/types\/post"}],"author":[{"embeddable":true,"href":"http:\/\/nuevacordoba.net\/index.php\/wp-json\/wp\/v2\/users\/1"}],"replies":[{"embeddable":true,"href":"http:\/\/nuevacordoba.net\/index.php\/wp-json\/wp\/v2\/comments?post=39340"}],"version-history":[{"count":0,"href":"http:\/\/nuevacordoba.net\/index.php\/wp-json\/wp\/v2\/posts\/39340\/revisions"}],"wp:featuredmedia":[{"embeddable":true,"href":"http:\/\/nuevacordoba.net\/index.php\/wp-json\/wp\/v2\/media\/39341"}],"wp:attachment":[{"href":"http:\/\/nuevacordoba.net\/index.php\/wp-json\/wp\/v2\/media?parent=39340"}],"wp:term":[{"taxonomy":"category","embeddable":true,"href":"http:\/\/nuevacordoba.net\/index.php\/wp-json\/wp\/v2\/categories?post=39340"},{"taxonomy":"post_tag","embeddable":true,"href":"http:\/\/nuevacordoba.net\/index.php\/wp-json\/wp\/v2\/tags?post=39340"}],"curies":[{"name":"wp","href":"https:\/\/api.w.org\/{rel}","templated":true}]}}