{"id":39354,"date":"2023-11-30T14:45:40","date_gmt":"2023-11-30T14:45:40","guid":{"rendered":"https:\/\/www.bbc.com\/mundo\/articles\/clep44q4l16o"},"modified":"2023-11-30T14:45:40","modified_gmt":"2023-11-30T14:45:40","slug":"los-extranjeros-que-eligen-vivir-en-argentina-a-pesar-de-la-crisis","status":"publish","type":"post","link":"http:\/\/nuevacordoba.net\/index.php\/2023\/11\/30\/los-extranjeros-que-eligen-vivir-en-argentina-a-pesar-de-la-crisis\/","title":{"rendered":"Los extranjeros que eligen vivir en Argentina a pesar de la crisis"},"content":{"rendered":"<figure class=\"bbc-1qn0xuy\" readability=\"1.5\">\n<div class=\"bbc-sni631\" readability=\"8\"><picture><img loading=\"lazy\" src=\"http:\/\/nuevacordoba.net\/wp-content\/uploads\/2023\/11\/los-extranjeros-que-eligen-vivir-en-argentina-a-pesar-de-la-crisis.jpg\" srcset=\"http:\/\/nuevacordoba.net\/wp-content\/uploads\/2023\/11\/los-extranjeros-que-eligen-vivir-en-argentina-a-pesar-de-la-crisis-9.jpg 240w, http:\/\/nuevacordoba.net\/wp-content\/uploads\/2023\/11\/los-extranjeros-que-eligen-vivir-en-argentina-a-pesar-de-la-crisis-10.jpg 320w, http:\/\/nuevacordoba.net\/wp-content\/uploads\/2023\/11\/los-extranjeros-que-eligen-vivir-en-argentina-a-pesar-de-la-crisis-11.jpg 480w, http:\/\/nuevacordoba.net\/wp-content\/uploads\/2023\/11\/los-extranjeros-que-eligen-vivir-en-argentina-a-pesar-de-la-crisis-12.jpg 624w, http:\/\/nuevacordoba.net\/wp-content\/uploads\/2023\/11\/los-extranjeros-que-eligen-vivir-en-argentina-a-pesar-de-la-crisis-13.jpg 800w\" sizes=\"(min-width: 1008px) 760px, 100vw\" alt=\"Isla Montalier en el monumento La Floralis Gen\u00e9rica, un \u00edcono de Buenos Aires. \" width=\"1280\" height=\"720\" class=\"bbc-1uwua2r\"><\/picture>\n<p class=\"bbc-kaivkm\" role=\"text\"><span class=\"bbc-m04vo2\">Fuente de la imagen, <\/span><span lang=\"en-GB\">Cortes\u00eda<\/span><\/p>\n<\/div><figcaption dir=\"ltr\" class=\"bbc-847f6b e6i104o0\" readability=\"1\"><span role=\"text\" readability=\"2\"><span class=\"bbc-m04vo2\">Pie de foto, <\/span><\/p>\n<p>El acceso a la educaci\u00f3n es lo que llev\u00f3 a la brasile\u00f1a Isla Montalier a vivir en Argentina. <\/p>\n<p><\/span><\/figcaption><\/figure>\n<section role=\"region\" aria-labelledby=\"article-byline\" class=\"bbc-1vjaf6b\"><strong id=\"article-byline\" aria-hidden=\"true\" class=\"bbc-m04vo2\">Article information<\/strong><\/p>\n<ul role=\"list\" class=\"bbc-1rvtlej\">\n<li><span role=\"text\"><span class=\"bbc-m04vo2\">Author, <\/span><span class=\"bbc-1ypcc2\">Ayel\u00e9n Oliva<\/span><\/span><\/li>\n<li><span role=\"text\"><span class=\"bbc-m04vo2\">Role, <!-- --> <\/span><span class=\"bbc-1y5sx98\">BBC News Mundo<\/span><\/span><\/li>\n<li class=\"bbc-v8pmqw\">\n<p><time datetime=\"2023-11-30\" class=\"bbc-1dafq0j e1mklfmt0\">2 horas<\/time><\/p>\n<\/li>\n<\/ul>\n<\/section>\n<div dir=\"ltr\" class=\"bbc-19j92fr ebmt73l0\" readability=\"9\">\n<p dir=\"ltr\" class=\"bbc-hhl7in e17g058b0\"><b>No son n\u00f3madas digitales ni llegaron a Argentina atra\u00eddos por el tipo de cambio. Por el contrario, padecen al igual que los argentinos la crisis econ\u00f3mica que vive el pa\u00eds.<\/b><\/p>\n<\/div>\n<div dir=\"ltr\" class=\"bbc-19j92fr ebmt73l0\" readability=\"8\">\n<p dir=\"ltr\" class=\"bbc-hhl7in e17g058b0\">Muchos extranjeros eligen quedarse en Argentina a pesar de los problemas que desde hace varios a\u00f1os atraviesa un pa\u00eds con m\u00e1s de 140% de inflaci\u00f3n. <\/p>\n<\/div>\n<div dir=\"ltr\" class=\"bbc-19j92fr ebmt73l0\" readability=\"14\">\n<p dir=\"ltr\" class=\"bbc-hhl7in e17g058b0\"><b>\u00abArgentina est\u00e1 riqu\u00edsimo en muchos sentidos\u00bb<\/b>, dice Paige Nichols, de 36 a\u00f1os y que lleg\u00f3 a Buenos Aires desde Washington hace 15 a\u00f1os. Para esta asesora en contenidos digitales, Argentina es un pa\u00eds que puede \u00abvolverte loco\u00bb, pero eso no quita lo bueno de vivir en una <b>sociedad \u00abdin\u00e1mica y creativa\u00bb.<\/b><\/p>\n<\/div>\n<div dir=\"ltr\" class=\"bbc-19j92fr ebmt73l0\" readability=\"9\">\n<p dir=\"ltr\" class=\"bbc-hhl7in e17g058b0\">De las m\u00e1s de 46 millones de personas que viven en Argentina <b>m\u00e1s de tres millones son extranjeros con residencia argentina,<\/b> seg\u00fan los \u00faltimos datos del Registro Nacional de las Personas.<\/p>\n<\/div>\n<div dir=\"ltr\" class=\"bbc-19j92fr ebmt73l0\" readability=\"12\">\n<p dir=\"ltr\" class=\"bbc-hhl7in e17g058b0\">Esa cifra, que representa un <b>6,5% de la poblaci\u00f3n del pa\u00eds<\/b>, no incluye a los inmigrantes que no est\u00e1n registrados, por lo que se estima que el n\u00famero puede llegar a ser mucho m\u00e1s alto. <\/p>\n<\/div>\n<figure class=\"bbc-1qn0xuy\" readability=\"1.5\">\n<div class=\"bbc-sni631\" readability=\"8\"><picture><img src=\"http:\/\/nuevacordoba.net\/wp-content\/uploads\/2023\/11\/los-extranjeros-que-eligen-vivir-en-argentina-a-pesar-de-la-crisis-1.jpg\" srcset=\"http:\/\/nuevacordoba.net\/wp-content\/uploads\/2023\/11\/los-extranjeros-que-eligen-vivir-en-argentina-a-pesar-de-la-crisis-14.jpg 240w, http:\/\/nuevacordoba.net\/wp-content\/uploads\/2023\/11\/los-extranjeros-que-eligen-vivir-en-argentina-a-pesar-de-la-crisis-15.jpg 320w, http:\/\/nuevacordoba.net\/wp-content\/uploads\/2023\/11\/los-extranjeros-que-eligen-vivir-en-argentina-a-pesar-de-la-crisis-16.jpg 480w, http:\/\/nuevacordoba.net\/wp-content\/uploads\/2023\/11\/los-extranjeros-que-eligen-vivir-en-argentina-a-pesar-de-la-crisis-17.jpg 624w, http:\/\/nuevacordoba.net\/wp-content\/uploads\/2023\/11\/los-extranjeros-que-eligen-vivir-en-argentina-a-pesar-de-la-crisis-18.jpg 800w\" sizes=\"(min-width: 1008px) 760px, 100vw\" alt=\"Oriane Fl\u00e9chaire.\" loading=\"lazy\" width=\"900\" height=\"506\" class=\"bbc-1uwua2r\"><\/picture>\n<p class=\"bbc-kaivkm\" role=\"text\"><span class=\"bbc-m04vo2\">Fuente de la imagen, <\/span><span lang=\"en-GB\">Cortes\u00eda<\/span><\/p>\n<\/div><figcaption dir=\"ltr\" class=\"bbc-847f6b e6i104o0\" readability=\"2\"><span role=\"text\" readability=\"4\"><span class=\"bbc-m04vo2\">Pie de foto, <\/span><\/p>\n<p>\u00abLos franceses y los argentinos nos relacionamos sentados alrededor de una mesa\u00bb, dice Oriane Fl\u00e9chaire.<\/p>\n<p><\/span><\/figcaption><\/figure>\n<div dir=\"ltr\" class=\"bbc-19j92fr ebmt73l0\" readability=\"14\">\n<p dir=\"ltr\" class=\"bbc-hhl7in e17g058b0\">\u00abArgentina es reconocida por tener la <b>mejor educaci\u00f3n de Am\u00e9rica Latina<\/b>\u00ab, dice Isla Montalier, de 29 a\u00f1os, que en 2012 viaj\u00f3 desde Sergipe, en el noreste de Brasil, hasta Buenos Aires para estudiar Medicina en una universidad privada. <\/p>\n<\/div>\n<div dir=\"ltr\" class=\"bbc-19j92fr ebmt73l0\" readability=\"7\">\n<p dir=\"ltr\" class=\"bbc-hhl7in e17g058b0\">Isla es parte del <b>87% de los migrantes que llegan a Argentina desde otros pa\u00edses de Sudam\u00e9rica.<\/b><\/p>\n<\/div>\n<div dir=\"ltr\" class=\"bbc-19j92fr ebmt73l0\" readability=\"11\">\n<p dir=\"ltr\" class=\"bbc-hhl7in e17g058b0\">\u00abTodos sabemos la situaci\u00f3n que vive el pa\u00eds. Me duele lo que pasa. Pero desde que llegu\u00e9 <b>nunca pens\u00e9 en irme a otro lugar<\/b>\u00ab, dice Larry Montes, un arquitecto de 33 a\u00f1os que antes de dejar Venezuela en 2017 hab\u00eda evaluado la posibilidad de instalarse en Santiago de Chile.<\/p>\n<\/div>\n<div dir=\"ltr\" class=\"bbc-19j92fr ebmt73l0\" readability=\"14\">\n<p dir=\"ltr\" class=\"bbc-hhl7in e17g058b0\">El sentimiento de comunidad, el buen trato de los argentinos a los migrantes, la energ\u00eda vibrante, sus universidades, el modo de relacionarse, la mirada disruptiva y la vida nocturna son algunos de los motivos que explican por qu\u00e9 muchos extranjeros se quedan a pesar de las dificultades.<\/p>\n<\/div>\n<div dir=\"ltr\" class=\"bbc-19j92fr ebmt73l0\" readability=\"7\">\n<p dir=\"ltr\" class=\"bbc-hhl7in e17g058b0\">En BBC Mundo hablamos con algunos de ellos sobre<b> los motivos que los llevaron a elegir Argentina<\/b>.<\/p>\n<\/div>\n<figure class=\"bbc-1qn0xuy\">\n<div class=\"bbc-sni631\"><picture><img src=\"http:\/\/nuevacordoba.net\/wp-content\/uploads\/2023\/11\/los-extranjeros-que-eligen-vivir-en-argentina-a-pesar-de-la-crisis-2.jpg\" srcset=\"http:\/\/nuevacordoba.net\/wp-content\/uploads\/2023\/11\/los-extranjeros-que-eligen-vivir-en-argentina-a-pesar-de-la-crisis-19.jpg 240w, http:\/\/nuevacordoba.net\/wp-content\/uploads\/2023\/11\/los-extranjeros-que-eligen-vivir-en-argentina-a-pesar-de-la-crisis-20.jpg 320w, http:\/\/nuevacordoba.net\/wp-content\/uploads\/2023\/11\/los-extranjeros-que-eligen-vivir-en-argentina-a-pesar-de-la-crisis-21.jpg 480w, http:\/\/nuevacordoba.net\/wp-content\/uploads\/2023\/11\/los-extranjeros-que-eligen-vivir-en-argentina-a-pesar-de-la-crisis-22.jpg 624w, http:\/\/nuevacordoba.net\/wp-content\/uploads\/2023\/11\/los-extranjeros-que-eligen-vivir-en-argentina-a-pesar-de-la-crisis-23.jpg 800w\" sizes=\"(min-width: 1008px) 760px, 100vw\" alt=\"L\u00ednea.\" loading=\"lazy\" width=\"800\" height=\"100\" class=\"bbc-1uwua2r\"><\/picture><\/div>\n<\/figure>\n<p><h2 id=\"La-recepci\u00f3n-al-migrante-Larry-Montes-Venezuela\" tabindex=\"-1\" class=\"bbc-1f03ibc eglt09e0\">La recepci\u00f3n al migrante: Larry Montes (Venezuela)<\/h2>\n<\/p>\n<figure class=\"bbc-1qn0xuy\" readability=\"1.5\">\n<div class=\"bbc-sni631\" readability=\"8\"><picture><img src=\"http:\/\/nuevacordoba.net\/wp-content\/uploads\/2023\/11\/los-extranjeros-que-eligen-vivir-en-argentina-a-pesar-de-la-crisis-3.jpg\" srcset=\"http:\/\/nuevacordoba.net\/wp-content\/uploads\/2023\/11\/los-extranjeros-que-eligen-vivir-en-argentina-a-pesar-de-la-crisis-24.jpg 240w, http:\/\/nuevacordoba.net\/wp-content\/uploads\/2023\/11\/los-extranjeros-que-eligen-vivir-en-argentina-a-pesar-de-la-crisis-25.jpg 320w, http:\/\/nuevacordoba.net\/wp-content\/uploads\/2023\/11\/los-extranjeros-que-eligen-vivir-en-argentina-a-pesar-de-la-crisis-26.jpg 480w, http:\/\/nuevacordoba.net\/wp-content\/uploads\/2023\/11\/los-extranjeros-que-eligen-vivir-en-argentina-a-pesar-de-la-crisis-27.jpg 624w, http:\/\/nuevacordoba.net\/wp-content\/uploads\/2023\/11\/los-extranjeros-que-eligen-vivir-en-argentina-a-pesar-de-la-crisis-28.jpg 800w\" sizes=\"(min-width: 1008px) 760px, 100vw\" alt=\"Larry Montes.\" loading=\"lazy\" width=\"1200\" height=\"675\" class=\"bbc-1uwua2r\"><\/picture>\n<p class=\"bbc-kaivkm\" role=\"text\"><span class=\"bbc-m04vo2\">Fuente de la imagen, <\/span><span lang=\"en-GB\">Cortes\u00eda<\/span><\/p>\n<\/div><figcaption dir=\"ltr\" class=\"bbc-847f6b e6i104o0\" readability=\"1\"><span role=\"text\" readability=\"2\"><span class=\"bbc-m04vo2\">Pie de foto, <\/span><\/p>\n<p>Larry Montes destaca la calidez que reciben los migrantes venezolanos.<\/p>\n<p><\/span><\/figcaption><\/figure>\n<div dir=\"ltr\" class=\"bbc-19j92fr ebmt73l0\" readability=\"7\">\n<p dir=\"ltr\" class=\"bbc-hhl7in e17g058b0\"><i class=\"bbc-h1y5j7 eih42320\">El d\u00eda que llegu\u00e9 a Buenos Aires sent\u00ed que era mi lugar en el mundo. <\/i><\/p>\n<\/div>\n<div dir=\"ltr\" class=\"bbc-19j92fr ebmt73l0\" readability=\"10\">\n<p dir=\"ltr\" class=\"bbc-hhl7in e17g058b0\"><i class=\"bbc-h1y5j7 eih42320\">Todos sabemos la situaci\u00f3n econ\u00f3mica que vive Argentina. Me duele lo que pasa. Pero desde que llegu\u00e9 en 2017 nunca pens\u00e9 en irme, si bien antes de salir de Caracas hab\u00eda pensado en instalarme en Santiago de Chile.<\/i><\/p>\n<\/div>\n<div dir=\"ltr\" class=\"bbc-19j92fr ebmt73l0\" readability=\"7\">\n<p dir=\"ltr\" class=\"bbc-hhl7in e17g058b0\"><b><i class=\"bbc-h1y5j7 eih42320\">Argentina es un pa\u00eds muy c\u00e1lido con los migrantes venezolanos. <\/i><\/b><\/p>\n<\/div>\n<div dir=\"ltr\" class=\"bbc-19j92fr ebmt73l0\" readability=\"10\">\n<p dir=\"ltr\" class=\"bbc-hhl7in e17g058b0\"><i class=\"bbc-h1y5j7 eih42320\">En muchos otros pa\u00edses de Am\u00e9rica Latina los venezolanos somos v\u00edctimas de xenofobia. Por el contrario, en Argentina somos una comunidad respetada. Los venezolanos nos sentimos agradecidos con este bello pa\u00eds. <\/i><\/p>\n<\/div>\n<div dir=\"ltr\" class=\"bbc-19j92fr ebmt73l0\" readability=\"13\">\n<p dir=\"ltr\" class=\"bbc-hhl7in e17g058b0\"><i class=\"bbc-h1y5j7 eih42320\">Mira, por poner un ejemplo, en mi primer empleo me encontr\u00e9 con una persona de manera extra\u00f1a, en la casa de unos conocidos, y a la semana siguiente ya est\u00e1bamos comiendo un asado en su casa. \u00a1Es hermoso! <\/i><\/p>\n<\/div>\n<div dir=\"ltr\" class=\"bbc-19j92fr ebmt73l0\" readability=\"10\">\n<p dir=\"ltr\" class=\"bbc-hhl7in e17g058b0\"><i class=\"bbc-h1y5j7 eih42320\">Tambi\u00e9n lo noto en el \u00e1mbito profesional. Soy arquitecto y desde un primer momento consegu\u00ed trabajo en el sector de la construcci\u00f3n. Los profesionales argentinos <\/i><b><i class=\"bbc-h1y5j7 eih42320\">siempre me han tratado con respeto<\/i><\/b><i class=\"bbc-h1y5j7 eih42320\"> en mis lugares de trabajo, me han hecho sentir integrado. <\/i><\/p>\n<\/div>\n<div dir=\"ltr\" class=\"bbc-19j92fr ebmt73l0\" readability=\"12\">\n<p dir=\"ltr\" class=\"bbc-hhl7in e17g058b0\"><i class=\"bbc-h1y5j7 eih42320\">Pienso que eso tiene que ver con el <\/i><i class=\"bbc-h1y5j7 eih42320\"><b>pasado migratorio de muchas familias argentinas<\/b><\/i><i class=\"bbc-h1y5j7 eih42320\">, que hacen de Argentina un lugar c\u00e1lido para el extranjero. La mayor parte de la gente te abre las puertas de su casa, te recibe bien, te invita a comer.<\/i><\/p>\n<\/div>\n<div dir=\"ltr\" class=\"bbc-19j92fr ebmt73l0\" readability=\"8\">\n<p dir=\"ltr\" class=\"bbc-hhl7in e17g058b0\"><i class=\"bbc-h1y5j7 eih42320\">Claro que me gustar\u00eda que la realidad econ\u00f3mica no estuviera tan agitada. Ese es un sentimiento que tenemos todos en este momento. <\/i><\/p>\n<\/div>\n<div dir=\"ltr\" class=\"bbc-19j92fr ebmt73l0\" readability=\"8\">\n<p dir=\"ltr\" class=\"bbc-hhl7in e17g058b0\"><i class=\"bbc-h1y5j7 eih42320\">Pero del resto&#8230; A m\u00ed me encanta vivir aqu\u00ed. No puedo sentir m\u00e1s que agradecimiento por esta bella patria que me recibi\u00f3 con much\u00edsimo amor. <\/i><\/p>\n<\/div>\n<p><h2 id=\"La-creatividad-y-los-contrastes-Paige-Nichols-EEUU\" tabindex=\"-1\" class=\"bbc-1f03ibc eglt09e0\">La creatividad y los contrastes: Paige Nichols (EE.UU.)<\/h2>\n<\/p>\n<figure class=\"bbc-1qn0xuy\" readability=\"1.5\">\n<div class=\"bbc-sni631\" readability=\"8\"><picture><img src=\"http:\/\/nuevacordoba.net\/wp-content\/uploads\/2023\/11\/los-extranjeros-que-eligen-vivir-en-argentina-a-pesar-de-la-crisis-4.jpg\" srcset=\"http:\/\/nuevacordoba.net\/wp-content\/uploads\/2023\/11\/los-extranjeros-que-eligen-vivir-en-argentina-a-pesar-de-la-crisis-29.jpg 240w, http:\/\/nuevacordoba.net\/wp-content\/uploads\/2023\/11\/los-extranjeros-que-eligen-vivir-en-argentina-a-pesar-de-la-crisis-30.jpg 320w, http:\/\/nuevacordoba.net\/wp-content\/uploads\/2023\/11\/los-extranjeros-que-eligen-vivir-en-argentina-a-pesar-de-la-crisis-31.jpg 480w, http:\/\/nuevacordoba.net\/wp-content\/uploads\/2023\/11\/los-extranjeros-que-eligen-vivir-en-argentina-a-pesar-de-la-crisis-32.jpg 624w, http:\/\/nuevacordoba.net\/wp-content\/uploads\/2023\/11\/los-extranjeros-que-eligen-vivir-en-argentina-a-pesar-de-la-crisis-33.jpg 800w\" sizes=\"(min-width: 1008px) 760px, 100vw\" alt=\"Paige Nichols.\" loading=\"lazy\" width=\"1600\" height=\"900\" class=\"bbc-1uwua2r\"><\/picture>\n<p class=\"bbc-kaivkm\" role=\"text\"><span class=\"bbc-m04vo2\">Fuente de la imagen, <\/span><span lang=\"en-GB\">Cortes\u00eda <\/span><\/p>\n<\/div><figcaption dir=\"ltr\" class=\"bbc-847f6b e6i104o0\" readability=\"2\"><span role=\"text\" readability=\"4\"><span class=\"bbc-m04vo2\">Pie de foto, <\/span><\/p>\n<p>Paige Nichols, de 37 a\u00f1os, lleg\u00f3 a Buenos Aires en 2007 despu\u00e9s de estudiar Filosof\u00eda en EE.UU.<\/p>\n<p><\/span><\/figcaption><\/figure>\n<div dir=\"ltr\" class=\"bbc-19j92fr ebmt73l0\" readability=\"9\">\n<p dir=\"ltr\" class=\"bbc-hhl7in e17g058b0\"><i class=\"bbc-h1y5j7 eih42320\">A veces digo, en broma, que me quedo en Argentina porque me gusta sufrir.<\/i><\/p>\n<\/div>\n<div dir=\"ltr\" class=\"bbc-19j92fr ebmt73l0\" readability=\"10\">\n<p dir=\"ltr\" class=\"bbc-hhl7in e17g058b0\"><i class=\"bbc-h1y5j7 eih42320\">Argentina tiene un caos seductor. Me refiero a que aqu\u00ed hay espacio para el <\/i><b><i class=\"bbc-h1y5j7 eih42320\">cambio, la transformaci\u00f3n, la creatividad<\/i><\/b><i class=\"bbc-h1y5j7 eih42320\">. <\/i><\/p>\n<\/div>\n<div dir=\"ltr\" class=\"bbc-19j92fr ebmt73l0\" readability=\"9\">\n<p dir=\"ltr\" class=\"bbc-hhl7in e17g058b0\"><i class=\"bbc-h1y5j7 eih42320\">De todos modos, no romantizo el caos. Por momentos, <\/i><b><i class=\"bbc-h1y5j7 eih42320\">me vuelve loca este pa\u00eds.<\/i><\/b><\/p>\n<\/div>\n<div dir=\"ltr\" class=\"bbc-19j92fr ebmt73l0\" readability=\"12\">\n<p dir=\"ltr\" class=\"bbc-hhl7in e17g058b0\"><i class=\"bbc-h1y5j7 eih42320\">Por ejemplo, si un d\u00eda tengo que ir al banco, al supermercado y al correo, eso me puede llevar hasta tres d\u00edas: vas al banco y no hay sistema; vas a al super y no encontr\u00e1s la mitad de los productos que quer\u00e9s llevar; lleg\u00e1s al correo y est\u00e1n de huelga. <\/i><\/p>\n<\/div>\n<div dir=\"ltr\" class=\"bbc-19j92fr ebmt73l0\" readability=\"11\">\n<p dir=\"ltr\" class=\"bbc-hhl7in e17g058b0\"><i class=\"bbc-h1y5j7 eih42320\">Entonces, ah\u00ed aparece la pregunta que me hacen muchos: <\/i><b><i class=\"bbc-h1y5j7 eih42320\">\u00bfPor qu\u00e9 dejaste Estados Unidos, un pa\u00eds de primer mundo, para vivir ac\u00e1? <\/i><\/b><i class=\"bbc-h1y5j7 eih42320\">Eso es lo que mucha gente no puede entender.<\/i><\/p>\n<\/div>\n<div dir=\"ltr\" class=\"bbc-19j92fr ebmt73l0\" readability=\"13\">\n<p dir=\"ltr\" class=\"bbc-hhl7in e17g058b0\"><i class=\"bbc-h1y5j7 eih42320\">Bueno, <\/i><b><i class=\"bbc-h1y5j7 eih42320\">Argentina est\u00e1 riqu\u00edsimo en un mont\u00f3n de sentidos.<\/i><\/b><i class=\"bbc-h1y5j7 eih42320\"> Este pa\u00eds me ha dado todo en estos 15 a\u00f1os que llevo: me dio trabajo, una comunidad de amigos, una familia elegida, <\/i><b><i class=\"bbc-h1y5j7 eih42320\">me abri\u00f3 las puertas y los ojos<\/i><\/b><i class=\"bbc-h1y5j7 eih42320\">. <\/i><\/p>\n<\/div>\n<div dir=\"ltr\" class=\"bbc-19j92fr ebmt73l0\" readability=\"11\">\n<p dir=\"ltr\" class=\"bbc-hhl7in e17g058b0\"><i class=\"bbc-h1y5j7 eih42320\">Adem\u00e1s, me gustan los <\/i><b><i class=\"bbc-h1y5j7 eih42320\">contrastes de los argentinos:<\/i><\/b><i class=\"bbc-h1y5j7 eih42320\"> la histeria con sinceridad, las ganas de romper las reglas con el respeto a ciertas convenciones sociales. Es un pa\u00eds que te obliga a estar siempre despierta. <\/i><\/p>\n<\/div>\n<div dir=\"ltr\" class=\"bbc-19j92fr ebmt73l0\" readability=\"11\">\n<p dir=\"ltr\" class=\"bbc-hhl7in e17g058b0\"><i class=\"bbc-h1y5j7 eih42320\">Por supuesto, eso tiene un costado negativo, <\/i><b><i class=\"bbc-h1y5j7 eih42320\">es un pa\u00eds que te exige demasiado<\/i><\/b><i class=\"bbc-h1y5j7 eih42320\">, no pod\u00e9s<\/i> <i class=\"bbc-h1y5j7 eih42320\">descansar porque no sab\u00e9s con qu\u00e9<\/i> <i class=\"bbc-h1y5j7 eih42320\">te vas a encontrar. <\/i><\/p>\n<\/div>\n<div dir=\"ltr\" class=\"bbc-19j92fr ebmt73l0\" readability=\"9\">\n<p dir=\"ltr\" class=\"bbc-hhl7in e17g058b0\"><b><i class=\"bbc-h1y5j7 eih42320\">En Argentina hacemos m\u00e1s con mucho menos<\/i><\/b><i class=\"bbc-h1y5j7 eih42320\"> y eso nos obliga a ser creativos y din\u00e1micos, algo que al final del d\u00eda es una fortaleza.<\/i><\/p>\n<\/div>\n<p><h2 id=\"El-modo-de-relacionarse-Oriane-Flechaire-Francia\" tabindex=\"-1\" class=\"bbc-1f03ibc eglt09e0\">El modo de relacionarse: Oriane Flechaire (Francia)<\/h2>\n<\/p>\n<figure class=\"bbc-1qn0xuy\" readability=\"1.5\">\n<div class=\"bbc-sni631\" readability=\"8\"><picture><img src=\"http:\/\/nuevacordoba.net\/wp-content\/uploads\/2023\/11\/los-extranjeros-que-eligen-vivir-en-argentina-a-pesar-de-la-crisis-5.jpg\" srcset=\"http:\/\/nuevacordoba.net\/wp-content\/uploads\/2023\/11\/los-extranjeros-que-eligen-vivir-en-argentina-a-pesar-de-la-crisis-34.jpg 240w, http:\/\/nuevacordoba.net\/wp-content\/uploads\/2023\/11\/los-extranjeros-que-eligen-vivir-en-argentina-a-pesar-de-la-crisis-35.jpg 320w, http:\/\/nuevacordoba.net\/wp-content\/uploads\/2023\/11\/los-extranjeros-que-eligen-vivir-en-argentina-a-pesar-de-la-crisis-36.jpg 480w, http:\/\/nuevacordoba.net\/wp-content\/uploads\/2023\/11\/los-extranjeros-que-eligen-vivir-en-argentina-a-pesar-de-la-crisis-37.jpg 624w, http:\/\/nuevacordoba.net\/wp-content\/uploads\/2023\/11\/los-extranjeros-que-eligen-vivir-en-argentina-a-pesar-de-la-crisis-38.jpg 800w\" sizes=\"(min-width: 1008px) 760px, 100vw\" alt=\"Oriane Fl\u00e9chaire.\" loading=\"lazy\" width=\"1200\" height=\"675\" class=\"bbc-1uwua2r\"><\/picture>\n<p class=\"bbc-kaivkm\" role=\"text\"><span class=\"bbc-m04vo2\">Fuente de la imagen, <\/span><span lang=\"en-GB\">Cortes\u00eda <\/span><\/p>\n<\/div><figcaption dir=\"ltr\" class=\"bbc-847f6b e6i104o0\" readability=\"1\"><span role=\"text\" readability=\"2\"><span class=\"bbc-m04vo2\">Pie de foto, <\/span><\/p>\n<p>Oriane Fl\u00e9chaire valora la forma en la que la gente se vincula.<\/p>\n<p><\/span><\/figcaption><\/figure>\n<div dir=\"ltr\" class=\"bbc-19j92fr ebmt73l0\" readability=\"8\">\n<p dir=\"ltr\" class=\"bbc-hhl7in e17g058b0\"><i class=\"bbc-h1y5j7 eih42320\">Nac\u00ed en Pernes-les-Fontaines, en el sur de Francia. <\/i><\/p>\n<\/div>\n<div dir=\"ltr\" class=\"bbc-19j92fr ebmt73l0\" readability=\"11\">\n<p dir=\"ltr\" class=\"bbc-hhl7in e17g058b0\"><i class=\"bbc-h1y5j7 eih42320\">Despu\u00e9s de estudiar administraci\u00f3n de empresas y comunicaci\u00f3n en Francia, decid\u00ed que quer\u00eda vivir en el exterior, aunque no empec\u00e9 por Argentina sino por California, en Estados Unidos. <\/i><\/p>\n<\/div>\n<div dir=\"ltr\" class=\"bbc-19j92fr ebmt73l0\" readability=\"10\">\n<p dir=\"ltr\" class=\"bbc-hhl7in e17g058b0\"><i class=\"bbc-h1y5j7 eih42320\">En Los \u00c1ngeles not\u00e9 que cada uno se enfoca en su vida sin mirar demasiado al otro y, para m\u00ed, el <\/i><b><i class=\"bbc-h1y5j7 eih42320\">modo de relacionarse es importante<\/i><\/b><i class=\"bbc-h1y5j7 eih42320\">. <\/i><\/p>\n<\/div>\n<div dir=\"ltr\" class=\"bbc-19j92fr ebmt73l0\" readability=\"9\">\n<p dir=\"ltr\" class=\"bbc-hhl7in e17g058b0\"><i class=\"bbc-h1y5j7 eih42320\">Por ejemplo, no existe la costumbre de sentarse a conversar en un caf\u00e9. Creo que la ausencia de este tipo de costumbres condiciona mucho la forma en<\/i><b><i class=\"bbc-h1y5j7 eih42320\"> la que la gente se vincula<\/i><\/b><i class=\"bbc-h1y5j7 eih42320\">. <\/i><\/p>\n<\/div>\n<div dir=\"ltr\" class=\"bbc-19j92fr ebmt73l0\" readability=\"11\">\n<p dir=\"ltr\" class=\"bbc-hhl7in e17g058b0\"><i class=\"bbc-h1y5j7 eih42320\">En cambio, en 2011, cuando llegu\u00e9 a Argentina, not\u00e9 que <\/i><b><i class=\"bbc-h1y5j7 eih42320\">los franceses y los argentinos tenemos mucho en com\u00fan. <\/i><\/b><\/p>\n<\/div>\n<div dir=\"ltr\" class=\"bbc-19j92fr ebmt73l0\" readability=\"9\">\n<p dir=\"ltr\" class=\"bbc-hhl7in e17g058b0\"><i class=\"bbc-h1y5j7 eih42320\">Por ejemplo, compartimos el buen comer. Parece algo menor pero cuando digo esto me refiero a que <\/i><b><i class=\"bbc-h1y5j7 eih42320\">nos relacionamos sentados alrededor de una mesa<\/i><\/b><i class=\"bbc-h1y5j7 eih42320\">: una buena comida con buenas conversaciones.<\/i><\/p>\n<\/div>\n<div dir=\"ltr\" class=\"bbc-19j92fr ebmt73l0\" readability=\"12\">\n<p dir=\"ltr\" class=\"bbc-hhl7in e17g058b0\"><i class=\"bbc-h1y5j7 eih42320\">Tanto los franceses como los argentinos <\/i><b><i class=\"bbc-h1y5j7 eih42320\">valoramos m\u00e1s la idea de comunidad<\/i><\/b><i class=\"bbc-h1y5j7 eih42320\"> que la idea del \u00e9xito y el fracaso individual. Lo ves en la educaci\u00f3n y en la salud p\u00fablica, en la forma en que la gente sale a la calle, camina a la noche, se encuentra. Todo eso habla mucho de una sociedad. <\/i><\/p>\n<\/div>\n<div dir=\"ltr\" class=\"bbc-19j92fr ebmt73l0\" readability=\"11\">\n<p dir=\"ltr\" class=\"bbc-hhl7in e17g058b0\"><i class=\"bbc-h1y5j7 eih42320\">Por supuesto, <\/i><b><i class=\"bbc-h1y5j7 eih42320\">siento preocupaci\u00f3n por lo que pasa en Argentina<\/i><\/b><i class=\"bbc-h1y5j7 eih42320\">, sobre todo desde que soy madre. Yo quiero que mi hijo crezca en una sociedad democr\u00e1tica y quiero que tenga alg\u00fan tipo de futuro que no sea desastroso.<\/i><\/p>\n<\/div>\n<div dir=\"ltr\" class=\"bbc-19j92fr ebmt73l0\" readability=\"10\">\n<p dir=\"ltr\" class=\"bbc-hhl7in e17g058b0\"><i class=\"bbc-h1y5j7 eih42320\">En ese sentido, <\/i><b><i class=\"bbc-h1y5j7 eih42320\">pensamos en nuestra permanencia en el pa\u00eds<\/i><\/b><i class=\"bbc-h1y5j7 eih42320\">, pero no tengo lista la valija en un rinc\u00f3n de mi casa. <\/i><\/p>\n<\/div>\n<p><h2 id=\"El-acceso-a-la-educaci\u00f3n-Isla-Montalier-Brasil\" tabindex=\"-1\" class=\"bbc-1f03ibc eglt09e0\">El acceso a la educaci\u00f3n: Isla Montalier (Brasil)<\/h2>\n<\/p>\n<figure class=\"bbc-1qn0xuy\" readability=\"1.5\">\n<div class=\"bbc-sni631\" readability=\"8\"><picture><img src=\"http:\/\/nuevacordoba.net\/wp-content\/uploads\/2023\/11\/los-extranjeros-que-eligen-vivir-en-argentina-a-pesar-de-la-crisis-6.jpg\" srcset=\"http:\/\/nuevacordoba.net\/wp-content\/uploads\/2023\/11\/los-extranjeros-que-eligen-vivir-en-argentina-a-pesar-de-la-crisis-39.jpg 240w, http:\/\/nuevacordoba.net\/wp-content\/uploads\/2023\/11\/los-extranjeros-que-eligen-vivir-en-argentina-a-pesar-de-la-crisis-40.jpg 320w, http:\/\/nuevacordoba.net\/wp-content\/uploads\/2023\/11\/los-extranjeros-que-eligen-vivir-en-argentina-a-pesar-de-la-crisis-41.jpg 480w, http:\/\/nuevacordoba.net\/wp-content\/uploads\/2023\/11\/los-extranjeros-que-eligen-vivir-en-argentina-a-pesar-de-la-crisis-42.jpg 624w, http:\/\/nuevacordoba.net\/wp-content\/uploads\/2023\/11\/los-extranjeros-que-eligen-vivir-en-argentina-a-pesar-de-la-crisis-43.jpg 800w\" sizes=\"(min-width: 1008px) 760px, 100vw\" alt=\"Isla Montalier.\" loading=\"lazy\" width=\"1280\" height=\"720\" class=\"bbc-1uwua2r\"><\/picture>\n<p class=\"bbc-kaivkm\" role=\"text\"><span class=\"bbc-m04vo2\">Fuente de la imagen, <\/span><span lang=\"en-GB\">Cortes\u00eda.<\/span><\/p>\n<\/div><figcaption dir=\"ltr\" class=\"bbc-847f6b e6i104o0\" readability=\"2\"><span role=\"text\" readability=\"4\"><span class=\"bbc-m04vo2\">Pie de foto, <\/span><\/p>\n<p>Isla Montalier dej\u00f3 de Sergipe, en el noroeste de Brasil, para estudiar medicina en Argentina. <\/p>\n<p><\/span><\/figcaption><\/figure>\n<div dir=\"ltr\" class=\"bbc-19j92fr ebmt73l0\" readability=\"7\">\n<p dir=\"ltr\" class=\"bbc-hhl7in e17g058b0\"><i class=\"bbc-h1y5j7 eih42320\">Siempre quise ser m\u00e9dica. Pero estudiar Medicina en Brasil es muy caro. <\/i><\/p>\n<\/div>\n<div dir=\"ltr\" class=\"bbc-19j92fr ebmt73l0\" readability=\"8\">\n<p dir=\"ltr\" class=\"bbc-hhl7in e17g058b0\"><b><i class=\"bbc-h1y5j7 eih42320\">La educaci\u00f3n en Brasil es elitista. <\/i><\/b><i class=\"bbc-h1y5j7 eih42320\">Es muy raro ver a alguien que no sea blanco de clase media o media-alta entre los<\/i> <i class=\"bbc-h1y5j7 eih42320\">m\u00e9dicos que se reciben en mi pa\u00eds.<\/i><\/p>\n<\/div>\n<div dir=\"ltr\" class=\"bbc-19j92fr ebmt73l0\" readability=\"12\">\n<p dir=\"ltr\" class=\"bbc-hhl7in e17g058b0\"><i class=\"bbc-h1y5j7 eih42320\">En las universidades p\u00fablicas, si no fuiste a colegios privados, es muy dif\u00edcil que puedas aprobar el \u00abvestibular\u00bb <\/i>[examen de ingreso a la universidad].<i class=\"bbc-h1y5j7 eih42320\"> En las privadas, la cuota llega a ser cinco veces m\u00e1s alta que en las universidades pagas de Argentina.<\/i><\/p>\n<\/div>\n<div dir=\"ltr\" class=\"bbc-19j92fr ebmt73l0\" readability=\"10\">\n<p dir=\"ltr\" class=\"bbc-hhl7in e17g058b0\"><i class=\"bbc-h1y5j7 eih42320\">Por eso, <\/i><b><i class=\"bbc-h1y5j7 eih42320\">muchos brasile\u00f1os venimos a estudiar ac\u00e1. <\/i><\/b><i class=\"bbc-h1y5j7 eih42320\">En mi caso, me recib\u00ed en una universidad privada que no podr\u00eda haber pagado en Brasil.<\/i><\/p>\n<\/div>\n<div dir=\"ltr\" class=\"bbc-19j92fr ebmt73l0\" readability=\"11\">\n<p dir=\"ltr\" class=\"bbc-hhl7in e17g058b0\"><i class=\"bbc-h1y5j7 eih42320\">En ese sentido, vemos con cierta preocupaci\u00f3n -y creo que puedo hablar por gran parte de la comunidad de brasile\u00f1os en el pa\u00eds- el debate sobre<\/i><b><i class=\"bbc-h1y5j7 eih42320\"> el futuro de la educaci\u00f3n p\u00fablica <\/i><\/b><i class=\"bbc-h1y5j7 eih42320\">en Argentina, sobre todo los que est\u00e1n estudiando en este momento. <\/i><\/p>\n<\/div>\n<div dir=\"ltr\" class=\"bbc-19j92fr ebmt73l0\" readability=\"11\">\n<p dir=\"ltr\" class=\"bbc-hhl7in e17g058b0\"><i class=\"bbc-h1y5j7 eih42320\">Argentina es reconocida por tener la <\/i><b><i class=\"bbc-h1y5j7 eih42320\">mejor educaci\u00f3n de Am\u00e9rica Latina. <\/i><\/b><i class=\"bbc-h1y5j7 eih42320\">Me pregunto qu\u00e9 pasar\u00eda en este es un pa\u00eds, que tiene un 50% de pobres, si no tuvieran acceso a la educaci\u00f3n. Pienso que estar\u00edan en una posici\u00f3n mucho m\u00e1s complicada. <\/i><\/p>\n<\/div>\n<div dir=\"ltr\" class=\"bbc-19j92fr ebmt73l0\" readability=\"12\">\n<p dir=\"ltr\" class=\"bbc-hhl7in e17g058b0\"><i class=\"bbc-h1y5j7 eih42320\">En mi caso, no pienso en irme del pa\u00eds. De eso me di cuenta un d\u00eda de 2014, caminando con mi mam\u00e1 por la calle Florida de Buenos Aires, cuando me dijo que ten\u00eda que pensar qu\u00e9 iba a hacer cuando volviera a Brasil. <\/i><\/p>\n<\/div>\n<div dir=\"ltr\" class=\"bbc-19j92fr ebmt73l0\" readability=\"8\">\n<p dir=\"ltr\" class=\"bbc-hhl7in e17g058b0\"><i class=\"bbc-h1y5j7 eih42320\">En ese momento le respond\u00ed: \u00abNo quiero volver a Brasil. <\/i><i class=\"bbc-h1y5j7 eih42320\"><b>Me encanta la vida que tengo en Argentina<\/b><\/i><i class=\"bbc-h1y5j7 eih42320\">\u00ab.<\/i><\/p>\n<\/div>\n<p><h2 id=\"El-crecimiento-Mauricio-Fl\u00f3rez-Colombia-\" tabindex=\"-1\" class=\"bbc-1f03ibc eglt09e0\">El crecimiento: Mauricio Fl\u00f3rez (Colombia) <\/h2>\n<\/p>\n<figure class=\"bbc-1qn0xuy\" readability=\"1.5\">\n<div class=\"bbc-sni631\" readability=\"8\"><picture><img src=\"http:\/\/nuevacordoba.net\/wp-content\/uploads\/2023\/11\/los-extranjeros-que-eligen-vivir-en-argentina-a-pesar-de-la-crisis-7.jpg\" srcset=\"http:\/\/nuevacordoba.net\/wp-content\/uploads\/2023\/11\/los-extranjeros-que-eligen-vivir-en-argentina-a-pesar-de-la-crisis-44.jpg 240w, http:\/\/nuevacordoba.net\/wp-content\/uploads\/2023\/11\/los-extranjeros-que-eligen-vivir-en-argentina-a-pesar-de-la-crisis-45.jpg 320w, http:\/\/nuevacordoba.net\/wp-content\/uploads\/2023\/11\/los-extranjeros-que-eligen-vivir-en-argentina-a-pesar-de-la-crisis-46.jpg 480w, http:\/\/nuevacordoba.net\/wp-content\/uploads\/2023\/11\/los-extranjeros-que-eligen-vivir-en-argentina-a-pesar-de-la-crisis-47.jpg 624w, http:\/\/nuevacordoba.net\/wp-content\/uploads\/2023\/11\/los-extranjeros-que-eligen-vivir-en-argentina-a-pesar-de-la-crisis-48.jpg 750w\" sizes=\"(min-width: 1008px) 760px, 100vw\" alt=\"Mauricio Florez.\" loading=\"lazy\" width=\"750\" height=\"422\" class=\"bbc-1uwua2r\"><\/picture>\n<p class=\"bbc-kaivkm\" role=\"text\"><span class=\"bbc-m04vo2\">Fuente de la imagen, <\/span><span lang=\"en-GB\">Cortes\u00eda <\/span><\/p>\n<\/div><figcaption dir=\"ltr\" class=\"bbc-847f6b e6i104o0\" readability=\"2.5\"><span role=\"text\" readability=\"5\"><span class=\"bbc-m04vo2\">Pie de foto, <\/span><\/p>\n<p>Mauricio Florez, emprendedor gastron\u00f3mico de 37 a\u00f1os, elige quedarse en Argentina porque a pesar de la crisis siente una \u00abevoluci\u00f3n\u00bb en sus negocios. <\/p>\n<p><\/span><\/figcaption><\/figure>\n<div dir=\"ltr\" class=\"bbc-19j92fr ebmt73l0\" readability=\"7\">\n<p dir=\"ltr\" class=\"bbc-hhl7in e17g058b0\"><b><i class=\"bbc-h1y5j7 eih42320\">En Argentina descubr\u00ed un pa\u00eds donde pasa de todo en todo momento. <\/i><\/b><\/p>\n<\/div>\n<div dir=\"ltr\" class=\"bbc-19j92fr ebmt73l0\" readability=\"14\">\n<p dir=\"ltr\" class=\"bbc-hhl7in e17g058b0\"><i class=\"bbc-h1y5j7 eih42320\">Me fui de Medell\u00edn, lugar donde nac\u00ed, para Quito, Ecuador, a los 19 a\u00f1os. Estuve un tiempo ah\u00ed, pero la ciudad me parec\u00eda demasiado chica, muy conservadora.<\/i><b><i class=\"bbc-h1y5j7 eih42320\"> <\/i><\/b><\/p>\n<\/div>\n<div dir=\"ltr\" class=\"bbc-19j92fr ebmt73l0\" readability=\"8\">\n<p dir=\"ltr\" class=\"bbc-hhl7in e17g058b0\"><i class=\"bbc-h1y5j7 eih42320\">Por el contrario, <\/i><b><i class=\"bbc-h1y5j7 eih42320\">Buenos Aires es un lugar muy creativo.<\/i><\/b><\/p>\n<\/div>\n<div dir=\"ltr\" class=\"bbc-19j92fr ebmt73l0\" readability=\"11\">\n<p dir=\"ltr\" class=\"bbc-hhl7in e17g058b0\"><i class=\"bbc-h1y5j7 eih42320\">Ya en Argentina, empec\u00e9 poco a poco a dedicarme a la gastronom\u00eda. Primero, desde el mundo de los vinos, gracias a una sociedad con la que abrimos un bar de vinos. <\/i><\/p>\n<\/div>\n<div dir=\"ltr\" class=\"bbc-19j92fr ebmt73l0\" readability=\"9\">\n<p dir=\"ltr\" class=\"bbc-hhl7in e17g058b0\"><b><i class=\"bbc-h1y5j7 eih42320\">Soy consciente de los problemas que vive Argentina.<\/i><\/b><i class=\"bbc-h1y5j7 eih42320\"> Para los que trabajamos en el \u00e1mbito de la gastronom\u00eda el d\u00eda a d\u00eda se hace muy dif\u00edcil. Ten\u00e9s que estar pensando siempre en los precios cuando podr\u00edas invertir ese tiempo en otras cosas. <\/i><\/p>\n<\/div>\n<div dir=\"ltr\" class=\"bbc-19j92fr ebmt73l0\" readability=\"9\">\n<p dir=\"ltr\" class=\"bbc-hhl7in e17g058b0\"><b><i class=\"bbc-h1y5j7 eih42320\">Pero me quedo porque siento una evoluci\u00f3n. <\/i><\/b><i class=\"bbc-h1y5j7 eih42320\">A pesar de la crisis econ\u00f3mica, en Argentina noto un crecimiento constante.<\/i><\/p>\n<\/div>\n<div dir=\"ltr\" class=\"bbc-19j92fr ebmt73l0\" readability=\"13\">\n<p dir=\"ltr\" class=\"bbc-hhl7in e17g058b0\"><i class=\"bbc-h1y5j7 eih42320\">Adem\u00e1s, no creo que haya tantas ciudades como Buenos Aires en Latinoam\u00e9rica. Este es un lugar con gente de todas partes del mundo, divertida, <\/i><b><i class=\"bbc-h1y5j7 eih42320\">con una vida nocturna intensa,<\/i><\/b><i class=\"bbc-h1y5j7 eih42320\"> que muchas de las otras ciudades de Am\u00e9rica Latina no tiene. <\/i><\/p>\n<\/div>\n<div dir=\"ltr\" class=\"bbc-19j92fr ebmt73l0\" readability=\"10\">\n<p dir=\"ltr\" class=\"bbc-hhl7in e17g058b0\"><i class=\"bbc-h1y5j7 eih42320\">Me parece que eso tiene que ver con que es <\/i><b><i class=\"bbc-h1y5j7 eih42320\">m\u00e1s segura. <\/i><\/b><i class=\"bbc-h1y5j7 eih42320\">Si bien la seguridad ha mejorado en Medell\u00edn y ha empeorado en Buenos Aires, todav\u00eda estamos lejos de llegar a los niveles de violencia con los que se viven en algunas regiones de Colombia.<\/i><\/p>\n<\/div>\n<div dir=\"ltr\" class=\"bbc-19j92fr ebmt73l0\" readability=\"13\">\n<p dir=\"ltr\" class=\"bbc-hhl7in e17g058b0\"><i class=\"bbc-h1y5j7 eih42320\">Si le tuviera que dar un consejo a alguien que est\u00e1 con ganas de venir a Argentina, <\/i><b><i class=\"bbc-h1y5j7 eih42320\">le dir\u00eda que pruebe en otras ciudades<\/i><\/b><i class=\"bbc-h1y5j7 eih42320\">: C\u00f3rdoba, Mendoza, Bariloche, que no piense solo en Buenos Aires. Hay muchas oportunidades en otras provincias. <\/i><\/p>\n<\/div>\n<figure class=\"bbc-1qn0xuy\">\n<div class=\"bbc-sni631\"><picture><img src=\"http:\/\/nuevacordoba.net\/wp-content\/uploads\/2023\/11\/los-extranjeros-que-eligen-vivir-en-argentina-a-pesar-de-la-crisis-8.jpg\" srcset=\"http:\/\/nuevacordoba.net\/wp-content\/uploads\/2023\/11\/los-extranjeros-que-eligen-vivir-en-argentina-a-pesar-de-la-crisis-49.jpg 240w, http:\/\/nuevacordoba.net\/wp-content\/uploads\/2023\/11\/los-extranjeros-que-eligen-vivir-en-argentina-a-pesar-de-la-crisis-50.jpg 320w, http:\/\/nuevacordoba.net\/wp-content\/uploads\/2023\/11\/los-extranjeros-que-eligen-vivir-en-argentina-a-pesar-de-la-crisis-51.jpg 480w, http:\/\/nuevacordoba.net\/wp-content\/uploads\/2023\/11\/los-extranjeros-que-eligen-vivir-en-argentina-a-pesar-de-la-crisis-52.jpg 624w, http:\/\/nuevacordoba.net\/wp-content\/uploads\/2023\/11\/los-extranjeros-que-eligen-vivir-en-argentina-a-pesar-de-la-crisis-53.jpg 800w\" sizes=\"(min-width: 1008px) 760px, 100vw\" alt=\"L\u00ednea. \" loading=\"lazy\" width=\"800\" height=\"100\" class=\"bbc-1uwua2r\"><\/picture><\/div>\n<\/figure>\n<div dir=\"ltr\" class=\"bbc-19j92fr ebmt73l0\" readability=\"8\">\n<p dir=\"ltr\" class=\"bbc-hhl7in e17g058b0\"><i class=\"bbc-h1y5j7 eih42320\">Recuerda que puedes recibir notificaciones de BBC News Mundo. Descarga la \u00faltima versi\u00f3n de nuestra app y act\u00edvalas para no perderte nuestro mejor contenido.<\/i><\/p>\n<\/div>\n","protected":false},"excerpt":{"rendered":"<p>Fuente de la imagen, Cortes\u00eda Pie de foto, El acceso a la educaci\u00f3n es lo que llev\u00f3 a la brasile\u00f1a Isla Montalier a vivir en Argentina. Article information Author, Ayel\u00e9n Oliva Role, BBC News Mundo 2 horas No son n\u00f3madas digitales ni llegaron a Argentina atra\u00eddos por el tipo de cambio. Por el contrario, padecen [&hellip;]<\/p>\n","protected":false},"author":1,"featured_media":39355,"comment_status":"closed","ping_status":"closed","sticky":false,"template":"","format":"standard","meta":[],"categories":[13],"tags":[],"_links":{"self":[{"href":"http:\/\/nuevacordoba.net\/index.php\/wp-json\/wp\/v2\/posts\/39354"}],"collection":[{"href":"http:\/\/nuevacordoba.net\/index.php\/wp-json\/wp\/v2\/posts"}],"about":[{"href":"http:\/\/nuevacordoba.net\/index.php\/wp-json\/wp\/v2\/types\/post"}],"author":[{"embeddable":true,"href":"http:\/\/nuevacordoba.net\/index.php\/wp-json\/wp\/v2\/users\/1"}],"replies":[{"embeddable":true,"href":"http:\/\/nuevacordoba.net\/index.php\/wp-json\/wp\/v2\/comments?post=39354"}],"version-history":[{"count":0,"href":"http:\/\/nuevacordoba.net\/index.php\/wp-json\/wp\/v2\/posts\/39354\/revisions"}],"wp:featuredmedia":[{"embeddable":true,"href":"http:\/\/nuevacordoba.net\/index.php\/wp-json\/wp\/v2\/media\/39355"}],"wp:attachment":[{"href":"http:\/\/nuevacordoba.net\/index.php\/wp-json\/wp\/v2\/media?parent=39354"}],"wp:term":[{"taxonomy":"category","embeddable":true,"href":"http:\/\/nuevacordoba.net\/index.php\/wp-json\/wp\/v2\/categories?post=39354"},{"taxonomy":"post_tag","embeddable":true,"href":"http:\/\/nuevacordoba.net\/index.php\/wp-json\/wp\/v2\/tags?post=39354"}],"curies":[{"name":"wp","href":"https:\/\/api.w.org\/{rel}","templated":true}]}}