{"id":39362,"date":"2023-11-30T12:37:17","date_gmt":"2023-11-30T12:37:17","guid":{"rendered":"http:\/\/cordobanewsnet.wordpress.com\/?p=8575"},"modified":"2023-11-30T12:37:17","modified_gmt":"2023-11-30T12:37:17","slug":"anuncian-paro-de-interurbanos-para-este-viernes-en-cordoba","status":"publish","type":"post","link":"http:\/\/nuevacordoba.net\/index.php\/2023\/11\/30\/anuncian-paro-de-interurbanos-para-este-viernes-en-cordoba\/","title":{"rendered":"Anuncian paro de interurbanos para este viernes en C\u00f3rdoba"},"content":{"rendered":"<div><img src=\"http:\/\/nuevacordoba.net\/wp-content\/uploads\/2023\/11\/anuncian-paro-de-interurbanos-para-este-viernes-en-cordoba.jpg\" class=\"ff-og-image-inserted\"><\/div>\n<p>Los choferes del&nbsp;transporte interurbano&nbsp;de C\u00f3rdoba anunciaron un&nbsp;<strong>paro total<\/strong>&nbsp;de actividades para&nbsp;<strong>este viernes<\/strong>, tras concluir sin \u00e9xito el proceso de conciliaci\u00f3n obligatoria en el marco de un conflicto salarial.<\/p>\n<p>A trav\u00e9s de un comunicado difundido este mi\u00e9rcoles a la noche, la Asociaci\u00f3n Obrera de la Industria del Transporte Automotor (AOITA) inform\u00f3 que la medida de fuerza comenzar\u00e1 a partir del \u201cprimer minuto del viernes&nbsp;<strong>1 de diciembre<\/strong>\u201d y tendr\u00e1 una duraci\u00f3n de&nbsp;<strong>24 horas<\/strong>.<\/p>\n<p>\u201cLamentablemente, a pesar de los m\u00faltiples esfuerzos realizados por nuestra organizaci\u00f3n sindical, comunicamos que no se ha formalizado ni una sola propuesta de incremento salarial factible de ser analizada\u201d, reza el texto.&nbsp;<\/p>\n<p>ANTICIPO DE CADENA 3<\/p>\n<h2 class=\"wp-block-heading\"><\/h2>\n<p>En ese marco, el gremio inst\u00f3 a los empresarios a concretar un ofrecimiento de aumento salarial que \u201cresguarde los haberes de los trabajadores del sector frente al fuerte proceso inflacionario\u201d del pa\u00eds.<\/p>\n<p>En di\u00e1logo con&nbsp;<strong>Cadena 3<\/strong>, el secretario gremial de AOITA,&nbsp;<strong>Claudio Luna<\/strong>, dijo que la protesta se defini\u00f3 porque no hubo \u201cni una propuesta\u201d de aumento salarial.&nbsp;<\/p>\n<p>Este jueves, a las 7, dirigentes del sindicato estar\u00e1n en la terminal de \u00f3mnibus de la capital cordobesa, donde brindar\u00e1n detalles sobre el paro.<\/p>\n<div id=\"jp-post-flair\" class=\"sharedaddy sd-like-enabled sd-sharing-enabled\">\n<div class=\"sharedaddy sd-sharing-enabled\">\n<div class=\"robots-nocontent sd-block sd-social sd-social-icon-text sd-sharing\">\n<h3 class=\"sd-title\">Share this:<\/h3>\n<\/div>\n<\/div>\n<div class=\"sharedaddy sd-block sd-like jetpack-likes-widget-wrapper jetpack-likes-widget-unloaded\" id=\"like-post-wrapper-143108178-8575-656907dc2e910\" data-src=\"\/\/widgets.wp.com\/likes\/index.html?ver=20231130#blog_id=143108178&amp;post_id=8575&amp;origin=cordobanewsnet.wordpress.com&amp;obj_id=143108178-8575-656907dc2e910&amp;n=1\" data-name=\"like-post-frame-143108178-8575-656907dc2e910\" data-title=\"Me gusta o Compartir\">\n<h3 class=\"sd-title\">Me gusta esto:<\/h3>\n<p><span class=\"button\"><span>Me gusta<\/span><\/span> <span class=\"loading\">Cargando&#8230;<\/span><\/p>\n<p><span class=\"sd-text-color\"><\/span><\/div>\n<p><h3 class=\"jp-relatedposts-headline\"><em>Relacionado<\/em><\/h3>\n<\/p>\n<\/div>\n","protected":false},"excerpt":{"rendered":"<p>Los choferes del&nbsp;transporte interurbano&nbsp;de C\u00f3rdoba anunciaron un&nbsp;paro total&nbsp;de actividades para&nbsp;este viernes, tras concluir sin \u00e9xito el proceso de conciliaci\u00f3n obligatoria en el marco de un conflicto salarial. A trav\u00e9s de un comunicado difundido este mi\u00e9rcoles a la noche, la Asociaci\u00f3n Obrera de la Industria del Transporte Automotor (AOITA) inform\u00f3 que la medida de fuerza comenzar\u00e1 [&hellip;]<\/p>\n","protected":false},"author":1,"featured_media":39363,"comment_status":"closed","ping_status":"closed","sticky":false,"template":"","format":"standard","meta":[],"categories":[14],"tags":[],"_links":{"self":[{"href":"http:\/\/nuevacordoba.net\/index.php\/wp-json\/wp\/v2\/posts\/39362"}],"collection":[{"href":"http:\/\/nuevacordoba.net\/index.php\/wp-json\/wp\/v2\/posts"}],"about":[{"href":"http:\/\/nuevacordoba.net\/index.php\/wp-json\/wp\/v2\/types\/post"}],"author":[{"embeddable":true,"href":"http:\/\/nuevacordoba.net\/index.php\/wp-json\/wp\/v2\/users\/1"}],"replies":[{"embeddable":true,"href":"http:\/\/nuevacordoba.net\/index.php\/wp-json\/wp\/v2\/comments?post=39362"}],"version-history":[{"count":0,"href":"http:\/\/nuevacordoba.net\/index.php\/wp-json\/wp\/v2\/posts\/39362\/revisions"}],"wp:featuredmedia":[{"embeddable":true,"href":"http:\/\/nuevacordoba.net\/index.php\/wp-json\/wp\/v2\/media\/39363"}],"wp:attachment":[{"href":"http:\/\/nuevacordoba.net\/index.php\/wp-json\/wp\/v2\/media?parent=39362"}],"wp:term":[{"taxonomy":"category","embeddable":true,"href":"http:\/\/nuevacordoba.net\/index.php\/wp-json\/wp\/v2\/categories?post=39362"},{"taxonomy":"post_tag","embeddable":true,"href":"http:\/\/nuevacordoba.net\/index.php\/wp-json\/wp\/v2\/tags?post=39362"}],"curies":[{"name":"wp","href":"https:\/\/api.w.org\/{rel}","templated":true}]}}