{"id":39364,"date":"2023-12-01T00:17:23","date_gmt":"2023-12-01T00:17:23","guid":{"rendered":"http:\/\/nuevacordoba.net\/index.php\/2023\/12\/01\/arranco-el-rodaje-de-la-mente-del-poder-serie-con-mike-amigorena-y-diego-velazquez\/"},"modified":"2023-12-01T00:17:23","modified_gmt":"2023-12-01T00:17:23","slug":"arranco-el-rodaje-de-la-mente-del-poder-serie-con-mike-amigorena-y-diego-velazquez","status":"publish","type":"post","link":"http:\/\/nuevacordoba.net\/index.php\/2023\/12\/01\/arranco-el-rodaje-de-la-mente-del-poder-serie-con-mike-amigorena-y-diego-velazquez\/","title":{"rendered":"Arranc\u00f3 el rodaje de \u00abLa mente del poder\u00bb, serie con Mike Amigorena y Diego Vel\u00e1zquez"},"content":{"rendered":"<figure class=\"mb-3\"><img loading=\"lazy\" data-src=\"http:\/\/nuevacordoba.net\/wp-content\/uploads\/2023\/12\/arranco-el-rodaje-de-la-mente-del-poder-serie-con-mike-amigorena-y-diego-velazquez.jpg\" src=\"https:\/\/www.telam.com.ar\/assets\/img\/not_image.png\" class=\" lazy \" width=\"100%\" height=\"100%\" alt=\"La produccin de TNT y Flow todava no tiene fecha de estreno anunciada Foto archivo Julin lvarez\"><figcaption> La producci\u00f3n de TNT y Flow todav\u00eda no tiene fecha de estreno anunciada \/ Foto: archivo Juli\u00e1n \u00c1lvarez. <\/figcaption><\/figure>\n<p>La serie de suspenso policial \u00abLa mente del poder\u00bb arranc\u00f3 su rodaje con el protag\u00f3nico de Mike Amigorena y Diego Vel\u00e1zquez.<\/p>\n<p>La serie cuenta <strong>la historia de Marcos Dorrego<\/strong>, un psic\u00f3logo que atraviesa una gran crisis personal: <strong>dos a\u00f1os atr\u00e1s enviud\u00f3 <\/strong>y hoy <strong>se convirti\u00f3 en un hombre autodestructivo y solitario<\/strong>, con problemas de <strong>adicciones <\/strong>y una <strong>mala relaci\u00f3n con su hija <\/strong>Sof\u00eda.<\/p>\n<p>Ante su necesidad de salir de esta oscuridad, <strong>decide dejar de analizar a un paciente muy importante<\/strong>, V\u00edctor Noriega,<strong> quien acaba de asumir como presidente de la naci\u00f3n.<\/strong><\/p>\n<p>La <strong>producci\u00f3n de TNT y Flow<\/strong> cuenta en el elenco con Elena Roger, Rita Cortese, Michel Noher, Eleonora Wexler, Antonia Bengochea, y Carla Pandolfi.<\/p>\n<p>La serie de ocho episodios es<strong> dirigida por Mariano Hueter<\/strong>, creada y <strong>producida por Pablo Flores y Nicol\u00e1s Mellino <\/strong>y todav\u00eda no tiene fecha de estreno anunciada. <\/p>\n","protected":false},"excerpt":{"rendered":"<p>La producci\u00f3n de TNT y Flow todav\u00eda no tiene fecha de estreno anunciada \/ Foto: archivo Juli\u00e1n \u00c1lvarez. La serie de suspenso policial \u00abLa mente del poder\u00bb arranc\u00f3 su rodaje con el protag\u00f3nico de Mike Amigorena y Diego Vel\u00e1zquez. La serie cuenta la historia de Marcos Dorrego, un psic\u00f3logo que atraviesa una gran crisis personal: [&hellip;]<\/p>\n","protected":false},"author":1,"featured_media":39365,"comment_status":"closed","ping_status":"closed","sticky":false,"template":"","format":"standard","meta":[],"categories":[9],"tags":[],"_links":{"self":[{"href":"http:\/\/nuevacordoba.net\/index.php\/wp-json\/wp\/v2\/posts\/39364"}],"collection":[{"href":"http:\/\/nuevacordoba.net\/index.php\/wp-json\/wp\/v2\/posts"}],"about":[{"href":"http:\/\/nuevacordoba.net\/index.php\/wp-json\/wp\/v2\/types\/post"}],"author":[{"embeddable":true,"href":"http:\/\/nuevacordoba.net\/index.php\/wp-json\/wp\/v2\/users\/1"}],"replies":[{"embeddable":true,"href":"http:\/\/nuevacordoba.net\/index.php\/wp-json\/wp\/v2\/comments?post=39364"}],"version-history":[{"count":0,"href":"http:\/\/nuevacordoba.net\/index.php\/wp-json\/wp\/v2\/posts\/39364\/revisions"}],"wp:featuredmedia":[{"embeddable":true,"href":"http:\/\/nuevacordoba.net\/index.php\/wp-json\/wp\/v2\/media\/39365"}],"wp:attachment":[{"href":"http:\/\/nuevacordoba.net\/index.php\/wp-json\/wp\/v2\/media?parent=39364"}],"wp:term":[{"taxonomy":"category","embeddable":true,"href":"http:\/\/nuevacordoba.net\/index.php\/wp-json\/wp\/v2\/categories?post=39364"},{"taxonomy":"post_tag","embeddable":true,"href":"http:\/\/nuevacordoba.net\/index.php\/wp-json\/wp\/v2\/tags?post=39364"}],"curies":[{"name":"wp","href":"https:\/\/api.w.org\/{rel}","templated":true}]}}